{"id":171493,"date":"2024-08-27T15:18:23","date_gmt":"2024-08-27T19:18:23","guid":{"rendered":"https:\/\/sportseco.com\/?p=171493"},"modified":"2024-08-27T15:18:26","modified_gmt":"2024-08-27T19:18:26","slug":"van-aert-suma-la-tercera-en-baiona","status":"publish","type":"post","link":"https:\/\/sportseco.com\/?p=171493","title":{"rendered":"Van Aert suma la tercera en Baiona"},"content":{"rendered":"\n<p>La Vuelta 2024&nbsp;|&nbsp;Etapa 10&nbsp;|&nbsp;Ponteareas &gt; Baiona<\/p>\n\n\n\n<p><strong>Wout van Aert (Visma-Lease a Bike) sigue intratable en La Vuelta 24 y ha sumado este martes su tercer triunfo en la 10\u00aa etapa. Despu\u00e9s de una primera semana en los que hab\u00eda sumado dos triunfos al sprint en Castelo Branco y C\u00f3rdoba, el belga ha apostado por la fuga en una exigente etapa de media monta\u00f1a entre Ponteareas y Baiona y ha logrado gestionar con solvencia la carrera para batir en la meta al franc\u00e9s Quentin Pacher (Groupama-FDJ), que le ha acompa\u00f1ado en su ataque decisivo a 31 kil\u00f3metros de meta para anticiparse a sus potentes rivales. A 5\u201931\u201d entraba el grupo de favoritos, donde no ha habido movimientos destacables que inquietaran el liderato de Ben O\u2019Connor (Decathlon-Ag2r La Mondiale), que vestir\u00e1 un d\u00eda m\u00e1s con La Roja en Galicia.<\/strong><\/p>\n\n\n\n<figure class=\"wp-block-image\"><a href=\"https:\/\/www.dailymotion.com\/embed\/video\/x94pfde?autoplay=1\" target=\"_blank\" rel=\"noreferrer noopener\"><img decoding=\"async\" src=\"https:\/\/img.aso.fr\/core_app\/img-cycling-vue-jpg\/video\/22841\/0:0,1280:720-1200-0-70\/a44af\" alt=\"\"\/><\/a><figcaption class=\"wp-element-caption\">La Pel\u00edcula &#8211; Etapa 10 &#8211; La Vuelta 2024<\/figcaption><\/figure>\n\n\n\n<p>160 corredores han tomado la salida de esta Ponteareas para poner en marcha la segunda semana de competici\u00f3n en La Vuelta 24, que arrancaba con una etapa de media monta\u00f1a por tierras gallegas con m\u00e1s de 3.000 metros de desnivel acumulado y final en Baiona tras 159,6 kil\u00f3metros.<\/p>\n\n\n\n<p>Ha tenido que pasar pr\u00e1cticamente la mitad de etapa para que se diera por buena una escapada de cinco corredores, formada por Marc Soler (UAE Team Emirates), Wout van Aert (Visma-Lease a Bike) y William Junior Lecerf (T-Rex Quick Step), que se destacaron a 2 kil\u00f3metros de la cima del primer puerto del d\u00eda, el Alto de Fonfr\u00eda (2\u00aa categor\u00eda), junto con Juri Hollmann (Alpecin-Deceuninck) y Quentin Pacher (Groupama-FDJ) han llegado a su altura tras el descenso, en el kil\u00f3metro 46 de etapa. En el pelot\u00f3n no llegaba la tregua y se han vivido cerca de una treintena m\u00e1s de kil\u00f3metros de lucha en los que el veterano Alessandro De Marchi (Jayco-AlUla) ha llegado a estar a 30 segundos de los cinco fugados, pero no ha podido llegar a su altura y ha se ha rendido cuando la etapa llegaba a su ecuador.<\/p>\n\n\n\n<p><strong>Van Aert se anticipa en el sprint intermedio<\/strong><\/p>\n\n\n\n<p>Llegaba entonces el encadenado final de tres puertos que presumiblemente deb\u00eda marcar la etapa y que en un primer momento se ha vivido con calma. Tras superar el Alto de Vilach\u00e1n (3\u00aa categor\u00eda), se entraban en los \u00faltimos 50 kil\u00f3metros de etapa con una ventaja m\u00e1xima de los cinco escapados de cerca de 6 minutos, lo que todo parec\u00eda indicar que ten\u00edan opciones de jugarse la victoria. El equipo Red Bull-Bora-Hansgrohe ha enfilado el pelot\u00f3n con un fuerte ritmo camino del Alto de Mabia (2\u00aa categor\u00eda), pero finalmente no ha habido movimientos relevantes.<\/p>\n\n\n\n<p>Toda la atenci\u00f3n estaba centrada en la subida al Alto de Moug\u00e1s (1\u00aa categor\u00eda), el puerto m\u00e1s duro de la jornada coronado a 20 kil\u00f3metros de la l\u00ednea de meta, pero Wout van Aert (Visma-Lease a Bike) ha decidido anticiparse con un movimiento antes del sprint intermedio A Barroca. Su cambio de ritmo a poco m\u00e1s de 31 kil\u00f3metros de la l\u00ednea de meta ha cogido con la guardia baja a sus compa\u00f1eros de fuga, y solamente el franc\u00e9s Quentin Pacher (Groupama-FDJ) ha seguido la rueda del belga para empezar a colaborar con \u00e9l y encarar la lucha por el triunfo de etapa en Baiona.<\/p>\n\n\n\n<p>El franc\u00e9s ha intentado sorprender a Van Aert a 1,5 kil\u00f3metros de la l\u00ednea de meta, pero el belga, vestido con su maillot verde, le ha alcanzado con facilidad para batir a Pacher en la meta de Baiona y sumar as\u00ed su tercer triunfo en La Vuelta 24 y su 12\u00aa victoria en Grandes Vueltas a lo largo de su carrera. A 5\u201931\u201d entraba el grupo del l\u00edder Ben O\u2019Connor (Decathlon Ag2r La Mondiale), que despu\u00e9s de un d\u00eda sin grandes retos continuar\u00e1 su defensa del liderato en la 11\u00aa etapa, donde se recorrer\u00e1n 166,4 kil\u00f3metros con cuatro puertos de monta\u00f1a en el recorrido con salida y llegada en el Campus Tecnol\u00f3gico Cortizo de Padr\u00f3n.<\/p>\n\n\n\n<figure class=\"wp-block-image\"><a href=\"https:\/\/img.aso.fr\/core_app\/img-cycling-vue-jpg\/header-e10-arrivee\/22809\/0:0,2000:890-1200-0-70\/33aaf\"><img decoding=\"async\" src=\"https:\/\/img.aso.fr\/core_app\/img-cycling-vue-jpg\/header-e10-arrivee\/22809\/0:0,2000:890-2400-0-70\/7f2f2\" alt=\"La Vuelta 2024 - 79th Edition - 10th stage - Ponteareas - Baiona 160 km - 27\/08\/2024 - Wout Van Aert (BEL - Team Visma - Lease a Bike) - photo Rafa Gomez\/SprintCyclingAgency\u00a92024\"\/><\/a><figcaption class=\"wp-element-caption\">La Vuelta 2024 &#8211; 79th Edition &#8211; 10th stage &#8211; Ponteareas &#8211; Baiona 160 km &#8211; 27\/08\/2024 &#8211; Wout Van Aert (BEL &#8211; Team Visma &#8211; Lease a Bike) &#8211; photo Rafa Gomez\/SprintCyclingAgency\u00a92024 \u00a9 SprintCyclingAgency\u00a92024<\/figcaption><\/figure>\n\n\n\n<p><\/p>\n\n\n\n<p>lavuelta.es<\/p>\n","protected":false},"excerpt":{"rendered":"<p>La Vuelta 2024&nbsp;|&nbsp;Etapa 10&nbsp;|&nbsp;Ponteareas &gt; Baiona Wout van Aert (Visma-Lease a Bike) sigue intratable en La Vuelta 24 y ha sumado este martes su tercer triunfo en la 10\u00aa etapa. Despu\u00e9s de una primera semana en los que hab\u00eda sumado dos triunfos al sprint en Castelo Branco y C\u00f3rdoba, el belga ha apostado por la [&hellip;]<\/p>\n","protected":false},"author":1,"featured_media":171494,"comment_status":"closed","ping_status":"closed","sticky":false,"template":"","format":"standard","meta":{"_acf_changed":false,"_jetpack_memberships_contains_paid_content":false,"footnotes":"","jetpack_publicize_message":"","jetpack_publicize_feature_enabled":true,"jetpack_social_post_already_shared":true,"jetpack_social_options":{"image_generator_settings":{"template":"highway","default_image_id":0,"font":"","enabled":false},"version":2}},"categories":[1],"tags":[],"class_list":["post-171493","post","type-post","status-publish","format-standard","has-post-thumbnail","hentry","category-uncategorized"],"acf":[],"jetpack_publicize_connections":[],"jetpack_featured_media_url":"https:\/\/i0.wp.com\/sportseco.com\/wp-content\/uploads\/2024\/08\/7f2f2.jpeg?fit=2400%2C1068&ssl=1","jetpack_sharing_enabled":true,"_links":{"self":[{"href":"https:\/\/sportseco.com\/index.php?rest_route=\/wp\/v2\/posts\/171493","targetHints":{"allow":["GET"]}}],"collection":[{"href":"https:\/\/sportseco.com\/index.php?rest_route=\/wp\/v2\/posts"}],"about":[{"href":"https:\/\/sportseco.com\/index.php?rest_route=\/wp\/v2\/types\/post"}],"author":[{"embeddable":true,"href":"https:\/\/sportseco.com\/index.php?rest_route=\/wp\/v2\/users\/1"}],"replies":[{"embeddable":true,"href":"https:\/\/sportseco.com\/index.php?rest_route=%2Fwp%2Fv2%2Fcomments&post=171493"}],"version-history":[{"count":1,"href":"https:\/\/sportseco.com\/index.php?rest_route=\/wp\/v2\/posts\/171493\/revisions"}],"predecessor-version":[{"id":171495,"href":"https:\/\/sportseco.com\/index.php?rest_route=\/wp\/v2\/posts\/171493\/revisions\/171495"}],"wp:featuredmedia":[{"embeddable":true,"href":"https:\/\/sportseco.com\/index.php?rest_route=\/wp\/v2\/media\/171494"}],"wp:attachment":[{"href":"https:\/\/sportseco.com\/index.php?rest_route=%2Fwp%2Fv2%2Fmedia&parent=171493"}],"wp:term":[{"taxonomy":"category","embeddable":true,"href":"https:\/\/sportseco.com\/index.php?rest_route=%2Fwp%2Fv2%2Fcategories&post=171493"},{"taxonomy":"post_tag","embeddable":true,"href":"https:\/\/sportseco.com\/index.php?rest_route=%2Fwp%2Fv2%2Ftags&post=171493"}],"curies":[{"name":"wp","href":"https:\/\/api.w.org\/{rel}","templated":true}]}}