{"id":171508,"date":"2024-08-27T18:18:35","date_gmt":"2024-08-27T22:18:35","guid":{"rendered":"https:\/\/sportseco.com\/?p=171508"},"modified":"2024-08-27T18:18:39","modified_gmt":"2024-08-27T22:18:39","slug":"la-tenencia-responsable-de-mascotas-es-tambien-cultura-ciudadana","status":"publish","type":"post","link":"https:\/\/sportseco.com\/?p=171508","title":{"rendered":"La tenencia responsable de mascotas es tambi\u00e9n cultura ciudadana"},"content":{"rendered":"\n<p>Con la estrategia Paz y Cultura Interespecie, la Secretar\u00eda de Paz y Cultura Ciudadana de Cali particip\u00f3 en el \u2018Festival de la Armon\u00eda y la Reconciliaci\u00f3n por el Territorio y el Medio Ambiente\u2019, que se realiz\u00f3 en la Comuna I.<\/p>\n\n\n\n<blockquote class=\"wp-block-quote is-layout-flow wp-block-quote-is-layout-flow\">\n<ul class=\"wp-block-list\">\n<li><em>Los problemas y\u00a0discrepancias que se originan por la incorrecta disposici\u00f3n o manejo de las heces de las mascotas,\u00a0ocupan el segundo lugar de mayor queja ciudadana en la l\u00ednea 123, despu\u00e9s del\u00a0exceso de ruido.<\/em><br \/>\u00a0<\/li>\n\n\n\n<li><em>La tenencia responsable de mascotas es un compromiso que se adquiere y tambi\u00e9n una\u00a0pr\u00e1ctica\u00a0de armon\u00eda con el entorno,\u00a0inmersa en la Pol\u00edtica P\u00fablica de Cultura Ciudadana.<\/em><br \/>\u00a0<\/li>\n\n\n\n<li><em>La Secretar\u00eda de Paz y Cultura Ciudadana de Cali estuvo presente en el \u2018Festival de la Armon\u00eda y la Reconciliaci\u00f3n por el Territorio y el Medio Ambiente\u2019, que se realiz\u00f3 en la Comuna 1.<\/em><\/li>\n<\/ul>\n<\/blockquote>\n\n\n\n<p><strong>Santiago de Cali, 27 de agosto de 2024<\/strong><br \/><br \/>La tenencia responsable de mascotas\u00a0implica\u00a0la garant\u00eda de cubrir sus necesidades\u00a0b\u00e1sicas\u00a0como\u00a0<em>alimentaci\u00f3n, bebida, techo, recreo,\u00a0atenci\u00f3n veterinaria\u00a0y libertad de movimiento<\/em>, entre otras.\u00a0La\u00a0<em>Pol\u00edtica P\u00fablica de Cultura Ciudadana<\/em>\u00a0habla tambi\u00e9n de la\u00a0<em>armon\u00eda con el\u00a0entorno<\/em>,\u00a0es decir, una buena\u00a0relaci\u00f3n\u00a0con la comunidad,\u00a0los animales y el medio ambiente.\u00a0<br \/><br \/>En ese contexto, la\u00a0Secretar\u00eda de Paz y Cultura Ciudadana\u00a0Distrital realiza procesos de sensibilizaci\u00f3n sobre este tema\u00a0en todas las comunas de Cali. Recientemente el organismo hizo presencia\u00a0en\u00a0el\u00a0<em>\u2018Festival de la Armon\u00eda y la Reconciliaci\u00f3n por el Territorio y el Medio Ambiente\u2019<\/em>,\u00a0que se realiz\u00f3 en la Comuna 1.\u00a0<br \/><br \/><br \/><strong>Pedagog\u00eda con la comunidad del sector<\/strong><br \/><br \/>Tulio Concha,\u00a0habitante de la zona,\u00a0asisti\u00f3 al\u00a0<em>Festival<\/em>\u00a0y a la presentaci\u00f3n\u00a0realizada por la\u00a0Secretar\u00eda de Paz y Cultura Ciudadana. Es due\u00f1o de una mascota\u00a0y aunque dispone siempre las heces de su perro en una bolsa, desconoc\u00eda el proceso adecuado con el uso de la cal.\u00a0<br \/><br \/>\u201c<em>Esta charla estuvo magn\u00edfica; hay que entender que los responsables\u00a0del cuidado de una mascota\u00a0somos nosotros.\u00a0El error no es de los perritos\u00a0sino\u00a0del due\u00f1o o due\u00f1a, porque si no\u00a0le recojo sus cosas, genero una problem\u00e1tica. Si\u00a0una persona pisa las heces, se llena de rabia y ah\u00ed se comienzan a generar los conflictos y las problem\u00e1ticas sociales. Hace falta cultura en esto y es importante que la cultura ciudadana haga parte de nuestras vidas<\/em>\u201d, recalc\u00f3 don Tulio.\u00a0<br \/><br \/>Fulvia Medina, tambi\u00e9n habitante de Terr\u00f3n Colorado, particip\u00f3 de la charla y\u00a0coment\u00f3 que\u00a0la comunidad es el mejor\u00a0altavoz\u00a0de la cultura ciudadana. \u201c<em>Es que uno a su vez\u00a0pasa\u00a0los conocimientos\u00a0a la familia y vecinos. Qu\u00e9 bueno que todo el mundo se apoderara de estas t\u00e9cnicas y\u00a0as\u00ed\u00a0nos convertimos en ejemplo\u00a0para\u00a0los dem\u00e1s. Esta ser\u00eda una buena\u00a0manera de lograr que nuestra ciudad est\u00e9 limpia<\/em>\u201d, expres\u00f3.\u00a0<br \/><br \/><strong>T\u00e9ngalo muy en cuenta\u2026<\/strong><br \/><br \/>La no recolecci\u00f3n de las heces de una mascota o su indebida disposici\u00f3n,\u00a0puede acarrear multas\u00a0de hasta\u00a0cuatro\u00a0<em>salarios m\u00ednimos diarios legales vigentes<\/em>\u00a0(<em>SMDLV<\/em>), es decir, 173.733 pesos,\u00a0cifra que corresponde al 2024.\u00a0<\/p>\n","protected":false},"excerpt":{"rendered":"<p>Con la estrategia Paz y Cultura Interespecie, la Secretar\u00eda de Paz y Cultura Ciudadana de Cali particip\u00f3 en el \u2018Festival de la Armon\u00eda y la Reconciliaci\u00f3n por el Territorio y el Medio Ambiente\u2019, que se realiz\u00f3 en la Comuna I. Santiago de Cali, 27 de agosto de 2024 La tenencia responsable de mascotas\u00a0implica\u00a0la garant\u00eda de [&hellip;]<\/p>\n","protected":false},"author":1,"featured_media":171509,"comment_status":"closed","ping_status":"closed","sticky":false,"template":"","format":"standard","meta":{"_acf_changed":false,"_jetpack_memberships_contains_paid_content":false,"footnotes":"","jetpack_publicize_message":"","jetpack_publicize_feature_enabled":true,"jetpack_social_post_already_shared":true,"jetpack_social_options":{"image_generator_settings":{"template":"highway","default_image_id":0,"font":"","enabled":false},"version":2}},"categories":[6],"tags":[],"class_list":["post-171508","post","type-post","status-publish","format-standard","has-post-thumbnail","hentry","category-ecologia"],"acf":[],"jetpack_publicize_connections":[],"jetpack_featured_media_url":"https:\/\/i0.wp.com\/sportseco.com\/wp-content\/uploads\/2024\/08\/thgaleria_700X400_307922.jpg?fit=533%2C400&ssl=1","jetpack_sharing_enabled":true,"_links":{"self":[{"href":"https:\/\/sportseco.com\/index.php?rest_route=\/wp\/v2\/posts\/171508","targetHints":{"allow":["GET"]}}],"collection":[{"href":"https:\/\/sportseco.com\/index.php?rest_route=\/wp\/v2\/posts"}],"about":[{"href":"https:\/\/sportseco.com\/index.php?rest_route=\/wp\/v2\/types\/post"}],"author":[{"embeddable":true,"href":"https:\/\/sportseco.com\/index.php?rest_route=\/wp\/v2\/users\/1"}],"replies":[{"embeddable":true,"href":"https:\/\/sportseco.com\/index.php?rest_route=%2Fwp%2Fv2%2Fcomments&post=171508"}],"version-history":[{"count":1,"href":"https:\/\/sportseco.com\/index.php?rest_route=\/wp\/v2\/posts\/171508\/revisions"}],"predecessor-version":[{"id":171510,"href":"https:\/\/sportseco.com\/index.php?rest_route=\/wp\/v2\/posts\/171508\/revisions\/171510"}],"wp:featuredmedia":[{"embeddable":true,"href":"https:\/\/sportseco.com\/index.php?rest_route=\/wp\/v2\/media\/171509"}],"wp:attachment":[{"href":"https:\/\/sportseco.com\/index.php?rest_route=%2Fwp%2Fv2%2Fmedia&parent=171508"}],"wp:term":[{"taxonomy":"category","embeddable":true,"href":"https:\/\/sportseco.com\/index.php?rest_route=%2Fwp%2Fv2%2Fcategories&post=171508"},{"taxonomy":"post_tag","embeddable":true,"href":"https:\/\/sportseco.com\/index.php?rest_route=%2Fwp%2Fv2%2Ftags&post=171508"}],"curies":[{"name":"wp","href":"https:\/\/api.w.org\/{rel}","templated":true}]}}