{"id":171518,"date":"2024-08-27T19:02:06","date_gmt":"2024-08-27T23:02:06","guid":{"rendered":"https:\/\/sportseco.com\/?p=171518"},"modified":"2024-08-27T19:02:11","modified_gmt":"2024-08-27T23:02:11","slug":"autoridades-de-brasil-emiten-alerta-maxima-por-incendios-en-sao-paulo","status":"publish","type":"post","link":"https:\/\/sportseco.com\/?p=171518","title":{"rendered":"Autoridades de Brasil emiten alerta m\u00e1xima por incendios en Sao Paulo"},"content":{"rendered":"\n<p><a href=\"https:\/\/www.facebook.com\/sharer\/sharer.php?u=https:\/\/cnn.it\/4cGomaf\" target=\"_blank\" rel=\"noreferrer noopener\"><\/a><a href=\"mailto:?&amp;body=Autoridades%20de%20Brasil%20emiten%20alerta%20m%C3%A1xima%20por%20incendios%20en%20Sao%20Paulo+https:\/\/cnn.it\/4cGomaf\" target=\"_blank\" rel=\"noreferrer noopener\"><\/a><a href=\"https:\/\/cnnespanol.cnn.com\/2024\/08\/26\/autoridades-brasil-alerta-maxima-incendios-sao-paulo-orix\/#\"><\/a><\/p>\n\n\n\n<p><a href=\"https:\/\/www.facebook.com\/sharer\/sharer.php?u=https:\/\/cnn.it\/4cGomaf\" target=\"_blank\" rel=\"noreferrer noopener\"><\/a><a href=\"mailto:?&amp;body=Autoridades%20de%20Brasil%20emiten%20alerta%20m%C3%A1xima%20por%20incendios%20en%20Sao%20Paulo+https:\/\/cnn.it\/4cGomaf\" target=\"_blank\" rel=\"noreferrer noopener\"><\/a><a href=\"https:\/\/cnnespanol.cnn.com\/2024\/08\/26\/autoridades-brasil-alerta-maxima-incendios-sao-paulo-orix\/#\"><\/a>Lula da Silva se\u00f1ala que algunas personas han provocado incendios ilegalmente en Brasil&nbsp;0:29<\/p>\n\n\n\n<p><strong>(CNN Espa\u00f1ol) &#8212;<\/strong>&nbsp;Al menos 2.191 incendios se registraron entre el viernes y el s\u00e1bado en el estado de Sao Paulo, donde 46 municipios est\u00e1n en alerta m\u00e1xima, inform\u00f3 el Ministerio de Medio Ambiente y Cambio Clim\u00e1tico en su cuenta de X.<\/p>\n\n\n\n<p>Marina Silva, titular del Ministerio, asegur\u00f3 este domingo que sospechan que los incendios fueron causados por acciones criminales y que la Polic\u00eda Federal ya investiga los hechos.<\/p>\n\n\n\n<p>El presidente de Brasil, Luiz In\u00e1cio Lula da Silva, dijo sobre el tema que \u00abno se ha detectado ning\u00fan incendio por causas naturales. Quiere decir que hay personas provocando incendios ilegalmente\u00bb.<\/p>\n\n\n\n<p>Piracicaba, Barrinha, Sert\u00e3ozinho y Ribeir\u00e3o Preto son algunos de los lugares m\u00e1s afectados, de acuerdo con informaci\u00f3n del gobernador del estado, Tarc\u00edsio Gomes de Freitas.<\/p>\n\n\n\n<h1 class=\"wp-block-heading\">Brasil despliega aviones militares para combatir incendios forestales en Sao Paulo<\/h1>\n\n\n\n<p><strong>Brasil ha intensificado sus esfuerzos para combatir los devastadores incendios forestales<\/strong>&nbsp;que asolan&nbsp;<a href=\"https:\/\/pluralidadz.com\/deportes\/el-balance-de-james-en-sao-paulo-la-prensa-brasilena-lo-machaca\/\" target=\"_blank\" rel=\"noreferrer noopener\">el estado de Sao Paulo<\/a>, desplegando aviones militares en una acci\u00f3n urgente para controlar las llamas.<\/p>\n\n\n\n<p>Estos incendios, que han sumido a la regi\u00f3n en un estado de emergencia, ya han causado da\u00f1os significativos, con la destrucci\u00f3n de cosechas y la p\u00e9rdida de ganado. El despliegue militar busca mitigar los efectos de los incendios, que se han extendido a m\u00e1s de 40 ciudades y han puesto en riesgo a miles de residentes.<\/p>\n\n\n\n<figure class=\"wp-block-image\"><a href=\"https:\/\/i0.wp.com\/pluralidadz.com\/wp-content\/uploads\/2024\/08\/Brasil-despliega-aviones-militares-y-declara-emergencia-en-45-ciudades-por-incendios-forestales.webp?ssl=1\"><img data-recalc-dims=\"1\" decoding=\"async\" src=\"https:\/\/i0.wp.com\/pluralidadz.com\/wp-content\/uploads\/2024\/08\/Brasil-despliega-aviones-militares-y-declara-emergencia-en-45-ciudades-por-incendios-forestales.webp?w=640&#038;ssl=1\" alt=\"Brasil despliega aviones militares y declara emergencia en 45 ciudades por incendios forestales.\" class=\"wp-image-70504\"\/><\/a><figcaption class=\"wp-element-caption\">Brasil despliega aviones militares y declara emergencia en 45 ciudades por incendios forestales.<\/figcaption><\/figure>\n\n\n\n<h2 class=\"wp-block-heading\">Medidas gubernamentales y respuesta militar<\/h2>\n\n\n\n<p><strong>El gobernador de Sao Paulo, Tarcisio de Freitas, ha declarado el estado de emergencia en 45 ciudades<\/strong>, destinando alrededor de 1,8 millones de d\u00f3lares para apoyar a los agricultores afectados.<\/p>\n\n\n\n<p>La situaci\u00f3n es cr\u00edtica en varias \u00e1reas, con ciudades como Ribeirao Preto, donde la densa capa de humo ha oscurecido el cielo, obligando a los residentes a evacuar sus hogares.<\/p>\n\n\n\n<p>Adem\u00e1s,&nbsp;<strong>dos trabajadores perdieron la vida mientras intentaban controlar las llamas<\/strong>&nbsp;en Urupes, lo que refleja la gravedad de la situaci\u00f3n.<\/p>\n\n\n\n<p>El gobierno brasile\u00f1o, bajo la direcci\u00f3n del ministro de Desarrollo Regional, Waldez G\u00f3es, ha movilizado cuatro aviones militares para combatir los incendios y monitorear las \u00e1reas afectadas.<\/p>\n\n\n\n<p><strong>Entre los aviones desplegados se encuentra un Embraer KC-390<\/strong>, una aeronave de transporte de tropas reconvertida para lanzar hasta 12.000 litros de agua sobre las zonas en llamas. Esta intervenci\u00f3n busca complementar los esfuerzos locales y proporcionar un alivio r\u00e1pido a las \u00e1reas m\u00e1s afectadas.<\/p>\n\n\n\n<p>La regi\u00f3n enfrenta una de las peores sequ\u00edas en d\u00e9cadas, lo que ha exacerbado la propagaci\u00f3n de los incendios.&nbsp;<strong>Se espera que las lluvias pronosticadas para las pr\u00f3ximas horas ayuden a controlar la situaci\u00f3n<\/strong>, pero la magnitud de los incendios ya ha dejado una huella significativa.<\/p>\n\n\n\n<p>Los esfuerzos combinados del gobierno local, los servicios de emergencia y las fuerzas armadas subrayan la gravedad del problema y la necesidad de una respuesta coordinada.<\/p>\n\n\n\n<p><\/p>\n\n\n\n<h2 class=\"wp-block-heading\">Impacto en las comunidades locales<\/h2>\n\n\n\n<p>La devastaci\u00f3n causada por los incendios no solo afecta a la infraestructura y el medio ambiente, sino tambi\u00e9n a las comunidades locales. Las p\u00e9rdidas agr\u00edcolas y ganaderas han dejado a muchos agricultores en una situaci\u00f3n desesperada.<\/p>\n\n\n\n<p>La r\u00e1pida acci\u00f3n del gobierno, que incluye la provisi\u00f3n de fondos para ayudar a los afectados, es crucial para la recuperaci\u00f3n de estas comunidades. Sin embargo, la situaci\u00f3n sigue siendo tensa, y la llegada de lluvias ser\u00e1 un factor determinante en los pr\u00f3ximos d\u00edas.<\/p>\n\n\n\n<p><\/p>\n\n\n\n<p>pluralidadz.com<\/p>\n","protected":false},"excerpt":{"rendered":"<p>Lula da Silva se\u00f1ala que algunas personas han provocado incendios ilegalmente en Brasil&nbsp;0:29 (CNN Espa\u00f1ol) &#8212;&nbsp;Al menos 2.191 incendios se registraron entre el viernes y el s\u00e1bado en el estado de Sao Paulo, donde 46 municipios est\u00e1n en alerta m\u00e1xima, inform\u00f3 el Ministerio de Medio Ambiente y Cambio Clim\u00e1tico en su cuenta de X. Marina [&hellip;]<\/p>\n","protected":false},"author":1,"featured_media":171519,"comment_status":"closed","ping_status":"closed","sticky":false,"template":"","format":"standard","meta":{"_acf_changed":false,"_jetpack_memberships_contains_paid_content":false,"footnotes":"","jetpack_publicize_message":"","jetpack_publicize_feature_enabled":true,"jetpack_social_post_already_shared":true,"jetpack_social_options":{"image_generator_settings":{"template":"highway","default_image_id":0,"font":"","enabled":false},"version":2}},"categories":[1],"tags":[],"class_list":["post-171518","post","type-post","status-publish","format-standard","has-post-thumbnail","hentry","category-uncategorized"],"acf":[],"jetpack_publicize_connections":[],"jetpack_featured_media_url":"https:\/\/i0.wp.com\/sportseco.com\/wp-content\/uploads\/2024\/08\/incendios-sao-paulo-brasil.webp?fit=1200%2C675&ssl=1","jetpack_sharing_enabled":true,"_links":{"self":[{"href":"https:\/\/sportseco.com\/index.php?rest_route=\/wp\/v2\/posts\/171518","targetHints":{"allow":["GET"]}}],"collection":[{"href":"https:\/\/sportseco.com\/index.php?rest_route=\/wp\/v2\/posts"}],"about":[{"href":"https:\/\/sportseco.com\/index.php?rest_route=\/wp\/v2\/types\/post"}],"author":[{"embeddable":true,"href":"https:\/\/sportseco.com\/index.php?rest_route=\/wp\/v2\/users\/1"}],"replies":[{"embeddable":true,"href":"https:\/\/sportseco.com\/index.php?rest_route=%2Fwp%2Fv2%2Fcomments&post=171518"}],"version-history":[{"count":1,"href":"https:\/\/sportseco.com\/index.php?rest_route=\/wp\/v2\/posts\/171518\/revisions"}],"predecessor-version":[{"id":171520,"href":"https:\/\/sportseco.com\/index.php?rest_route=\/wp\/v2\/posts\/171518\/revisions\/171520"}],"wp:featuredmedia":[{"embeddable":true,"href":"https:\/\/sportseco.com\/index.php?rest_route=\/wp\/v2\/media\/171519"}],"wp:attachment":[{"href":"https:\/\/sportseco.com\/index.php?rest_route=%2Fwp%2Fv2%2Fmedia&parent=171518"}],"wp:term":[{"taxonomy":"category","embeddable":true,"href":"https:\/\/sportseco.com\/index.php?rest_route=%2Fwp%2Fv2%2Fcategories&post=171518"},{"taxonomy":"post_tag","embeddable":true,"href":"https:\/\/sportseco.com\/index.php?rest_route=%2Fwp%2Fv2%2Ftags&post=171518"}],"curies":[{"name":"wp","href":"https:\/\/api.w.org\/{rel}","templated":true}]}}