{"id":171527,"date":"2024-08-28T08:42:18","date_gmt":"2024-08-28T12:42:18","guid":{"rendered":"https:\/\/sportseco.com\/?p=171527"},"modified":"2024-08-28T08:42:24","modified_gmt":"2024-08-28T12:42:24","slug":"se-firma-acuerdo-entre-colombia-y-naciones-unidas-para-garantizar-la-seguridad-de-la-cop16","status":"publish","type":"post","link":"https:\/\/sportseco.com\/?p=171527","title":{"rendered":"Se firma acuerdo entre Colombia y Naciones Unidas para garantizar la seguridad de la COP16"},"content":{"rendered":"\n<figure class=\"wp-block-image\"><img data-recalc-dims=\"1\" decoding=\"async\" src=\"https:\/\/i0.wp.com\/www.minambiente.gov.co\/wp-content\/uploads\/2024\/08\/Avances-COP.jpg?w=640&#038;ssl=1\" alt=\"Se firma acuerdo entre Colombia y Naciones Unidas para garantizar la seguridad de la COP16\" title=\"Se firma acuerdo entre Colombia y Naciones Unidas para garantizar la seguridad de la COP16\"\/><\/figure>\n\n\n\n<ul class=\"wp-block-list\">\n<li>Este acuerdo se convierte en un instrumento clave de cooperaci\u00f3n y coordinaci\u00f3n de seguridad para garantizar que las reuniones en la Zona Azul se realicen en condiciones de tranquilidad.<\/li>\n\n\n\n<li>A la fecha, m\u00e1s de 150 delegaciones, cinco jefes de Estado y 85 ministros de Ambiente del mundo han confirmado su participaci\u00f3n en esta cumbre de biodiversidad.<\/li>\n\n\n\n<li>El acto inaugural de la COP16, la cumbre de biodiversidad m\u00e1s importante del mundo, se llevar\u00e1 a cabo el 20 de octubre en Cali.<\/li>\n<\/ul>\n\n\n\n<p><strong>Bogot\u00e1, 27 de agosto de 2024 \u2013<\/strong>&nbsp;Durante la visita de la delegaci\u00f3n de Naciones Unidas a Colombia para ultimar los preparativos en la organizaci\u00f3n de la COP16, el ministro de Relaciones Exteriores de Colombia, Luis Gilberto Murillo y el delegado de Naciones Unidas para asuntos de seguridad de la COP16, Dar\u00edo Conte, firmaron un memorando de entendimiento sobre el plan integral de seguridad que garantizar\u00e1 el \u00e9xito de este encuentro mundial.<\/p>\n\n\n\n<p>\u201cEste memorando es un anexo al acuerdo sede que incluye un componente muy importante de seguridad, donde el Ministerio de Defensa y la Polic\u00eda Nacional tienen un operativo con un General a cargo, que est\u00e1 permanentemente en Cali. Se han hecho varias visitas antes del reconocimiento por parte de la Direcci\u00f3n de Seguridad de Naciones Unidas en el marco de la COP16. Esas visitas hicieron una evaluaci\u00f3n de todos los dispositivos que ten\u00eda Colombia y esa evaluaci\u00f3n fue culminada satisfactoriamente para el pa\u00eds y por eso hoy llegamos a la firma de este memorando de entendimiento, en donde la Zona Azul est\u00e1 a cargo de Naciones Unidas y el resto del dispositivo a cargo de una coordinaci\u00f3n entre nuestras agencias de seguridad\u201d, afirm\u00f3 Murillo.<\/p>\n\n\n\n<p>Por su parte, la ministra de Ambiente y Desarrollo Sostenible, Susana Muhamad, agreg\u00f3 que, previo al inicio de la COP16, se llevar\u00e1n a cabo tres puestos de mando unificado en Bogot\u00e1, Cali y la Zona Azul (en el Centro de Eventos Valle del Pac\u00edfico) para coordinar las acciones necesarias para el desarrollo del evento.<\/p>\n\n\n\n<p>El canciller de Colombia tambi\u00e9n destac\u00f3 que, por primera vez, una COP de biodiversidad tendr\u00e1 la participaci\u00f3n de jefes de Estado, a la fecha han confirmado los mandatarios de Brasil, Panam\u00e1, Honduras, Ghana y Guinea Bis\u00e1u, adem\u00e1s de 85 ministros de Ambiente y m\u00e1s de 150 delegaciones.<\/p>\n\n\n\n<p>Adem\u00e1s, Muhamad manifest\u00f3 que esta es la \u00faltima visita de Naciones Unidas para verificar que avanza con \u00e9xito la organizaci\u00f3n de la cumbre mundial, que tendr\u00e1 su acto inaugural el pr\u00f3ximo 20 de octubre en Cali.<\/p>\n\n\n\n<p>Al respecto, la secretaria ejecutiva del Convenio sobre Diversidad Biol\u00f3gica, Astrid Schomaker, recalc\u00f3 que \u201cestamos muy contentos de ver c\u00f3mo Colombia est\u00e1 dando un paso adelante, acogiendo esta conferencia, y demostrando de hecho en qu\u00e9 consiste proteger la biodiversidad, eso es reunir a toda la sociedad y tambi\u00e9n reunir a todo el gobierno, ver c\u00f3mo el Ministerio de asuntos exteriores y el Ministerio de Ambiente se unen para preparar esta conferencia\u201d.<\/p>\n\n\n\n<p><strong>Una COP de resultados<\/strong><\/p>\n\n\n\n<p>La ministra Muhamad hizo un llamado para que esta COP16 se concentre en la implementaci\u00f3n de los acuerdos y no en seguir negociando compromisos. \u201cSe trata ahora de implementar el Marco Kunming Montreal y tomar decisiones para apoyar la implementaci\u00f3n de las metas. La COP de Cali no es un camino para seguir negociando y negociando los compromisos. Hemos hecho un acuerdo hist\u00f3rico para la protecci\u00f3n de la biodiversidad, ahora hay que generar los mecanismos de implementaci\u00f3n. Hay que crear un momentum pol\u00edtico de que las metas s\u00ed las podemos implementar y que vamos camino a ese logro. El \u00e9xito de la COP16 est\u00e1 en la implementaci\u00f3n del acuerdo\u201d, asegur\u00f3.<\/p>\n\n\n\n<p>Muhamad explic\u00f3 que es fundamental el impulso a la aplicaci\u00f3n del marco mundial para la biodiversidad, su financiaci\u00f3n y la movilizaci\u00f3n de recursos, el sistema de reparto de beneficios de los recursos gen\u00e9ticos y el plan de trabajo para los pueblos ind\u00edgenas y comunidades locales.<\/p>\n\n\n\n<p>\u201cEl Secretario General de la&nbsp;ONU&nbsp;ha hecho un llamado generalizado a estar en Paz con la Naturaleza, lo que Colombia est\u00e1 haciendo para esta COP est\u00e1 en consonancia con los esfuerzos m\u00e1s amplios de la ONU. Ahora, creemos que nuestros debates en la COP16 producir\u00e1n una serie de resultados importantes. Y esto, por supuesto, comienza demostrando que, desde la COP15, los pa\u00edses han tomado medidas y utilizando la COP16 como una oportunidad para acelerar esta acci\u00f3n\u201d, manifest\u00f3 Schomaker.<\/p>\n\n\n\n<p><\/p>\n\n\n\n<p>minambiente.gov.co<\/p>\n\n\n\n<h2 class=\"wp-block-heading\">Navegaci\u00f3n de entradas<\/h2>\n","protected":false},"excerpt":{"rendered":"<p>Bogot\u00e1, 27 de agosto de 2024 \u2013&nbsp;Durante la visita de la delegaci\u00f3n de Naciones Unidas a Colombia para ultimar los preparativos en la organizaci\u00f3n de la COP16, el ministro de Relaciones Exteriores de Colombia, Luis Gilberto Murillo y el delegado de Naciones Unidas para asuntos de seguridad de la COP16, Dar\u00edo Conte, firmaron un memorando [&hellip;]<\/p>\n","protected":false},"author":1,"featured_media":171528,"comment_status":"closed","ping_status":"closed","sticky":false,"template":"","format":"standard","meta":{"_acf_changed":false,"_jetpack_memberships_contains_paid_content":false,"footnotes":"","jetpack_publicize_message":"","jetpack_publicize_feature_enabled":true,"jetpack_social_post_already_shared":true,"jetpack_social_options":{"image_generator_settings":{"template":"highway","default_image_id":0,"font":"","enabled":false},"version":2}},"categories":[6],"tags":[],"class_list":["post-171527","post","type-post","status-publish","format-standard","has-post-thumbnail","hentry","category-ecologia"],"acf":[],"jetpack_publicize_connections":[],"jetpack_featured_media_url":"https:\/\/i0.wp.com\/sportseco.com\/wp-content\/uploads\/2024\/08\/download.png?fit=334%2C151&ssl=1","jetpack_sharing_enabled":true,"_links":{"self":[{"href":"https:\/\/sportseco.com\/index.php?rest_route=\/wp\/v2\/posts\/171527","targetHints":{"allow":["GET"]}}],"collection":[{"href":"https:\/\/sportseco.com\/index.php?rest_route=\/wp\/v2\/posts"}],"about":[{"href":"https:\/\/sportseco.com\/index.php?rest_route=\/wp\/v2\/types\/post"}],"author":[{"embeddable":true,"href":"https:\/\/sportseco.com\/index.php?rest_route=\/wp\/v2\/users\/1"}],"replies":[{"embeddable":true,"href":"https:\/\/sportseco.com\/index.php?rest_route=%2Fwp%2Fv2%2Fcomments&post=171527"}],"version-history":[{"count":1,"href":"https:\/\/sportseco.com\/index.php?rest_route=\/wp\/v2\/posts\/171527\/revisions"}],"predecessor-version":[{"id":171529,"href":"https:\/\/sportseco.com\/index.php?rest_route=\/wp\/v2\/posts\/171527\/revisions\/171529"}],"wp:featuredmedia":[{"embeddable":true,"href":"https:\/\/sportseco.com\/index.php?rest_route=\/wp\/v2\/media\/171528"}],"wp:attachment":[{"href":"https:\/\/sportseco.com\/index.php?rest_route=%2Fwp%2Fv2%2Fmedia&parent=171527"}],"wp:term":[{"taxonomy":"category","embeddable":true,"href":"https:\/\/sportseco.com\/index.php?rest_route=%2Fwp%2Fv2%2Fcategories&post=171527"},{"taxonomy":"post_tag","embeddable":true,"href":"https:\/\/sportseco.com\/index.php?rest_route=%2Fwp%2Fv2%2Ftags&post=171527"}],"curies":[{"name":"wp","href":"https:\/\/api.w.org\/{rel}","templated":true}]}}