{"id":171548,"date":"2024-08-28T11:02:45","date_gmt":"2024-08-28T15:02:45","guid":{"rendered":"https:\/\/sportseco.com\/?p=171548"},"modified":"2024-08-28T11:02:50","modified_gmt":"2024-08-28T15:02:50","slug":"el-dagma-fomenta-la-conciencia-ambiental-en-cali-21-colegios-y-15-corregimientos-han-sido-capacitados-sobre-la-cop16","status":"publish","type":"post","link":"https:\/\/sportseco.com\/?p=171548","title":{"rendered":"El Dagma fomenta la conciencia ambiental en Cali: 21 colegios y 15 corregimientos han sido capacitados sobre la COP16"},"content":{"rendered":"\n<figure class=\"wp-block-image\"><img data-recalc-dims=\"1\" decoding=\"async\" src=\"https:\/\/i0.wp.com\/www.cali.gov.co\/dagma\/publicaciones\/182617\/el-dagma-fomenta-la-conciencia-ambiental-en-cali-21-colegios-y-15-corregimientos-han-sido-capacitados-sobre-la-cop16\/info\/principal\/media\/pubInt\/thumbs\/thpub_700X400_182617.jpg?w=640&#038;ssl=1\" alt=\"El Dagma fomenta la conciencia ambiental en Cali: 21 colegios y 15 corregimientos han sido capacitados sobre la COP16\"\/><\/figure>\n\n\n\n<p>La imagen corresponde a una capacitaci\u00f3n sobre la COP16 en la Instituci\u00f3n Educativa Vicente Borrero Costa, en el barrio Alfonso L\u00f3pez.<\/p>\n\n\n\n<blockquote class=\"wp-block-quote is-layout-flow wp-block-quote-is-layout-flow\">\n<ul class=\"wp-block-list\">\n<li><em>En Cali se han capacitado 21 colegios y 15 corregimientos sobre la COP16.<\/em><\/li>\n<\/ul>\n\n\n\n<ul class=\"wp-block-list\">\n<li><em>Con siembras, capacitaciones sobre manejo de residuos y operativos de control al ruido se busca educar a la comunidad.<\/em><\/li>\n<\/ul>\n\n\n\n<ul class=\"wp-block-list\">\n<li><em>El 29 de agosto es el \u2018D\u00eda Internacional contra el Ruido\u2019 y se celebrar\u00e1 con diferentes operativos en la ciudad.<\/em><\/li>\n<\/ul>\n<\/blockquote>\n\n\n\n<p><strong>Santiago de Cali, 27 de agosto de 2024<\/strong><br \/><br \/>El Departamento Administrativo de Gesti\u00f3n del Medio Ambiente (<em>Dagma<\/em>), contin\u00faa liderando capacitaciones en colegios y comunidades de Santiago de Cali sobre temas cruciales como la&nbsp;<em>COP16<\/em>, control del ruido, manejo de residuos y siembras, todo en el marco de la protecci\u00f3n de nuestro entorno.<br \/><br \/>La&nbsp;<em>COP16<\/em>, la cumbre mundial sobre biodiversidad que tendr\u00e1 este a\u00f1o a Cali como epicentro, se ha convertido en un tema clave durante las capacitaciones. A trav\u00e9s de talleres y charlas, los estudiantes de las instituciones educativas aprenden acerca de los acuerdos internacionales y c\u00f3mo estos se traducen en acciones locales.<br \/><br \/>Hasta el momento, van 21 colegios y 15 corregimientos capacitados. La m\u00e1s reciente intervenci\u00f3n se realiz\u00f3 en la&nbsp;<em>Instituci\u00f3n Educativa Vicente Borrero Costa<\/em>, en el barrio Alfonso L\u00f3pez. La actividad busc\u00f3 empoderar a los j\u00f3venes en la adopci\u00f3n de pr\u00e1cticas sostenibles y en la comprensi\u00f3n de los retos ambientales globales.<br \/><br \/><em>\u201cEstas actividades y capacitaciones son educativas y l\u00fadicas y se ense\u00f1a qu\u00e9 significa la COP16 para Cali, Colombia y el mundo. La idea es llegar a 30 colegios y hemos estado en corregimientos como Pichind\u00e9, El Saladito, La Buitrera y El Hormiguero, entre otros, permitiendo que todos, desde los m\u00e1s peque\u00f1os hasta los adultos, tengan el mayor&nbsp; conocimiento de la cumbre mundial sobre biodiversidad\u201d<\/em>, contextualiz\u00f3 Wilmar \u00c1lvarez, l\u00edder del grupo de Calidad Ac\u00fastica del&nbsp;<em>Dagma<\/em>.<br \/><br \/><strong>Dagma celebrar\u00e1 el \u2018D\u00eda contra el Ruido\u2019<\/strong><br \/>Como parte de su labor educativa, el Departamento Administrativo de Gesti\u00f3n del Medio Ambiente se une a la celebraci\u00f3n del&nbsp;<em>\u2018D\u00eda Internacional contra el Ruido\u2019<\/em>, un evento anual que se conmemora el&nbsp;<em>29 de agosto<\/em>&nbsp;para sensibilizar a la poblaci\u00f3n sobre los efectos nocivos del ruido en la salud y el bienestar de las personas.<br \/><br \/>Durante la ma\u00f1ana y noche del jueves se har\u00e1n operativos en el norte y oriente de Cali, con diferentes intervenciones. Asimismo y en la sede principal de la autoridad ambiental local (<em>avenida 5AN # 20N-08, edificio Fuente Versalles<\/em>), se tendr\u00e1 un stand con los equipos que se utilizan parta hacer las mediciones de control al ruido en los establecimientos. La ciudadan\u00eda puede acercarse tambi\u00e9n para solicitudes o inquietudes adicionales.<br \/><br \/>Con estas iniciativas, el&nbsp;<em>Dagma<\/em>&nbsp;reafirma su compromiso con la educaci\u00f3n ambiental, promoviendo un cambio positivo en los h\u00e1bitos de la ciudadan\u00eda y fortaleciendo el v\u00ednculo entre la comunidad y el entorno natural.<\/p>\n\n\n\n<p><\/p>\n\n\n\n<p>cali.gov.co<\/p>\n","protected":false},"excerpt":{"rendered":"<p>La imagen corresponde a una capacitaci\u00f3n sobre la COP16 en la Instituci\u00f3n Educativa Vicente Borrero Costa, en el barrio Alfonso L\u00f3pez. Santiago de Cali, 27 de agosto de 2024 El Departamento Administrativo de Gesti\u00f3n del Medio Ambiente (Dagma), contin\u00faa liderando capacitaciones en colegios y comunidades de Santiago de Cali sobre temas cruciales como la&nbsp;COP16, control [&hellip;]<\/p>\n","protected":false},"author":1,"featured_media":171549,"comment_status":"closed","ping_status":"closed","sticky":false,"template":"","format":"standard","meta":{"_acf_changed":false,"_jetpack_memberships_contains_paid_content":false,"footnotes":"","jetpack_publicize_message":"","jetpack_publicize_feature_enabled":true,"jetpack_social_post_already_shared":true,"jetpack_social_options":{"image_generator_settings":{"template":"highway","default_image_id":0,"font":"","enabled":false},"version":2}},"categories":[6],"tags":[],"class_list":["post-171548","post","type-post","status-publish","format-standard","has-post-thumbnail","hentry","category-ecologia"],"acf":[],"jetpack_publicize_connections":[],"jetpack_featured_media_url":"https:\/\/i0.wp.com\/sportseco.com\/wp-content\/uploads\/2024\/08\/thpub_700X400_182617.jpg?fit=669%2C400&ssl=1","jetpack_sharing_enabled":true,"_links":{"self":[{"href":"https:\/\/sportseco.com\/index.php?rest_route=\/wp\/v2\/posts\/171548","targetHints":{"allow":["GET"]}}],"collection":[{"href":"https:\/\/sportseco.com\/index.php?rest_route=\/wp\/v2\/posts"}],"about":[{"href":"https:\/\/sportseco.com\/index.php?rest_route=\/wp\/v2\/types\/post"}],"author":[{"embeddable":true,"href":"https:\/\/sportseco.com\/index.php?rest_route=\/wp\/v2\/users\/1"}],"replies":[{"embeddable":true,"href":"https:\/\/sportseco.com\/index.php?rest_route=%2Fwp%2Fv2%2Fcomments&post=171548"}],"version-history":[{"count":1,"href":"https:\/\/sportseco.com\/index.php?rest_route=\/wp\/v2\/posts\/171548\/revisions"}],"predecessor-version":[{"id":171550,"href":"https:\/\/sportseco.com\/index.php?rest_route=\/wp\/v2\/posts\/171548\/revisions\/171550"}],"wp:featuredmedia":[{"embeddable":true,"href":"https:\/\/sportseco.com\/index.php?rest_route=\/wp\/v2\/media\/171549"}],"wp:attachment":[{"href":"https:\/\/sportseco.com\/index.php?rest_route=%2Fwp%2Fv2%2Fmedia&parent=171548"}],"wp:term":[{"taxonomy":"category","embeddable":true,"href":"https:\/\/sportseco.com\/index.php?rest_route=%2Fwp%2Fv2%2Fcategories&post=171548"},{"taxonomy":"post_tag","embeddable":true,"href":"https:\/\/sportseco.com\/index.php?rest_route=%2Fwp%2Fv2%2Ftags&post=171548"}],"curies":[{"name":"wp","href":"https:\/\/api.w.org\/{rel}","templated":true}]}}