{"id":171555,"date":"2024-08-28T15:48:00","date_gmt":"2024-08-28T19:48:00","guid":{"rendered":"https:\/\/sportseco.com\/?p=171555"},"modified":"2024-08-28T15:48:04","modified_gmt":"2024-08-28T19:48:04","slug":"connor-he-tenido-dias-mejores","status":"publish","type":"post","link":"https:\/\/sportseco.com\/?p=171555","title":{"rendered":"Connor: \u201cHe tenido d\u00edas mejores\u201d"},"content":{"rendered":"\n<p>Ben O\u2019Connor (Decathlon-Ag2r La Mondiale), l\u00edder de La Vuelta 24 tras la 11\u00aa etapa:<\/p>\n\n\n\n<p>\u201cSe puede decir que he tenido un mal momento, s\u00ed. Era un final muy explosivo, y ya habido unos cuantos chicos que han sido muy fuertes. No es el peor escenario. No soy ingenuo, hay muchos corredores que son muy peligrosos en esta carrera. He tenido d\u00edas mejores, y esta es la historia de La Vuelta para m\u00ed por ahora: un d\u00eda bueno, uno regular, uno bueno, un regular\u2026 Espero que pueda cambiar esto y que cada d\u00eda sea un buen d\u00eda\u201d.<\/p>\n\n\n\n<p><\/p>\n\n\n\n<p>lavuelta.es<\/p>\n","protected":false},"excerpt":{"rendered":"<p>Ben O\u2019Connor (Decathlon-Ag2r La Mondiale), l\u00edder de La Vuelta 24 tras la 11\u00aa etapa: \u201cSe puede decir que he tenido un mal momento, s\u00ed. Era un final muy explosivo, y ya habido unos cuantos chicos que han sido muy fuertes. No es el peor escenario. No soy ingenuo, hay muchos corredores que son muy peligrosos [&hellip;]<\/p>\n","protected":false},"author":1,"featured_media":171556,"comment_status":"closed","ping_status":"closed","sticky":false,"template":"","format":"standard","meta":{"_acf_changed":false,"_jetpack_memberships_contains_paid_content":false,"footnotes":"","jetpack_publicize_message":"","jetpack_publicize_feature_enabled":true,"jetpack_social_post_already_shared":true,"jetpack_social_options":{"image_generator_settings":{"template":"highway","default_image_id":0,"font":"","enabled":false},"version":2}},"categories":[14],"tags":[],"class_list":["post-171555","post","type-post","status-publish","format-standard","has-post-thumbnail","hentry","category-ciclismo"],"acf":[],"jetpack_publicize_connections":[],"jetpack_featured_media_url":"https:\/\/i0.wp.com\/sportseco.com\/wp-content\/uploads\/2024\/08\/08ec0.jpeg?fit=2400%2C1600&ssl=1","jetpack_sharing_enabled":true,"_links":{"self":[{"href":"https:\/\/sportseco.com\/index.php?rest_route=\/wp\/v2\/posts\/171555","targetHints":{"allow":["GET"]}}],"collection":[{"href":"https:\/\/sportseco.com\/index.php?rest_route=\/wp\/v2\/posts"}],"about":[{"href":"https:\/\/sportseco.com\/index.php?rest_route=\/wp\/v2\/types\/post"}],"author":[{"embeddable":true,"href":"https:\/\/sportseco.com\/index.php?rest_route=\/wp\/v2\/users\/1"}],"replies":[{"embeddable":true,"href":"https:\/\/sportseco.com\/index.php?rest_route=%2Fwp%2Fv2%2Fcomments&post=171555"}],"version-history":[{"count":1,"href":"https:\/\/sportseco.com\/index.php?rest_route=\/wp\/v2\/posts\/171555\/revisions"}],"predecessor-version":[{"id":171557,"href":"https:\/\/sportseco.com\/index.php?rest_route=\/wp\/v2\/posts\/171555\/revisions\/171557"}],"wp:featuredmedia":[{"embeddable":true,"href":"https:\/\/sportseco.com\/index.php?rest_route=\/wp\/v2\/media\/171556"}],"wp:attachment":[{"href":"https:\/\/sportseco.com\/index.php?rest_route=%2Fwp%2Fv2%2Fmedia&parent=171555"}],"wp:term":[{"taxonomy":"category","embeddable":true,"href":"https:\/\/sportseco.com\/index.php?rest_route=%2Fwp%2Fv2%2Fcategories&post=171555"},{"taxonomy":"post_tag","embeddable":true,"href":"https:\/\/sportseco.com\/index.php?rest_route=%2Fwp%2Fv2%2Ftags&post=171555"}],"curies":[{"name":"wp","href":"https:\/\/api.w.org\/{rel}","templated":true}]}}