{"id":171568,"date":"2024-08-28T17:52:33","date_gmt":"2024-08-28T21:52:33","guid":{"rendered":"https:\/\/sportseco.com\/?p=171568"},"modified":"2024-08-28T17:52:38","modified_gmt":"2024-08-28T21:52:38","slug":"agosto-tendria-un-aumento-normal-de-las-lluvias","status":"publish","type":"post","link":"https:\/\/sportseco.com\/?p=171568","title":{"rendered":"AGOSTO TENDR\u00cdA UN AUMENTO NORMAL DE LAS LLUVIAS"},"content":{"rendered":"\n<h2 class=\"wp-block-heading\">LA NI\u00d1A ES CADA VEZ M\u00c1S PROBABLE<\/h2>\n\n\n\n<p>La regi\u00f3n Andina, as\u00ed como ciertos sectores de la regi\u00f3n Pac\u00edfica, experimentar\u00e1n un aumento en las lluvias, con probabilidades de ocurrencia que oscilan entre el 10% y el 30%.<\/p>\n\n\n\n<p>B-183 Cali, 26 de agosto de 2024<\/p>\n\n\n\n<p>Julio forma parte de la segunda temporada de menores lluvias en la regi\u00f3n Andina y este patr\u00f3n se reflej\u00f3 en los registros de precipitaci\u00f3n del departamento y su zona de influencia (norte del Cauca). Las cuencas Amaime, El Cerrito, Zabaletas, Guabas y Guachal presentaron un d\u00e9ficit de lluvias, influyendo en los bajos caudales observados en sus r\u00edos, especialmente el Amaime y el Fraile. En el norte del departamento, particularmente en la cuenca del r\u00edo La Paila, tambi\u00e9n se evidenci\u00f3 un d\u00e9ficit de precipitaci\u00f3n. En contraste, la regi\u00f3n Pac\u00edfica mostr\u00f3 un comportamiento normal de lluvias. Los registros de lluvias diarias se concentraron principalmente al inicio del mes, influenciados por un sistema de baja presi\u00f3n ubicado en el Pac\u00edfico.<\/p>\n\n\n\n<p>El comportamiento regional fue el siguiente:<\/p>\n\n\n\n<p>\u2022&nbsp;&nbsp;&nbsp;&nbsp;En el norte, se registraron 47,3 mm de precipitaci\u00f3n acumulada, lo que corresponde a una condici\u00f3n de lluvia deficitaria del 40%.&nbsp;<br \/>\u2022&nbsp;&nbsp;&nbsp;&nbsp;En el sur, se registraron 40 mm de precipitaci\u00f3n, lo que corresponde a una condici\u00f3n de lluvia deficitaria del 18%<br \/>\u2022&nbsp;&nbsp;&nbsp;&nbsp;En la zona central, se presentaron lluvias acumuladas de 35,3 mm, lo que corresponde a una condici\u00f3n deficitaria del 40%.<br \/>\u2022&nbsp;&nbsp;&nbsp;&nbsp;En la regi\u00f3n Pac\u00edfica, se registraron 314,5 mm de lluvia, lo que corresponde a una condici\u00f3n normal de lluvias.<br \/>\u2022&nbsp;&nbsp;&nbsp;&nbsp;En la zona de influencia del norte del Cauca, se registraron precipitaciones promedio acumuladas de 75 mm y una condici\u00f3n normal de lluvias, con respecto a los promedios hist\u00f3ricos del mes de julio.<\/p>\n\n\n\n<p>Vale la pena destacar que el fen\u00f3meno de El Ni\u00f1o\/Oscilaci\u00f3n Sur fue declarado en fase de neutralidad el pasado junio, por lo que ya no est\u00e1 influyendo en el d\u00e9ficit de las precipitaciones que ven\u00eda preocupando desde 2023.<\/p>\n\n\n\n<p>Temperatura<\/p>\n\n\n\n<p>En el mes pasado, las temperaturas mostraron un comportamiento t\u00edpico de la temporada seca. Las temperaturas m\u00e1ximas se registraron en las estaciones de La Paila, Candelaria y Cascajal, alcanzando hasta 38 \u00b0C. Estas estaciones, ubicadas en el norte y centro del departamento, coincidieron con zonas de bajas precipitaciones. Durante la segunda quincena predominaron los d\u00edas secos con alta radiaci\u00f3n solar y niveles elevados de humedad, condiciones que acentuaron la aridez en gran parte de la regi\u00f3n, contribuyendo a un ambiente c\u00e1lido y seco que es com\u00fan en esta \u00e9poca del a\u00f1o.<\/p>\n\n\n\n<p>En resumen, las temperaturas promedio estuvieron en un rango entre 24\u00b0C y 28\u00b0C. Por otro lado, las temperaturas m\u00ednimas variaron entre los 17\u00b0C y los 21\u00b0C.<\/p>\n\n\n\n<p>Situaci\u00f3n de los r\u00edos<\/p>\n\n\n\n<p>Las estaciones ubicadas en los r\u00edos tributarios (Amaime, Fraile y La Paila) mostraron disminuciones en el caudal promedio, oscilando entre el 60% y el 30% con respecto a los promedios hist\u00f3ricos de julio. Los r\u00edos Guadalajara y Tulu\u00e1 presentaron incrementos de caudales entre el 10% y el 100%.<\/p>\n\n\n\n<p>Durante el inicio del pasado mes, los caudales del r\u00edo Cauca registraron valores iguales o superiores al promedio hist\u00f3rico. Este incremento se debi\u00f3 a los aportes de los diferentes tributarios. No obstante, a medida que avanz\u00f3 julio y las precipitaciones disminuyeron, se observ\u00f3 una reducci\u00f3n gradual.<\/p>\n\n\n\n<p>\u00bfVendr\u00e1 La Ni\u00f1a?<\/p>\n\n\n\n<p>A partir de octubre, es factible que se desarrolle una condici\u00f3n La Ni\u00f1a, con probabilidades crecientes de hasta un 81% para el trimestre octubre-diciembre de 2024, y un 66% para enero-marzo de 2025. El clima en Colombia durante los pr\u00f3ximos seis meses estar\u00e1 influenciado por la posible transici\u00f3n de ENOS-Neutral a La Ni\u00f1a, adem\u00e1s del ciclo estacional y las oscilaciones intraestacionales y ecuatoriales. Vale la pena recordar que la segunda temporada de lluvias tendr\u00e1 su pico entre octubre y noviembre, cesando a inicios de diciembre.<\/p>\n\n\n\n<p><br \/>Proyect\u00f3: Mauricio Guzm\u00e1n Ferraro \u2013 Comunicaciones CVC<br \/>Revis\u00f3: &nbsp;&nbsp;&nbsp;&nbsp;Irene Ayala \u2013 Red Hidroclimatol\u00f3gica CVC<br \/>&nbsp;&nbsp;&nbsp;&nbsp;Wilson Garc\u00eda \u2013 Comunicaciones CVC<br \/>&nbsp;<\/p>\n\n\n\n<figure class=\"wp-block-image\"><img data-recalc-dims=\"1\" decoding=\"async\" src=\"https:\/\/i0.wp.com\/cvc.gov.co\/sites\/default\/files\/inline-images\/lluvia.jpg?w=640&#038;ssl=1\" alt=\"\"\/><\/figure>\n\n\n\n<figure class=\"wp-block-image\"><img data-recalc-dims=\"1\" decoding=\"async\" src=\"https:\/\/i0.wp.com\/cvc.gov.co\/sites\/default\/files\/styles\/1366x676\/public\/2024-08\/lluvia.jpg?w=640&#038;ssl=1\" alt=\"AGOSTO TENDR\u00cdA UN AUMENTO NORMAL DE LAS LLUVIAS\" title=\"AGOSTO TENDR\u00cdA UN AUMENTO NORMAL DE LAS LLUVIAS\"\/><\/figure>\n\n\n\n<p>cvc.gov.co<\/p>\n","protected":false},"excerpt":{"rendered":"<p>LA NI\u00d1A ES CADA VEZ M\u00c1S PROBABLE La regi\u00f3n Andina, as\u00ed como ciertos sectores de la regi\u00f3n Pac\u00edfica, experimentar\u00e1n un aumento en las lluvias, con probabilidades de ocurrencia que oscilan entre el 10% y el 30%. B-183 Cali, 26 de agosto de 2024 Julio forma parte de la segunda temporada de menores lluvias en la [&hellip;]<\/p>\n","protected":false},"author":1,"featured_media":171569,"comment_status":"closed","ping_status":"closed","sticky":false,"template":"","format":"standard","meta":{"_acf_changed":false,"_jetpack_memberships_contains_paid_content":false,"footnotes":"","jetpack_publicize_message":"","jetpack_publicize_feature_enabled":true,"jetpack_social_post_already_shared":true,"jetpack_social_options":{"image_generator_settings":{"template":"highway","default_image_id":0,"font":"","enabled":false},"version":2}},"categories":[6],"tags":[],"class_list":["post-171568","post","type-post","status-publish","format-standard","has-post-thumbnail","hentry","category-ecologia"],"acf":[],"jetpack_publicize_connections":[],"jetpack_featured_media_url":"https:\/\/i0.wp.com\/sportseco.com\/wp-content\/uploads\/2024\/08\/lluvia.jpg?fit=600%2C365&ssl=1","jetpack_sharing_enabled":true,"_links":{"self":[{"href":"https:\/\/sportseco.com\/index.php?rest_route=\/wp\/v2\/posts\/171568","targetHints":{"allow":["GET"]}}],"collection":[{"href":"https:\/\/sportseco.com\/index.php?rest_route=\/wp\/v2\/posts"}],"about":[{"href":"https:\/\/sportseco.com\/index.php?rest_route=\/wp\/v2\/types\/post"}],"author":[{"embeddable":true,"href":"https:\/\/sportseco.com\/index.php?rest_route=\/wp\/v2\/users\/1"}],"replies":[{"embeddable":true,"href":"https:\/\/sportseco.com\/index.php?rest_route=%2Fwp%2Fv2%2Fcomments&post=171568"}],"version-history":[{"count":1,"href":"https:\/\/sportseco.com\/index.php?rest_route=\/wp\/v2\/posts\/171568\/revisions"}],"predecessor-version":[{"id":171570,"href":"https:\/\/sportseco.com\/index.php?rest_route=\/wp\/v2\/posts\/171568\/revisions\/171570"}],"wp:featuredmedia":[{"embeddable":true,"href":"https:\/\/sportseco.com\/index.php?rest_route=\/wp\/v2\/media\/171569"}],"wp:attachment":[{"href":"https:\/\/sportseco.com\/index.php?rest_route=%2Fwp%2Fv2%2Fmedia&parent=171568"}],"wp:term":[{"taxonomy":"category","embeddable":true,"href":"https:\/\/sportseco.com\/index.php?rest_route=%2Fwp%2Fv2%2Fcategories&post=171568"},{"taxonomy":"post_tag","embeddable":true,"href":"https:\/\/sportseco.com\/index.php?rest_route=%2Fwp%2Fv2%2Ftags&post=171568"}],"curies":[{"name":"wp","href":"https:\/\/api.w.org\/{rel}","templated":true}]}}