{"id":171591,"date":"2024-08-29T08:28:15","date_gmt":"2024-08-29T12:28:15","guid":{"rendered":"https:\/\/sportseco.com\/?p=171591"},"modified":"2024-08-29T08:28:18","modified_gmt":"2024-08-29T12:28:18","slug":"historico-escazu-es-una-realidad-en-colombia-la-corte-avala-su-constitucionalidad","status":"publish","type":"post","link":"https:\/\/sportseco.com\/?p=171591","title":{"rendered":"Hist\u00f3rico: Escaz\u00fa es una realidad en Colombia, la Corte avala su constitucionalidad"},"content":{"rendered":"\n<figure class=\"wp-block-image\"><img data-recalc-dims=\"1\" decoding=\"async\" src=\"https:\/\/i0.wp.com\/www.minambiente.gov.co\/wp-content\/uploads\/2024\/08\/Escazu%CC%81-constitucionalidad.jpeg?w=640&#038;ssl=1\" alt=\"Hist\u00f3rico: Escaz\u00fa es una realidad en Colombia, la Corte avala su constitucionalidad\" title=\"Hist\u00f3rico: Escaz\u00fa es una realidad en Colombia, la Corte avala su constitucionalidad\"\/><\/figure>\n\n\n\n<ul class=\"wp-block-list\">\n<li>La Corte Constitucional de Colombia declar\u00f3 constitucional y exequible la Ley 2273 de 2022, por medio de la cual se aprueba el Acuerdo de Escaz\u00fa para el acceso a la informaci\u00f3n, la participaci\u00f3n p\u00fablica y el acceso a la justicia en asuntos ambientales.<\/li>\n\n\n\n<li>Este acuerdo consolida el marco jur\u00eddico para la protecci\u00f3n de los derechos ambientales y fortalece la defensa de los l\u00edderes ambientales en el pa\u00eds.<\/li>\n\n\n\n<li>El Ministerio de Ambiente y Desarrollo Sostenible avanza en la ruta de implementaci\u00f3n de este acuerdo, en la creaci\u00f3n de una Comisi\u00f3n Interinstitucional y en el programa de control social \u2018Alerta por mi ambiente\u2019 para promover la participaci\u00f3n ciudadana y mejorar la gobernanza ambiental.<\/li>\n<\/ul>\n\n\n\n<p><strong>Bogot\u00e1, 28 de agosto de 2024 (@Minambienteco)<\/strong>&nbsp;\u2013 El Ministerio de Ambiente y Desarrollo Sostenible celebra la reciente decisi\u00f3n de la Honorable Corte Constitucional que avala la Ley 2273 de 2022, por medio de la cual se aprueba el Acuerdo regional sobre el acceso a la informaci\u00f3n, la participaci\u00f3n p\u00fablica y el acceso a la justicia en asuntos ambientales en Am\u00e9rica Latina y el Caribe, conocido como el Acuerdo de Escaz\u00fa. Este fallo representa un hito fundamental en la historia ambiental de Colombia y refuerza el compromiso del pa\u00eds con la protecci\u00f3n de los derechos ambientales y la defensa de quienes protegen la naturaleza.<\/p>\n\n\n\n<p>\u201c<em>Es una excelente noticia ad portas de la COP16, la decisi\u00f3n de la Corte Constitucional de darle luz verde al Acuerdo de Escaz\u00fa. \u00bfQu\u00e9 implica el Acuerdo de Escaz\u00fa para la ciudadan\u00eda? Significa la garant\u00eda de sus derechos de participaci\u00f3n en las decisiones ambientales, que las autoridades ambientales, las empresas, tenemos que dar informaci\u00f3n transparente sobre esas decisiones y adem\u00e1s que tenemos que garantizar los derechos de los defensores ambientales para que no sean estigmatizados y defender tambi\u00e9n su vida\u201d,&nbsp;<\/em>afirm\u00f3 la ministra de Ambiente y Desarrollo Sostenible, Susana Muhamad.<\/p>\n\n\n\n<p>La Ministra tambi\u00e9n asegur\u00f3 que&nbsp;<em>\u201cesto genera una capacidad mayor de la ciudadan\u00eda de incidir en las decisiones ambientales y tambi\u00e9n, obviamente, una mayor democracia para el pa\u00eds. Nuestro reconocimiento a todas las organizaciones ambientales y ciudadan\u00edas que por varios a\u00f1os se movilizaron para que esto hoy sea una realidad. Con el Acuerdo de Escaz\u00fa, Colombia se vuelve corresponsable con otros estados que ya ratificaron el acuerdo en Am\u00e9rica Latina y por lo tanto rendiremos cuentas ante el mundo sobre la democracia ambiental en el pa\u00eds\u201d.<\/em><\/p>\n\n\n\n<p>La decisi\u00f3n de la Corte Constitucional, que se dio en el marco del control constitucional de la Ley 2273 de 2022, es coherente con la s\u00f3lida l\u00ednea jurisprudencial en materia de derechos humanos que ha caracterizado a la Corte. Este aval se da tras dos a\u00f1os de su ratificaci\u00f3n en el Congreso de la Rep\u00fablica gracias al trabajo del Gobierno del Cambio. Con Escaz\u00fa se fortalece la estructura del Estado colombiano para garantizar el acceso a la informaci\u00f3n, la participaci\u00f3n p\u00fablica y la justicia en asuntos ambientales, aspectos esenciales para la gesti\u00f3n sostenible de los recursos naturales y la conservaci\u00f3n de la biodiversidad.<\/p>\n\n\n\n<p><strong>Un paso decisivo hacia la implementaci\u00f3n<\/strong><\/p>\n\n\n\n<p>Desde la sanci\u00f3n de la ley que ratifica el Acuerdo de Escaz\u00fa por parte del presidente Gustavo Petro, el Gobierno Nacional ha trabajado intensamente en las condiciones necesarias para su implementaci\u00f3n efectiva. El Ministerio de Ambiente y Desarrollo Sostenible ha liderado este proceso, dise\u00f1ando una ruta estrat\u00e9gica que incluye la realizaci\u00f3n de talleres, mesas de socializaci\u00f3n y la creaci\u00f3n de un protocolo de reacci\u00f3n ante situaciones de riesgo o agresi\u00f3n contra defensores ambientales.<\/p>\n\n\n\n<p>El Ministerio avanza en la creaci\u00f3n de la Comisi\u00f3n Interinstitucional que permitir\u00e1 una implementaci\u00f3n integral del Acuerdo de Escaz\u00fa, asegurando que las voces de pueblos, comunidades, organizaciones y defensores del ambiente sean escuchadas y protegidas.<\/p>\n\n\n\n<p>En l\u00ednea con los principios del Acuerdo de Escaz\u00fa, el&nbsp;Minambiente&nbsp;lanz\u00f3 el programa \u2018Alerta por mi ambiente\u2019, una iniciativa que promueve la participaci\u00f3n ciudadana, el acceso a la informaci\u00f3n y el fortalecimiento de la gobernanza ambiental en Colombia. Este programa ya ha implementado 75 proyectos de control ciudadano en diversas ecorregiones, estableciendo un precedente para la creaci\u00f3n del Sistema Nacional de Control Social Ambiental.<\/p>\n\n\n\n<p>Adem\u00e1s, el desarrollo del Protocolo de Reacci\u00f3n ante situaciones de riesgo para defensores ambientales es un compromiso firme del Ministerio para garantizar la seguridad de quienes dedican su vida a la protecci\u00f3n del ambiente. En lo que queda del a\u00f1o, se realizar\u00e1 un despliegue territorial en 13 ecorregiones priorizadas, donde se entablar\u00e1n di\u00e1logos con los defensores ambientales para visibilizar su labor y construir conjuntamente una hoja de ruta con enfoque territorial.<\/p>\n\n\n\n<p>La ratificaci\u00f3n del Acuerdo de Escaz\u00fa marca un antes y un despu\u00e9s en la historia ambiental de Colombia. Este acuerdo no solo es un triunfo para la democracia ambiental, sino que tambi\u00e9n ratifica el compromiso del pa\u00eds con el desarrollo sostenible, el crecimiento econ\u00f3mico inclusivo y la protecci\u00f3n de la biodiversidad. Con esta decisi\u00f3n, Colombia avanza en la construcci\u00f3n de un futuro m\u00e1s justo y equitativo para las presentes y futuras generaciones.<\/p>\n\n\n\n<p><\/p>\n\n\n\n<p>minambiente.gov.co<\/p>\n","protected":false},"excerpt":{"rendered":"<p>Bogot\u00e1, 28 de agosto de 2024 (@Minambienteco)&nbsp;\u2013 El Ministerio de Ambiente y Desarrollo Sostenible celebra la reciente decisi\u00f3n de la Honorable Corte Constitucional que avala la Ley 2273 de 2022, por medio de la cual se aprueba el Acuerdo regional sobre el acceso a la informaci\u00f3n, la participaci\u00f3n p\u00fablica y el acceso a la justicia [&hellip;]<\/p>\n","protected":false},"author":1,"featured_media":171593,"comment_status":"closed","ping_status":"closed","sticky":false,"template":"","format":"standard","meta":{"_acf_changed":false,"_jetpack_memberships_contains_paid_content":false,"footnotes":"","jetpack_publicize_message":"","jetpack_publicize_feature_enabled":true,"jetpack_social_post_already_shared":true,"jetpack_social_options":{"image_generator_settings":{"template":"highway","default_image_id":0,"font":"","enabled":false},"version":2}},"categories":[1],"tags":[],"class_list":["post-171591","post","type-post","status-publish","format-standard","has-post-thumbnail","hentry","category-uncategorized"],"acf":[],"jetpack_publicize_connections":[],"jetpack_featured_media_url":"https:\/\/i0.wp.com\/sportseco.com\/wp-content\/uploads\/2024\/08\/infografiacc.jpg?fit=963%2C720&ssl=1","jetpack_sharing_enabled":true,"_links":{"self":[{"href":"https:\/\/sportseco.com\/index.php?rest_route=\/wp\/v2\/posts\/171591","targetHints":{"allow":["GET"]}}],"collection":[{"href":"https:\/\/sportseco.com\/index.php?rest_route=\/wp\/v2\/posts"}],"about":[{"href":"https:\/\/sportseco.com\/index.php?rest_route=\/wp\/v2\/types\/post"}],"author":[{"embeddable":true,"href":"https:\/\/sportseco.com\/index.php?rest_route=\/wp\/v2\/users\/1"}],"replies":[{"embeddable":true,"href":"https:\/\/sportseco.com\/index.php?rest_route=%2Fwp%2Fv2%2Fcomments&post=171591"}],"version-history":[{"count":1,"href":"https:\/\/sportseco.com\/index.php?rest_route=\/wp\/v2\/posts\/171591\/revisions"}],"predecessor-version":[{"id":171594,"href":"https:\/\/sportseco.com\/index.php?rest_route=\/wp\/v2\/posts\/171591\/revisions\/171594"}],"wp:featuredmedia":[{"embeddable":true,"href":"https:\/\/sportseco.com\/index.php?rest_route=\/wp\/v2\/media\/171593"}],"wp:attachment":[{"href":"https:\/\/sportseco.com\/index.php?rest_route=%2Fwp%2Fv2%2Fmedia&parent=171591"}],"wp:term":[{"taxonomy":"category","embeddable":true,"href":"https:\/\/sportseco.com\/index.php?rest_route=%2Fwp%2Fv2%2Fcategories&post=171591"},{"taxonomy":"post_tag","embeddable":true,"href":"https:\/\/sportseco.com\/index.php?rest_route=%2Fwp%2Fv2%2Ftags&post=171591"}],"curies":[{"name":"wp","href":"https:\/\/api.w.org\/{rel}","templated":true}]}}