{"id":171604,"date":"2024-08-29T08:56:44","date_gmt":"2024-08-29T12:56:44","guid":{"rendered":"https:\/\/sportseco.com\/?p=171604"},"modified":"2024-08-29T08:56:49","modified_gmt":"2024-08-29T12:56:49","slug":"el-29-de-agosto-se-conmemora-el-dia-internacional-contra-el-ruido-dagma-anuncia-jornadas-de-educacion-demostraciones-y-operativos-video","status":"publish","type":"post","link":"https:\/\/sportseco.com\/?p=171604","title":{"rendered":"El 29 de agosto se conmemora el \u2018D\u00eda Internacional contra el Ruido\u2019: Dagma anuncia jornadas de educaci\u00f3n, demostraciones y operativos. Video"},"content":{"rendered":"\n<figure class=\"wp-block-image\"><img data-recalc-dims=\"1\" decoding=\"async\" src=\"https:\/\/i0.wp.com\/www.cali.gov.co\/dagma\/publicaciones\/182620\/el-29-de-agosto-se-conmemora-el-dia-internacional-contra-el-ruido-dagma-anuncia-jornadas-de-educacion-demostraciones-y-operativos\/info\/principal\/media\/pubInt\/thumbs\/thpub_700X400_182620.jpg?w=640&#038;ssl=1\" alt=\"El 29 de agosto se conmemora el \u2018D\u00eda Internacional contra el Ruido\u2019: Dagma anuncia jornadas de educaci\u00f3n, demostraciones y operativos\"\/><\/figure>\n\n\n\n<p>En la imagen, funcionarios del Dagma realizan la medici\u00f3n de presi\u00f3n sonora.<\/p>\n\n\n\n<blockquote class=\"wp-block-quote is-layout-flow wp-block-quote-is-layout-flow\">\n<ul class=\"wp-block-list\">\n<li><em>El \u2018D\u00eda contra el Ruido\u2019 busca sensibilizar a la ciudadan\u00eda sobre los riesgos para la salud que genera la exposici\u00f3n prolongada a este factor.<\/em><\/li>\n<\/ul>\n\n\n\n<ul class=\"wp-block-list\">\n<li><em>Controlar el ruido es esencial en el proceso de reconciliaci\u00f3n que la Administraci\u00f3n Distrital desarrolla en la ciudad.<\/em><\/li>\n<\/ul>\n\n\n\n<ul class=\"wp-block-list\">\n<li><em>Desde las 9:00 a.m. del jueves (29.08.2024) inician las actividades de conmemoraci\u00f3n organizadas por el Dagma.<\/em><\/li>\n<\/ul>\n<\/blockquote>\n\n\n\n<p><strong>Santiago de Cali, 28 de agosto de 2024<\/strong><\/p>\n\n\n\n<p>Con una jornada de educaci\u00f3n ambiental y demostraci\u00f3n de los equipos de medici\u00f3n, el&nbsp;<em>jueves 29 de agosto<\/em>, a partir de las 9:00 a.m. y en el primer piso del edificio Fuente Versalles (<em>avenida 5AN # 20-08<\/em>), el Departamento Administrativo de Gesti\u00f3n del Medio Ambiente (<em>Dagma<\/em>) iniciar\u00e1 las actividades de conmemoraci\u00f3n del&nbsp;<strong><em>\u2018D\u00eda Internacional contra el Ruido\u2019<\/em><\/strong>.<\/p>\n\n\n\n<p>La conmemoraci\u00f3n tiene por objeto sensibilizar a la comunidad sobre los riesgos para la salud, ambiental e individual, que implica el ruido en las actividades cotidianas. Tambi\u00e9n se busca generar conciencia frente a los efectos negativos que genera la exposici\u00f3n prolongada a&nbsp;<em>sonidos de alta intensidad<\/em>, independientemente si estos se perciben como agradables o desagradables.<br \/><br \/>Adicional a la&nbsp;<em>jornada de educaci\u00f3n ambiental<\/em>, los equipos operativos de&nbsp;<em>Calidad Ac\u00fastica<\/em>&nbsp;y&nbsp;<em>Laboratorio Ambiental<\/em>&nbsp;desarrollar\u00e1n intervenciones de inspecci\u00f3n, vigilancia y control (<em>IVC<\/em>), a partir de las 10:00 a.m. en la Calle del Comercio&nbsp;<em>(diagonal 26M, barrio Marroqu\u00edn II)<\/em>&nbsp;y en el centro de Cali&nbsp;<em>(calle 14 entre carreras 5 y 10).<\/em><br \/><br \/>De otro lado, a las 2:00 p.m. en el auditorio del Centro Cultural del Banco de la Rep\u00fablica, el&nbsp;<em>Dagma<\/em>&nbsp;participar\u00e1 en el&nbsp;<em>\u2018XI Foro Ambiental sobre Contaminaci\u00f3n Auditiva:<\/em>&nbsp;<em>Cali sin ruido, para un ambiente saludable<\/em>\u2019, organizado por la Fundaci\u00f3n Comuniquemos.<\/p>\n\n\n\n<p>Seg\u00fan Sara Mercedes Rodas Soto, subdirectora de Calidad Ambiental del&nbsp;<em>Dagma<\/em>, el ruido es un elemento esencial en el proceso de reconciliaci\u00f3n que la Administraci\u00f3n del alcalde Alejandro Eder desarrolla en la ciudad, subrayando que el ejercicio de la autoridad tambi\u00e9n resulta fundamental.<br \/><br \/>En lo corrido de 2024, la autoridad ambiental de Cali ha realizado&nbsp;<em>604 intervenciones<\/em>&nbsp;en temas relacionados con ruido. Se detectaron&nbsp;<em>286 casos<\/em>&nbsp;en los que fue necesaria la elaboraci\u00f3n de&nbsp;<em>Actas de Visita Inicial<\/em>&nbsp;<em>(al identificar que podr\u00eda estar afectando la comunidad<\/em>).<br \/><br \/>Asimismo, se orden\u00f3 realizar&nbsp;<em>161 procesos de medici\u00f3n de presi\u00f3n sonora<\/em>&nbsp;por parte del Laboratorio Ambiental, dando los elementos para que el \u00e1rea jur\u00eddica impusiera&nbsp;<em>50 medidas preventivas<\/em>, consistentes en la prohibici\u00f3n de equipos de amplificaci\u00f3n de sonido.<\/p>\n\n\n\n<p><em>\u201cEste a\u00f1o el grupo de Calidad Ac\u00fastica ha sensibilizado a m\u00e1s 800 cale\u00f1os sobre ruido, durante los operativos de control y las ferias de servicios que organiza la Alcald\u00eda. Tambi\u00e9n se capacit\u00f3 a 169 due\u00f1os y\/o administradores de establecimientos de comercio, iglesias o industrias, sobre los factores m\u00e1s relevantes para la mitigaci\u00f3n de los efectos del ruido en la salud y el ambiente, a trav\u00e9s de los 12 cursos de educaci\u00f3n ambiental realizados a la fecha con los posibles infractores detectados en los operativos de IVC\u201d<\/em>, puntualiz\u00f3 la subdirectora de Calidad Ambiental del&nbsp;<em>Dagma<\/em>.<\/p>\n\n\n\n<p><strong>Un dato\u2026<\/strong><br \/>Las actividades de conmemoraci\u00f3n del&nbsp;<strong><em>\u2018D\u00eda Internacional contra el Ruido\u2019<\/em><\/strong>&nbsp;se cerrar\u00e1n a las 8:00 de la noche, con un operativo de control en el oriente y sur de Santiago de Cali.<\/p>\n\n\n\n<figure class=\"wp-block-embed is-type-video is-provider-youtube wp-block-embed-youtube wp-embed-aspect-16-9 wp-has-aspect-ratio\"><div class=\"wp-block-embed__wrapper\">\n<iframe loading=\"lazy\" title=\"El 29 de agosto se conmemora el &#039;D\u00eda Internacional contra el Ruido&#039;\" width=\"640\" height=\"360\" src=\"https:\/\/www.youtube.com\/embed\/EExYmicySCM?feature=oembed\" frameborder=\"0\" allow=\"accelerometer; autoplay; clipboard-write; encrypted-media; gyroscope; picture-in-picture; web-share\" referrerpolicy=\"strict-origin-when-cross-origin\" allowfullscreen><\/iframe>\n<\/div><\/figure>\n\n\n\n<p><strong>Le puede interesar\u2026<\/strong><\/p>\n\n\n\n<p><br \/><strong>Departamento de Comunicaciones del Dagma<\/strong><\/p>\n\n\n\n<p><\/p>\n\n\n\n<p><\/p>\n\n\n\n<p>cali.gov.co<\/p>\n","protected":false},"excerpt":{"rendered":"<p>En la imagen, funcionarios del Dagma realizan la medici\u00f3n de presi\u00f3n sonora. Santiago de Cali, 28 de agosto de 2024 Con una jornada de educaci\u00f3n ambiental y demostraci\u00f3n de los equipos de medici\u00f3n, el&nbsp;jueves 29 de agosto, a partir de las 9:00 a.m. y en el primer piso del edificio Fuente Versalles (avenida 5AN # [&hellip;]<\/p>\n","protected":false},"author":1,"featured_media":171606,"comment_status":"closed","ping_status":"closed","sticky":false,"template":"","format":"standard","meta":{"_acf_changed":false,"_jetpack_memberships_contains_paid_content":false,"footnotes":"","jetpack_publicize_message":"","jetpack_publicize_feature_enabled":true,"jetpack_social_post_already_shared":true,"jetpack_social_options":{"image_generator_settings":{"template":"highway","default_image_id":0,"font":"","enabled":false},"version":2}},"categories":[1],"tags":[],"class_list":["post-171604","post","type-post","status-publish","format-standard","has-post-thumbnail","hentry","category-uncategorized"],"acf":[],"jetpack_publicize_connections":[],"jetpack_featured_media_url":"https:\/\/i0.wp.com\/sportseco.com\/wp-content\/uploads\/2024\/08\/thpub_700X400_182620.jpg?fit=669%2C400&ssl=1","jetpack_sharing_enabled":true,"_links":{"self":[{"href":"https:\/\/sportseco.com\/index.php?rest_route=\/wp\/v2\/posts\/171604","targetHints":{"allow":["GET"]}}],"collection":[{"href":"https:\/\/sportseco.com\/index.php?rest_route=\/wp\/v2\/posts"}],"about":[{"href":"https:\/\/sportseco.com\/index.php?rest_route=\/wp\/v2\/types\/post"}],"author":[{"embeddable":true,"href":"https:\/\/sportseco.com\/index.php?rest_route=\/wp\/v2\/users\/1"}],"replies":[{"embeddable":true,"href":"https:\/\/sportseco.com\/index.php?rest_route=%2Fwp%2Fv2%2Fcomments&post=171604"}],"version-history":[{"count":1,"href":"https:\/\/sportseco.com\/index.php?rest_route=\/wp\/v2\/posts\/171604\/revisions"}],"predecessor-version":[{"id":171607,"href":"https:\/\/sportseco.com\/index.php?rest_route=\/wp\/v2\/posts\/171604\/revisions\/171607"}],"wp:featuredmedia":[{"embeddable":true,"href":"https:\/\/sportseco.com\/index.php?rest_route=\/wp\/v2\/media\/171606"}],"wp:attachment":[{"href":"https:\/\/sportseco.com\/index.php?rest_route=%2Fwp%2Fv2%2Fmedia&parent=171604"}],"wp:term":[{"taxonomy":"category","embeddable":true,"href":"https:\/\/sportseco.com\/index.php?rest_route=%2Fwp%2Fv2%2Fcategories&post=171604"},{"taxonomy":"post_tag","embeddable":true,"href":"https:\/\/sportseco.com\/index.php?rest_route=%2Fwp%2Fv2%2Ftags&post=171604"}],"curies":[{"name":"wp","href":"https:\/\/api.w.org\/{rel}","templated":true}]}}