{"id":171620,"date":"2024-08-29T13:23:17","date_gmt":"2024-08-29T17:23:17","guid":{"rendered":"https:\/\/sportseco.com\/?p=171620"},"modified":"2024-08-29T13:23:21","modified_gmt":"2024-08-29T17:23:21","slug":"oconnor-nunca-he-perdido-la-confianza","status":"publish","type":"post","link":"https:\/\/sportseco.com\/?p=171620","title":{"rendered":"O\u2019Connor: \u201cNunca he perdido la confianza\u201d"},"content":{"rendered":"\n<p>Ben O\u2019Connor (Decathlon-Ag2r La Mondiale), l\u00edder de La Vuelta 24 despu\u00e9s de la 12\u00aa etapa:<\/p>\n\n\n\n<p>\u201cHa sido una salida dif\u00edcil, realmente ha sido duro cuando se ha hecho la escapada. Luego, hemos controlado la carrera y hemos puesto el ritmo en la subida final. Era una subida r\u00e1pida que no era ideal para ser agresivo, pero s\u00ed, me he sentido bastante bien hoy. Nunca he perdido la confianza. Ayer estaba enfadado, pero eso no significa que no conf\u00ede en m\u00ed. Ma\u00f1ana es un final extremadamente duro. Ser\u00e1 uno de los d\u00edas m\u00e1s importantes desde que ha empezado la carrera\u201d.<\/p>\n\n\n\n<p><\/p>\n\n\n\n<p>lavuelta.es<\/p>\n","protected":false},"excerpt":{"rendered":"<p>Ben O\u2019Connor (Decathlon-Ag2r La Mondiale), l\u00edder de La Vuelta 24 despu\u00e9s de la 12\u00aa etapa: \u201cHa sido una salida dif\u00edcil, realmente ha sido duro cuando se ha hecho la escapada. Luego, hemos controlado la carrera y hemos puesto el ritmo en la subida final. Era una subida r\u00e1pida que no era ideal para ser agresivo, [&hellip;]<\/p>\n","protected":false},"author":1,"featured_media":171621,"comment_status":"closed","ping_status":"closed","sticky":false,"template":"","format":"standard","meta":{"_acf_changed":false,"_jetpack_memberships_contains_paid_content":false,"footnotes":"","jetpack_publicize_message":"","jetpack_publicize_feature_enabled":true,"jetpack_social_post_already_shared":true,"jetpack_social_options":{"image_generator_settings":{"template":"highway","default_image_id":0,"font":"","enabled":false},"version":2}},"categories":[14],"tags":[],"class_list":["post-171620","post","type-post","status-publish","format-standard","has-post-thumbnail","hentry","category-ciclismo"],"acf":[],"jetpack_publicize_connections":[],"jetpack_featured_media_url":"https:\/\/i0.wp.com\/sportseco.com\/wp-content\/uploads\/2024\/08\/11001.jpeg?fit=1000%2C1250&ssl=1","jetpack_sharing_enabled":true,"_links":{"self":[{"href":"https:\/\/sportseco.com\/index.php?rest_route=\/wp\/v2\/posts\/171620","targetHints":{"allow":["GET"]}}],"collection":[{"href":"https:\/\/sportseco.com\/index.php?rest_route=\/wp\/v2\/posts"}],"about":[{"href":"https:\/\/sportseco.com\/index.php?rest_route=\/wp\/v2\/types\/post"}],"author":[{"embeddable":true,"href":"https:\/\/sportseco.com\/index.php?rest_route=\/wp\/v2\/users\/1"}],"replies":[{"embeddable":true,"href":"https:\/\/sportseco.com\/index.php?rest_route=%2Fwp%2Fv2%2Fcomments&post=171620"}],"version-history":[{"count":1,"href":"https:\/\/sportseco.com\/index.php?rest_route=\/wp\/v2\/posts\/171620\/revisions"}],"predecessor-version":[{"id":171622,"href":"https:\/\/sportseco.com\/index.php?rest_route=\/wp\/v2\/posts\/171620\/revisions\/171622"}],"wp:featuredmedia":[{"embeddable":true,"href":"https:\/\/sportseco.com\/index.php?rest_route=\/wp\/v2\/media\/171621"}],"wp:attachment":[{"href":"https:\/\/sportseco.com\/index.php?rest_route=%2Fwp%2Fv2%2Fmedia&parent=171620"}],"wp:term":[{"taxonomy":"category","embeddable":true,"href":"https:\/\/sportseco.com\/index.php?rest_route=%2Fwp%2Fv2%2Fcategories&post=171620"},{"taxonomy":"post_tag","embeddable":true,"href":"https:\/\/sportseco.com\/index.php?rest_route=%2Fwp%2Fv2%2Ftags&post=171620"}],"curies":[{"name":"wp","href":"https:\/\/api.w.org\/{rel}","templated":true}]}}