{"id":171623,"date":"2024-08-29T13:27:11","date_gmt":"2024-08-29T17:27:11","guid":{"rendered":"https:\/\/sportseco.com\/?p=171623"},"modified":"2024-08-29T13:27:16","modified_gmt":"2024-08-29T17:27:16","slug":"cierre-temporal-del-servicio-en-el-sector-ensenada-del-parque-nacional-natural-utria-por-evento-precop-jovenes-rurales-en-paz-con-la-naturaleza","status":"publish","type":"post","link":"https:\/\/sportseco.com\/?p=171623","title":{"rendered":"Cierre Temporal del servicio en el sector Ensenada del Parque Nacional Natural Utr\u00eda por evento precop \u201c J\u00f3venes Rurales en Paz con la Naturaleza \u201d"},"content":{"rendered":"\n<p>29 de agosto de 2024<\/p>\n\n\n\n<ul class=\"wp-block-list\">\n<li><em>El 31 de agosto, el\u00a0<strong>Parque Nacional Natural Utr\u00eda<\/strong>\u00a0ser\u00e1 el epicentro de un encuentro clave que busca fortalecer la relaci\u00f3n entre la juventud rural y la biodiversidad.<\/em><\/li>\n\n\n\n<li><em>La firma simb\u00f3lica durante la\u00a0<strong>PreCOP en el Parque Nacional Natural Utr\u00eda<\/strong>\u00a0reafirma el compromiso institucional con la protecci\u00f3n del medio ambiente y el empoderamiento de las comunidades rurales.<\/em><\/li>\n<\/ul>\n\n\n\n<p><strong>Nuqu\u00ed, Choc\u00f3<\/strong>.&nbsp;<strong>Parques Nacionales Naturales<\/strong>&nbsp;informa a la comunidad, visitantes y medios de comunicaci\u00f3n que el pr\u00f3ximo 31 de agosto se suspender\u00e1 temporalmente el servicio de atenci\u00f3n a visitantes en el sector de la&nbsp;<strong>Ensenada en el Parque Nacional Natural Utr\u00eda<\/strong>. Esta medida se toma con motivo de la realizaci\u00f3n de la PreCop \u201cJ\u00f3venes Rurales en Paz con la Naturaleza\u201d, un evento de relevancia nacional que tendr\u00e1 lugar en el municipio de&nbsp;<strong>Nuqu\u00ed, Choc\u00f3<\/strong>.<\/p>\n\n\n\n<p><strong>La PreCOP<\/strong>&nbsp;reunir\u00e1 a j\u00f3venes rurales, l\u00edderes comunitarios, representantes de la institucionalidad nacional y otros actores clave en un espacio de di\u00e1logo y compromiso con la biodiversidad. Durante el evento, se llevar\u00e1 a cabo una firma simb\u00f3lica que reflejar\u00e1 el apoyo de las instituciones nacionales a la juventud rural en su rol de guardianes del medio ambiente y promotores de la paz.<\/p>\n\n\n\n<p>La suspensi\u00f3n del servicio en el sector de la Ensenada responde a la necesidad de garantizar el desarrollo adecuado del evento, que busca consolidar acciones concretas en favor de la conservaci\u00f3n y la participaci\u00f3n activa de las comunidades rurales.<\/p>\n\n\n\n<p><strong>Justificaci\u00f3n T\u00e9cnica del Cierre temporal<\/strong><\/p>\n\n\n\n<p>El cierre temporal en el sector de la&nbsp;<strong>Ensenada del Parque Nacional Natural Utr\u00eda<\/strong>&nbsp;tambi\u00e9n se fundamenta en la capacidad de carga tur\u00edstica del \u00e1rea. Esta zona, que incluye atractivos como el Sendero Estero Grande y Playa la Aguada, cuenta con una infraestructura y servicios dise\u00f1ados para recibir un n\u00famero limitado de visitantes al d\u00eda, asegurando as\u00ed la preservaci\u00f3n de los recursos naturales y la calidad de la experiencia ecotur\u00edstica de los visitantes.<\/p>\n\n\n\n<p>Dado que el evento<strong>&nbsp;PreCOP<em>&nbsp;\u201cJ\u00f3venes Rurales en Paz con la Naturaleza\u201d<\/em><\/strong>&nbsp;prev\u00e9 la participaci\u00f3n de un alto n\u00famero de personas, la afluencia de visitantes superar\u00eda la capacidad de carga establecida para el sector, lo que podr\u00eda generar impactos negativos sobre los ecosistemas sensibles, como el coral de la Aguada, y afectar la operatividad y seguridad del parque. Por estas razones, se ha decidido suspender temporalmente el acceso de turistas a esta zona, garantizando as\u00ed la protecci\u00f3n de los recursos y el \u00e9xito del evento.<\/p>\n\n\n\n<p><strong>Parques Nacionales Naturales<\/strong>&nbsp;invita a toda la comunidad a estar atentos a nuestras pr\u00f3ximas comunicaciones y continuar apoyando la conservaci\u00f3n de las \u00e1reas protegidas del Pa\u00eds. Se informa que el servicio en el sector de la Ensenada se reanudar\u00e1 el d\u00eda 1 de septiembre en su horario habitual.<\/p>\n\n\n\n<figure class=\"wp-block-image size-full\"><img data-recalc-dims=\"1\" loading=\"lazy\" decoding=\"async\" width=\"640\" height=\"271\" src=\"https:\/\/i0.wp.com\/sportseco.com\/wp-content\/uploads\/2024\/08\/CRISTHIAN-PIMIENTO-439-scaled-e1724952092270-1024x433-1.jpg?resize=640%2C271&#038;ssl=1\" alt=\"\" class=\"wp-image-171624\" srcset=\"https:\/\/i0.wp.com\/sportseco.com\/wp-content\/uploads\/2024\/08\/CRISTHIAN-PIMIENTO-439-scaled-e1724952092270-1024x433-1.jpg?w=1024&amp;ssl=1 1024w, https:\/\/i0.wp.com\/sportseco.com\/wp-content\/uploads\/2024\/08\/CRISTHIAN-PIMIENTO-439-scaled-e1724952092270-1024x433-1.jpg?resize=300%2C127&amp;ssl=1 300w, https:\/\/i0.wp.com\/sportseco.com\/wp-content\/uploads\/2024\/08\/CRISTHIAN-PIMIENTO-439-scaled-e1724952092270-1024x433-1.jpg?resize=768%2C325&amp;ssl=1 768w\" sizes=\"auto, (max-width: 640px) 100vw, 640px\" \/><\/figure>\n\n\n\n<p>parquesnacionales.gov.co<a href=\"https:\/\/www.parquesnacionales.gov.co\/wp-content\/uploads\/2024\/08\/CRISTHIAN-PIMIENTO-431-1024x683.jpg\"><\/a><\/p>\n\n\n\n<p><a href=\"https:\/\/www.parquesnacionales.gov.co\/wp-content\/uploads\/2024\/08\/CRISTHIAN-PIMIENTO-422-1024x683.jpg\"><\/a><\/p>\n\n\n\n<p><a href=\"https:\/\/www.parquesnacionales.gov.co\/wp-content\/uploads\/2024\/08\/CRISTHIAN-PIMIENTO-439-scaled-e1724952092270-1024x433.jpg\"><\/a><\/p>\n\n\n\n<p><a><\/a><a><\/a><a><\/a><a href=\"https:\/\/centroderelevo.gov.co\/632\/w3-channel.html\" target=\"_blank\" rel=\"noreferrer noopener\"><\/a><\/p>\n","protected":false},"excerpt":{"rendered":"<p>29 de agosto de 2024 Nuqu\u00ed, Choc\u00f3.&nbsp;Parques Nacionales Naturales&nbsp;informa a la comunidad, visitantes y medios de comunicaci\u00f3n que el pr\u00f3ximo 31 de agosto se suspender\u00e1 temporalmente el servicio de atenci\u00f3n a visitantes en el sector de la&nbsp;Ensenada en el Parque Nacional Natural Utr\u00eda. Esta medida se toma con motivo de la realizaci\u00f3n de la PreCop [&hellip;]<\/p>\n","protected":false},"author":1,"featured_media":171625,"comment_status":"closed","ping_status":"closed","sticky":false,"template":"","format":"standard","meta":{"_acf_changed":false,"_jetpack_memberships_contains_paid_content":false,"footnotes":"","jetpack_publicize_message":"","jetpack_publicize_feature_enabled":true,"jetpack_social_post_already_shared":true,"jetpack_social_options":{"image_generator_settings":{"template":"highway","default_image_id":0,"font":"","enabled":false},"version":2}},"categories":[1],"tags":[],"class_list":["post-171623","post","type-post","status-publish","format-standard","has-post-thumbnail","hentry","category-uncategorized"],"acf":[],"jetpack_publicize_connections":[],"jetpack_featured_media_url":"https:\/\/i0.wp.com\/sportseco.com\/wp-content\/uploads\/2024\/08\/CRISTHIAN-PIMIENTO-466-scaled-e1724952241857.jpg?fit=2560%2C1024&ssl=1","jetpack_sharing_enabled":true,"_links":{"self":[{"href":"https:\/\/sportseco.com\/index.php?rest_route=\/wp\/v2\/posts\/171623","targetHints":{"allow":["GET"]}}],"collection":[{"href":"https:\/\/sportseco.com\/index.php?rest_route=\/wp\/v2\/posts"}],"about":[{"href":"https:\/\/sportseco.com\/index.php?rest_route=\/wp\/v2\/types\/post"}],"author":[{"embeddable":true,"href":"https:\/\/sportseco.com\/index.php?rest_route=\/wp\/v2\/users\/1"}],"replies":[{"embeddable":true,"href":"https:\/\/sportseco.com\/index.php?rest_route=%2Fwp%2Fv2%2Fcomments&post=171623"}],"version-history":[{"count":1,"href":"https:\/\/sportseco.com\/index.php?rest_route=\/wp\/v2\/posts\/171623\/revisions"}],"predecessor-version":[{"id":171626,"href":"https:\/\/sportseco.com\/index.php?rest_route=\/wp\/v2\/posts\/171623\/revisions\/171626"}],"wp:featuredmedia":[{"embeddable":true,"href":"https:\/\/sportseco.com\/index.php?rest_route=\/wp\/v2\/media\/171625"}],"wp:attachment":[{"href":"https:\/\/sportseco.com\/index.php?rest_route=%2Fwp%2Fv2%2Fmedia&parent=171623"}],"wp:term":[{"taxonomy":"category","embeddable":true,"href":"https:\/\/sportseco.com\/index.php?rest_route=%2Fwp%2Fv2%2Fcategories&post=171623"},{"taxonomy":"post_tag","embeddable":true,"href":"https:\/\/sportseco.com\/index.php?rest_route=%2Fwp%2Fv2%2Ftags&post=171623"}],"curies":[{"name":"wp","href":"https:\/\/api.w.org\/{rel}","templated":true}]}}