{"id":171642,"date":"2024-08-29T18:15:33","date_gmt":"2024-08-29T22:15:33","guid":{"rendered":"https:\/\/sportseco.com\/?p=171642"},"modified":"2024-08-29T18:15:38","modified_gmt":"2024-08-29T22:15:38","slug":"carolina-munevar-logro-el-primer-diploma-para-colombia-en-los-juegos-paralimpicos-de-paris","status":"publish","type":"post","link":"https:\/\/sportseco.com\/?p=171642","title":{"rendered":"Carolina Mun\u00e9var logr\u00f3 el primer diploma para Colombia en los Juegos Paral\u00edmpicos de Paris"},"content":{"rendered":"\n<p><img decoding=\"async\" src=\"https:\/\/www.mindeporte.gov.co\/tools\/microsThumb.php?src=recursos_user\/imagenes\/2024\/AGOSTO\/29-08-2024\/Carolina_Munevar_3000m_persecucion_individual.jpeg&amp;w=700\" alt=\"Carolina viste uniforme azul, \"\/><a href=\"https:\/\/www.mindeporte.gov.co\/#demoLightbox2\">Ampliar Imagen<\/a><\/p>\n\n\n\n<p>Carolina Mun\u00e9var hace parte del programa Atleta Excelencia del Ministerio del Deporte desde el 2015 en la categor\u00eda elite. Fotograf\u00eda: Comit\u00e9 Paral\u00edmpico Colombiano<br \/><em>Carolina viste uniforme azul,<\/em><\/p>\n\n\n\n<p>Despu\u00e9s de las pruebas de pista, la boyacense quien hace parte del programa Atleta Excelencia del Ministerio del Deporte, buscar\u00e1 estar en el p\u00f3dium de las competencias de ruta.<\/p>\n\n\n\n<p>Prensa Mindeporte<\/p>\n\n\n\n<p>Bogot\u00e1, 29 de agosto de 2024. Diana Carolina Mun\u00e9var Florez, tras finalizar su competencia en los 3000 metros persecuci\u00f3n individual categor\u00eda C1-3 se ubic\u00f3 en la octava posici\u00f3n con un tiempo de 4:14.667. Esto la llev\u00f3 a conseguir el primer diploma para la delegaci\u00f3n colombiana en los Juegos Paral\u00edmpicos Par\u00eds 2024.<\/p>\n\n\n\n<p>El p\u00f3dium de esta prueba qued\u00f3 de la siguiente manera: medalla de oro para la china, Xiaomei Wang (C3); plata para la brit\u00e1nica Daphne Schrager (C2) y la suiza Flurina Rigling (C2) se qued\u00f3 con el bronce.<br \/><br \/>La ciclista nacida en Cucaita (Boyac\u00e1) hace 29 a\u00f1os, suma su tercera participaci\u00f3n en unos Juegos Paral\u00edmpicos: estuvo en Rio 2016 y Tokio 2020.&nbsp;El 2023 fue un a\u00f1o de muchos \u00e9xitos para ella: conquist\u00f3 la medalla de plata en el mundial de ruta y el oro en los Juegos Parapanamericanos Santiago. En este 2024 sum\u00f3 dos bronces en la persecuci\u00f3n individual y \u00d3mnium del mundial de pista de R\u00edo de Janeiro.<br \/><br \/>Su pr\u00f3xima participaci\u00f3n en el vel\u00f3dromo Saint-Quentin-en-Yvelines ser\u00e1 el domingo 1 de septiembre en la prueba 750m Sprint por equipos Mixta. Posteriormente, Carolina estar\u00e1 en las pruebas de ruta; la contrarreloj individual la disputar\u00e1 el mi\u00e9rcoles 4 de septiembre y el s\u00e1bado 7 de septiembre estar\u00e1 en la ruta individual.<br \/><br \/>Diana Carolina hace parte del programa Atleta Excelencia del Ministerio del Deporte desde el 2015 en la categor\u00eda \u00e9lite.<\/p>\n\n\n\n<p><\/p>\n\n\n\n<p>mindeporte.gov.co<\/p>\n","protected":false},"excerpt":{"rendered":"<p>Ampliar Imagen Carolina Mun\u00e9var hace parte del programa Atleta Excelencia del Ministerio del Deporte desde el 2015 en la categor\u00eda elite. Fotograf\u00eda: Comit\u00e9 Paral\u00edmpico ColombianoCarolina viste uniforme azul, Despu\u00e9s de las pruebas de pista, la boyacense quien hace parte del programa Atleta Excelencia del Ministerio del Deporte, buscar\u00e1 estar en el p\u00f3dium de las competencias [&hellip;]<\/p>\n","protected":false},"author":1,"featured_media":171643,"comment_status":"closed","ping_status":"closed","sticky":false,"template":"","format":"standard","meta":{"_acf_changed":false,"_jetpack_memberships_contains_paid_content":false,"footnotes":"","jetpack_publicize_message":"","jetpack_publicize_feature_enabled":true,"jetpack_social_post_already_shared":true,"jetpack_social_options":{"image_generator_settings":{"template":"highway","default_image_id":0,"font":"","enabled":false},"version":2}},"categories":[14],"tags":[],"class_list":["post-171642","post","type-post","status-publish","format-standard","has-post-thumbnail","hentry","category-ciclismo"],"acf":[],"jetpack_publicize_connections":[],"jetpack_featured_media_url":"https:\/\/i0.wp.com\/sportseco.com\/wp-content\/uploads\/2024\/08\/microsThumb-2.jpeg?fit=700%2C525&ssl=1","jetpack_sharing_enabled":true,"_links":{"self":[{"href":"https:\/\/sportseco.com\/index.php?rest_route=\/wp\/v2\/posts\/171642","targetHints":{"allow":["GET"]}}],"collection":[{"href":"https:\/\/sportseco.com\/index.php?rest_route=\/wp\/v2\/posts"}],"about":[{"href":"https:\/\/sportseco.com\/index.php?rest_route=\/wp\/v2\/types\/post"}],"author":[{"embeddable":true,"href":"https:\/\/sportseco.com\/index.php?rest_route=\/wp\/v2\/users\/1"}],"replies":[{"embeddable":true,"href":"https:\/\/sportseco.com\/index.php?rest_route=%2Fwp%2Fv2%2Fcomments&post=171642"}],"version-history":[{"count":1,"href":"https:\/\/sportseco.com\/index.php?rest_route=\/wp\/v2\/posts\/171642\/revisions"}],"predecessor-version":[{"id":171644,"href":"https:\/\/sportseco.com\/index.php?rest_route=\/wp\/v2\/posts\/171642\/revisions\/171644"}],"wp:featuredmedia":[{"embeddable":true,"href":"https:\/\/sportseco.com\/index.php?rest_route=\/wp\/v2\/media\/171643"}],"wp:attachment":[{"href":"https:\/\/sportseco.com\/index.php?rest_route=%2Fwp%2Fv2%2Fmedia&parent=171642"}],"wp:term":[{"taxonomy":"category","embeddable":true,"href":"https:\/\/sportseco.com\/index.php?rest_route=%2Fwp%2Fv2%2Fcategories&post=171642"},{"taxonomy":"post_tag","embeddable":true,"href":"https:\/\/sportseco.com\/index.php?rest_route=%2Fwp%2Fv2%2Ftags&post=171642"}],"curies":[{"name":"wp","href":"https:\/\/api.w.org\/{rel}","templated":true}]}}