{"id":171648,"date":"2024-08-29T19:57:25","date_gmt":"2024-08-29T23:57:25","guid":{"rendered":"https:\/\/sportseco.com\/?p=171648"},"modified":"2024-08-29T20:01:38","modified_gmt":"2024-08-30T00:01:38","slug":"clasificatorias-a-la-copa-mundial-de-la-fifa-2026-convocatoria-de-la-seleccion-colombia-de-mayores-para-las-fechas-7-y-8","status":"publish","type":"post","link":"https:\/\/sportseco.com\/?p=171648","title":{"rendered":"Clasificatorias a la Copa Mundial de la FIFA 2026: Convocatoria de la Selecci\u00f3n Colombia de Mayores para las fechas 7 y 8"},"content":{"rendered":"\n<p>El Departamento Deportivo de la Federaci\u00f3n Colombiana de F\u00fatbol \u2013 FCF y el Cuerpo T\u00e9cnico de la Selecci\u00f3n Colombia de Mayores, liderado por el director t\u00e9cnico N\u00e9stor Lorenzo,&nbsp;<strong>se permiten informar la lista de jugadores convocados para las fechas 7 y 8&nbsp;<\/strong>de las Clasificatorias al Mundial 2026.<\/p>\n\n\n\n<p>La Selecci\u00f3n se concentrar\u00e1 en Barranquilla desde el 31 de agosto hasta el 4 de septiembre, posteriormente, el combinado nacional viajar\u00e1 a Lima, el jueves 5, para enfrentar a Per\u00fa. Una vez finalizado el compromiso, los dirigidos por Lorenzo retornar\u00e1n al pa\u00eds para preparar el encuentro ante Argentina.<\/p>\n\n\n\n<p>A continuaci\u00f3n, el listado de los 26 seleccionados:<\/p>\n\n\n\n<ol class=\"wp-block-list\">\n<li>\u00c1lvaro Montero \u2013 Millonarios FC (COL)<\/li>\n\n\n\n<li>Camilo Vargas \u2013 Atlas F.C. (MEX)<\/li>\n\n\n\n<li>Carlos Cuesta \u2013 K.R.C. Genk (BEL)<\/li>\n\n\n\n<li>Cristian Borja \u2013 Club Am\u00e9rica (MEX)<\/li>\n\n\n\n<li>Daniel Mu\u00f1oz \u2013 Crystal Palace F.C. (ENG)<\/li>\n\n\n\n<li>James Rodr\u00edguez \u2013 Rayo Vallecano (ESP)<\/li>\n\n\n\n<li>Jefferson Lerma \u2013 Crystal Palace F.C. (ENG)<\/li>\n\n\n\n<li>Jhon Arias \u2013 Fluminense (BRA)<\/li>\n\n\n\n<li>Jhon C\u00f3rdoba \u2013 F.C. Krasnodar (RUS)<\/li>\n\n\n\n<li>Jhon J\u00e1der Dur\u00e1n \u2013 Aston Villa (ENG)<\/li>\n\n\n\n<li>Jhon Lucum\u00ed \u2013 Bologna F.C. (ITA)<\/li>\n\n\n\n<li>Jhon Sol\u00eds \u2013 Girona F.C. (ESP)<\/li>\n\n\n\n<li>Johan Mojica \u2013 R.C.D. Mallorca (ESP)<\/li>\n\n\n\n<li>Juan Camilo Hern\u00e1ndez \u2013 Columbus Crew (USA)<\/li>\n\n\n\n<li>Juan David Cabal \u2013 Juventus (ITA)<\/li>\n\n\n\n<li>Juan Fernando Quintero \u2013 Racing Club (ARG)<\/li>\n\n\n\n<li>Kevin Casta\u00f1o \u2013 F.C. Krasnodar (RUS)<\/li>\n\n\n\n<li>Kevin Mier \u2013 Cruz Azul (MEX)<\/li>\n\n\n\n<li>Luis D\u00edaz \u2013 Liverpool F.C. (ENG)<\/li>\n\n\n\n<li>Luis Sinisterra \u2013 A.F.C. Bournemouth (ENG)<\/li>\n\n\n\n<li>Rafael Santos Borr\u00e9 \u2013 Internacional (BRA)<\/li>\n\n\n\n<li>Richard R\u00edos \u2013 Palmeiras (BRA)<\/li>\n\n\n\n<li>Santiago Arias \u2013 E.C. Bah\u00eda (BRA)<\/li>\n\n\n\n<li>Y\u00e1ser Asprilla \u2013 Girona (ESP)<\/li>\n\n\n\n<li>Yerry Mina \u2013 Cagliari Calcio (ITA)<\/li>\n\n\n\n<li>Yerson Mosquera \u2013 Wolverhampton Wanderers (ENG)<\/li>\n<\/ol>\n\n\n\n<p>Les recordamos los horarios y fechas de los partidos:<\/p>\n\n\n\n<p><strong>6 de septiembre<\/strong><\/p>\n\n\n\n<p>Per\u00fa vs. Colombia<\/p>\n\n\n\n<p>Hora: 8:30 pm<\/p>\n\n\n\n<p>Estadio Nacional<\/p>\n\n\n\n<p>Transmisi\u00f3n: F\u00fatbol RCN y Gol Caracol<\/p>\n\n\n\n<p><strong>10 de septiembre<\/strong><\/p>\n\n\n\n<p>Colombia vs. Argentina<\/p>\n\n\n\n<p>Hora: 3:30 p.m.<\/p>\n\n\n\n<p>Estadio Metropolitano de Barranquilla<\/p>\n\n\n\n<p>Transmisi\u00f3n: F\u00fatbol RCN y Gol Caracol<\/p>\n\n\n\n<figure class=\"wp-block-image\"><img data-recalc-dims=\"1\" height=\"360\" width=\"640\" decoding=\"async\" src=\"https:\/\/i0.wp.com\/fcf.com.co\/wp-content\/uploads\/2024\/08\/image-1-1024x576.png?resize=640%2C360&#038;ssl=1\" alt=\"\" class=\"wp-image-107166\"\/><\/figure>\n","protected":false},"excerpt":{"rendered":"<p>El Departamento Deportivo de la Federaci\u00f3n Colombiana de F\u00fatbol \u2013 FCF y el Cuerpo T\u00e9cnico de la Selecci\u00f3n Colombia de Mayores, liderado por el director t\u00e9cnico N\u00e9stor Lorenzo,&nbsp;se permiten informar la lista de jugadores convocados para las fechas 7 y 8&nbsp;de las Clasificatorias al Mundial 2026. La Selecci\u00f3n se concentrar\u00e1 en Barranquilla desde el 31 [&hellip;]<\/p>\n","protected":false},"author":1,"featured_media":171649,"comment_status":"closed","ping_status":"closed","sticky":false,"template":"","format":"standard","meta":{"_acf_changed":false,"_jetpack_memberships_contains_paid_content":false,"footnotes":"","jetpack_publicize_message":"","jetpack_publicize_feature_enabled":true,"jetpack_social_post_already_shared":true,"jetpack_social_options":{"image_generator_settings":{"template":"highway","default_image_id":0,"font":"","enabled":false},"version":2}},"categories":[1],"tags":[],"class_list":["post-171648","post","type-post","status-publish","format-standard","has-post-thumbnail","hentry","category-uncategorized"],"acf":[],"jetpack_publicize_connections":[],"jetpack_featured_media_url":"https:\/\/i0.wp.com\/sportseco.com\/wp-content\/uploads\/2024\/08\/BANNER-CONVOCATORIA.png?fit=1920%2C1080&ssl=1","jetpack_sharing_enabled":true,"_links":{"self":[{"href":"https:\/\/sportseco.com\/index.php?rest_route=\/wp\/v2\/posts\/171648","targetHints":{"allow":["GET"]}}],"collection":[{"href":"https:\/\/sportseco.com\/index.php?rest_route=\/wp\/v2\/posts"}],"about":[{"href":"https:\/\/sportseco.com\/index.php?rest_route=\/wp\/v2\/types\/post"}],"author":[{"embeddable":true,"href":"https:\/\/sportseco.com\/index.php?rest_route=\/wp\/v2\/users\/1"}],"replies":[{"embeddable":true,"href":"https:\/\/sportseco.com\/index.php?rest_route=%2Fwp%2Fv2%2Fcomments&post=171648"}],"version-history":[{"count":1,"href":"https:\/\/sportseco.com\/index.php?rest_route=\/wp\/v2\/posts\/171648\/revisions"}],"predecessor-version":[{"id":171650,"href":"https:\/\/sportseco.com\/index.php?rest_route=\/wp\/v2\/posts\/171648\/revisions\/171650"}],"wp:featuredmedia":[{"embeddable":true,"href":"https:\/\/sportseco.com\/index.php?rest_route=\/wp\/v2\/media\/171649"}],"wp:attachment":[{"href":"https:\/\/sportseco.com\/index.php?rest_route=%2Fwp%2Fv2%2Fmedia&parent=171648"}],"wp:term":[{"taxonomy":"category","embeddable":true,"href":"https:\/\/sportseco.com\/index.php?rest_route=%2Fwp%2Fv2%2Fcategories&post=171648"},{"taxonomy":"post_tag","embeddable":true,"href":"https:\/\/sportseco.com\/index.php?rest_route=%2Fwp%2Fv2%2Ftags&post=171648"}],"curies":[{"name":"wp","href":"https:\/\/api.w.org\/{rel}","templated":true}]}}