{"id":171675,"date":"2024-08-30T08:51:54","date_gmt":"2024-08-30T12:51:54","guid":{"rendered":"https:\/\/sportseco.com\/?p=171675"},"modified":"2024-08-30T09:15:56","modified_gmt":"2024-08-30T13:15:56","slug":"colombia-suma-sus-dos-primeras-medallas-de-oro-en-los-juegos-paralimpicos-paris-2024","status":"publish","type":"post","link":"https:\/\/sportseco.com\/?p=171675","title":{"rendered":"Colombia suma sus dos primeras medallas de oro en los Juegos Paral\u00edmpicos Par\u00eds 2024"},"content":{"rendered":"\n<p><img decoding=\"async\" src=\"https:\/\/www.mindeporte.gov.co\/tools\/microsThumb.php?src=recursos_user\/imagenes\/2024\/AGOSTO\/30-08-2024\/ERIKA_CASTANO.jpeg&amp;w=700\" alt=\"Colombia suma sus dos primeras\"\/><\/p>\n\n\n\n<p><\/p>\n\n\n\n<p><em>Colombia suma sus dos primeras<\/em><\/p>\n\n\n\n<p>\u00a1J\u00fabilo nacional! Jos\u00e9 Gregorio Lemos y Erica Mar\u00eda Casta\u00f1o, dos orgullos colombianos, se subieron a lo m\u00e1s alto del podio en la capital francesa.<\/p>\n\n\n\n<p>Prensa Mindeporte<\/p>\n\n\n\n<p>Bogot\u00e1, 30 de agosto de 2024. \u00a1Un viernes para enmarcar en el deporte nacional! Jos\u00e9 Gregorio Lemos Rivas, en lanzamiento de jabalina F38; y Erica Mar\u00eda Casta\u00f1o, en lanzamiento de disco F55, conquistaron las dos primeras medallas de oro para Colombia en los Juegos Paral\u00edmpicos de Par\u00eds 2024.<\/p>\n\n\n\n<p>El primero en subir a lo m\u00e1s alto del podio en las justas paral\u00edmpicas fue Jos\u00e9 Gregorio, quien bati\u00f3 su propio r\u00e9cord mundial, que estaba en 61,76 m. Esta vez, el Para atleta colombiano alcanz\u00f3 los 63,81 m, registro que lo llev\u00f3 a obtener el oro, presea por la que hab\u00eda trabajado arduamente durante los \u00faltimos a\u00f1os.<br \/><br \/>\u00abGracias porque siempre nos hemos sentido respaldados del Ministerio del Deporte, es algo que realmente nosotros como deportistas le retribuimos y mostramos la mejor cara a nuestro pa\u00eds en el \u00e1rea del deporte, gracias al ministerio porque muy pocos tenemos el privilegio de estar aqu\u00ed representando a 51 millones de colombianos, es una responsabilidad muy grande y m\u00e1s con ese apoyo fundamental\u00bb, se\u00f1al\u00f3 el deportista al t\u00e9rmino de su prueba.<br \/><br \/>Nacido el 4 de junio de 1991 en Pradera, Valle del Cauca, con 33 a\u00f1os, ha demostrado ser una potencia deportiva en varias pruebas, incluyendo el lanzamiento de jabalina, la impulsi\u00f3n de bala y el salto largo, donde no solo ha ganado m\u00faltiples medallas, sino que ha establecido varios r\u00e9cords mundiales.<br \/><br \/>Jos\u00e9 Gregorio, quien alcanz\u00f3 un punto culminante durante los Juegos Paral\u00edmpicos de Tokio 2020, donde gan\u00f3 una medalla de oro en lanzamiento de jabalina y una medalla de bronce en salto largo, es beneficiario del programa Atleta Excelencia del Ministerio del Deporte, en la categor\u00eda Altius.<br \/><br \/><strong>Erika, pura potencia<br \/><br \/><\/strong>Por su parte, en el Estadio de Francia, Erica Mar\u00eda Casta\u00f1o Salazar, con una marca de 26.70 m, se coron\u00f3 campeona paral\u00edmpica en lanzamiento de disco F55.<br \/><br \/>A sus 38 a\u00f1os, ha participado en dos ediciones de los Juegos Paral\u00edmpicos: R\u00edo 2016 y Tokio 2020. Durante su carrera ha logrado importantes triunfos, como la medalla de oro en el Campeonato Mundial de Para-Atletismo en Dub\u00e1i 2019, en lanzamiento de jabalina, y la reciente medalla de oro en los Juegos Parapanamericanos de Santiago 2023, en la misma disciplina. Adem\u00e1s, en 2023, obtuvo una medalla de plata en el Campeonato Mundial de Para-Atletismo. En 2017, gan\u00f3 plata en lanzamiento de bala en el Campeonato Mundial de Para atletismo en Londres.<br \/><br \/>Desde 2016, Erica pertenece al programa Atleta Excelencia del Ministerio del Deporte, en la categor\u00eda Altius.<\/p>\n\n\n\n<p><\/p>\n\n\n\n<p>mindeporte.gov.co<\/p>\n","protected":false},"excerpt":{"rendered":"<p>Colombia suma sus dos primeras \u00a1J\u00fabilo nacional! Jos\u00e9 Gregorio Lemos y Erica Mar\u00eda Casta\u00f1o, dos orgullos colombianos, se subieron a lo m\u00e1s alto del podio en la capital francesa. Prensa Mindeporte Bogot\u00e1, 30 de agosto de 2024. \u00a1Un viernes para enmarcar en el deporte nacional! Jos\u00e9 Gregorio Lemos Rivas, en lanzamiento de jabalina F38; y [&hellip;]<\/p>\n","protected":false},"author":1,"featured_media":171676,"comment_status":"closed","ping_status":"closed","sticky":false,"template":"","format":"standard","meta":{"_acf_changed":false,"_jetpack_memberships_contains_paid_content":false,"footnotes":"","jetpack_publicize_message":"","jetpack_publicize_feature_enabled":true,"jetpack_social_post_already_shared":true,"jetpack_social_options":{"image_generator_settings":{"template":"highway","default_image_id":0,"font":"","enabled":false},"version":2}},"categories":[1],"tags":[],"class_list":["post-171675","post","type-post","status-publish","format-standard","has-post-thumbnail","hentry","category-uncategorized"],"acf":[],"jetpack_publicize_connections":[],"jetpack_featured_media_url":"https:\/\/i0.wp.com\/sportseco.com\/wp-content\/uploads\/2024\/08\/microsThumb-3.jpeg?fit=700%2C467&ssl=1","jetpack_sharing_enabled":true,"_links":{"self":[{"href":"https:\/\/sportseco.com\/index.php?rest_route=\/wp\/v2\/posts\/171675","targetHints":{"allow":["GET"]}}],"collection":[{"href":"https:\/\/sportseco.com\/index.php?rest_route=\/wp\/v2\/posts"}],"about":[{"href":"https:\/\/sportseco.com\/index.php?rest_route=\/wp\/v2\/types\/post"}],"author":[{"embeddable":true,"href":"https:\/\/sportseco.com\/index.php?rest_route=\/wp\/v2\/users\/1"}],"replies":[{"embeddable":true,"href":"https:\/\/sportseco.com\/index.php?rest_route=%2Fwp%2Fv2%2Fcomments&post=171675"}],"version-history":[{"count":2,"href":"https:\/\/sportseco.com\/index.php?rest_route=\/wp\/v2\/posts\/171675\/revisions"}],"predecessor-version":[{"id":171678,"href":"https:\/\/sportseco.com\/index.php?rest_route=\/wp\/v2\/posts\/171675\/revisions\/171678"}],"wp:featuredmedia":[{"embeddable":true,"href":"https:\/\/sportseco.com\/index.php?rest_route=\/wp\/v2\/media\/171676"}],"wp:attachment":[{"href":"https:\/\/sportseco.com\/index.php?rest_route=%2Fwp%2Fv2%2Fmedia&parent=171675"}],"wp:term":[{"taxonomy":"category","embeddable":true,"href":"https:\/\/sportseco.com\/index.php?rest_route=%2Fwp%2Fv2%2Fcategories&post=171675"},{"taxonomy":"post_tag","embeddable":true,"href":"https:\/\/sportseco.com\/index.php?rest_route=%2Fwp%2Fv2%2Ftags&post=171675"}],"curies":[{"name":"wp","href":"https:\/\/api.w.org\/{rel}","templated":true}]}}