{"id":171706,"date":"2024-08-31T08:22:12","date_gmt":"2024-08-31T12:22:12","guid":{"rendered":"https:\/\/sportseco.com\/?p=171706"},"modified":"2024-08-31T08:22:16","modified_gmt":"2024-08-31T12:22:16","slug":"dia-internacional-de-los-afrodescendientes31-de-agosto","status":"publish","type":"post","link":"https:\/\/sportseco.com\/?p=171706","title":{"rendered":"D\u00eda Internacional de los Afrodescendientes,31 de agosto"},"content":{"rendered":"\n<h2 class=\"wp-block-heading\">Homenaje a las contribuciones de la di\u00e1spora africana<\/h2>\n\n\n\n<p>Este a\u00f1o, la celebraci\u00f3n de este D\u00eda Internacional marca tambi\u00e9n el \u00faltimo a\u00f1o del Decenio Internacional de los Afrodescendientes: Una iniciativa de la Asamblea General para reconocer a las personas del continente americano con descendencia africana como un grupo con identidad propia, cuyos derechos deben ser salvaguardados. Igualmente, queremos resaltar las extraordinarias contribuciones de la di\u00e1spora africana en todo el mundo y eliminar todas las formas de discriminaci\u00f3n contra los afrodescendientes.<\/p>\n\n\n\n<p>Los d\u00edas internacionales reflejan los valores que comparte la sociedad. Todos los seres humanos nacen libres e iguales en dignidad y derechos y tienen el potencial de contribuir constructivamente al desarrollo y al bienestar de sus sociedades. Toda doctrina de superioridad racial es cient\u00edficamente falsa, moralmente condenable, socialmente injusta y peligrosa. Debe ser rechazada, junto con las teor\u00edas que intentan determinar la existencia de razas humanas separadas.<\/p>\n\n\n\n<p>Las Naciones Unidas condenan en\u00e9rgicamente las continuas pr\u00e1cticas violentas y el uso excesivo de la fuerza por los organismos encargados de hacer cumplir la ley contra los africanos y los afrodescendientes. Condenan el racismo estructural en los sistemas de justicia penal de todo el mundo. La Organizaci\u00f3n reconoce adem\u00e1s que la trata transatl\u00e1ntica de esclavos es uno de los cap\u00edtulos m\u00e1s oscuros de nuestra historia humana y defiende la dignidad humana y la igualdad<\/p>\n\n\n\n<figure class=\"wp-block-image\"><img data-recalc-dims=\"1\" decoding=\"async\" src=\"https:\/\/i0.wp.com\/www.un.org\/sites\/un2.un.org\/files\/2019\/12\/un_africandescent_posteres.jpg?w=640&#038;ssl=1\" alt=\"\"\/><\/figure>\n\n\n\n<h3 class=\"wp-block-heading\"><a href=\"https:\/\/www.un.org\/es\/observances\/decade-people-african-descent\">Decenio Internacional para los Afrodescendientes<\/a>&nbsp;(2015-2024)<\/h3>\n\n\n\n<p>El Decenio tiene como objetivo celebrar las importantes contribuciones de los afrodescendientes en todo el mundo. Sirve tambi\u00e9n para promover la justicia social y las pol\u00edticas de inclusi\u00f3n, erradicar el racismo y la intolerancia, promover los derechos humanos y ayudar a crear comunidades mejores y m\u00e1s pr\u00f3speras, en consonancia con los Objetivos de Desarrollo Sostenible.<\/p>\n\n\n\n<h3 class=\"wp-block-heading\">Avances y retos<\/h3>\n\n\n\n<p>En 2024 llegamos al final del Decenio Internacional de los Afrodescendientes. Si bien se han logrado algunos progresos en los planos legislativo, normativo e institucional, los afrodescendientes a\u00fan sufren formas interrelacionadas y complejas de discriminaci\u00f3n racial, marginaci\u00f3n y exclusi\u00f3n. En 2020, cinco a\u00f1os desde el inicio del Decenio, la pandemia por COVID-19 puso de manifiesto la urgencia de abordar las persistentes desigualdades estructurales y el racismo sistem\u00e1tico en la salud. La falta de reconocimiento sigue siendo uno de los principales obst\u00e1culos que impiden el disfrute pleno y efectivo de los derechos humanos por los afrodescendientes.<\/p>\n\n\n\n<p>El a\u00f1o 2020 supuso tambi\u00e9n un punto de inflexi\u00f3n en la forma en la que se abordaron estas cuestiones a nivel internacional y nacional. El asesinato de George Floyd moviliz\u00f3 a la gente para protestar contra el racismo y la discriminaci\u00f3n racial. Asimismo, provoc\u00f3 importantes debates mundiales sobre la justicia racial. El 19 de junio de 2020, el Consejo de Derechos Humanos aprob\u00f3 la&nbsp;<a href=\"https:\/\/undocs.org\/esA\/HRC\/RES\/43\/1\">resoluci\u00f3n<\/a>&nbsp;\u00abPromoci\u00f3n y protecci\u00f3n de los derechos humanos y las libertades fundamentales de los africanos y los afrodescendientes frente al uso excesivo de la fuerza y otras violaciones de los derechos humanos por los agentes del orden \u00ab. De conformidad con esta resoluci\u00f3n, la Alta Comisionada para los Derechos Humanos present\u00f3 al Consejo de Derechos Humanos en su 47\u00ba per\u00edodo de sesiones su&nbsp;<a href=\"https:\/\/undocs.org\/es\/A\/HRC\/47\/53\">programa para lograr un cambio transformador en favor de la justicia y la igualdad raciales<\/a>.<\/p>\n\n\n\n<p>Las sociedades de todo el mundo reconocen cada vez m\u00e1s el papel que desempe\u00f1a el racismo estructural en el aumento de las desigualdades sociales, econ\u00f3micas y pol\u00edticas. Varios pa\u00edses han declarado ilegales los perfiles raciales y la discriminaci\u00f3n y han introducido pol\u00edticas para promover los derechos y las opciones de los afrodescendientes.<\/p>\n\n\n\n<p>Los gobiernos han puesto en marcha iniciativas para visibilizara los afrodescendientes en las estad\u00edsticas con el fin de abordar las injusticias hist\u00f3ricas y acortar las brechas en el acceso a la atenci\u00f3n sanitaria, los servicios sociales y las oportunidades.<\/p>\n\n\n\n<p>Se necesitan m\u00e1s medidas, voluntad pol\u00edtica e inversiones para acabar con las desigualdades y garantizar el pleno empoderamiento de los afrodescendientes.<\/p>\n\n\n\n<p>https:\/\/youtube.com\/watch?v=n7dkSWbJbTM%3Fenablejsapi%3D1%26origin%3Dhttps%253A%252F%252Fwww.un.org<\/p>\n\n\n\n<p><\/p>\n\n\n\n<p>un.org<\/p>\n","protected":false},"excerpt":{"rendered":"<p>Homenaje a las contribuciones de la di\u00e1spora africana Este a\u00f1o, la celebraci\u00f3n de este D\u00eda Internacional marca tambi\u00e9n el \u00faltimo a\u00f1o del Decenio Internacional de los Afrodescendientes: Una iniciativa de la Asamblea General para reconocer a las personas del continente americano con descendencia africana como un grupo con identidad propia, cuyos derechos deben ser salvaguardados. [&hellip;]<\/p>\n","protected":false},"author":1,"featured_media":171707,"comment_status":"closed","ping_status":"closed","sticky":false,"template":"","format":"standard","meta":{"_acf_changed":false,"_jetpack_memberships_contains_paid_content":false,"footnotes":"","jetpack_publicize_message":"","jetpack_publicize_feature_enabled":true,"jetpack_social_post_already_shared":true,"jetpack_social_options":{"image_generator_settings":{"template":"highway","default_image_id":0,"font":"","enabled":false},"version":2}},"categories":[6],"tags":[],"class_list":["post-171706","post","type-post","status-publish","format-standard","has-post-thumbnail","hentry","category-ecologia"],"acf":[],"jetpack_publicize_connections":[],"jetpack_featured_media_url":"https:\/\/i0.wp.com\/sportseco.com\/wp-content\/uploads\/2024\/08\/brazil-racial-equality.jpg?fit=1350%2C500&ssl=1","jetpack_sharing_enabled":true,"_links":{"self":[{"href":"https:\/\/sportseco.com\/index.php?rest_route=\/wp\/v2\/posts\/171706","targetHints":{"allow":["GET"]}}],"collection":[{"href":"https:\/\/sportseco.com\/index.php?rest_route=\/wp\/v2\/posts"}],"about":[{"href":"https:\/\/sportseco.com\/index.php?rest_route=\/wp\/v2\/types\/post"}],"author":[{"embeddable":true,"href":"https:\/\/sportseco.com\/index.php?rest_route=\/wp\/v2\/users\/1"}],"replies":[{"embeddable":true,"href":"https:\/\/sportseco.com\/index.php?rest_route=%2Fwp%2Fv2%2Fcomments&post=171706"}],"version-history":[{"count":1,"href":"https:\/\/sportseco.com\/index.php?rest_route=\/wp\/v2\/posts\/171706\/revisions"}],"predecessor-version":[{"id":171708,"href":"https:\/\/sportseco.com\/index.php?rest_route=\/wp\/v2\/posts\/171706\/revisions\/171708"}],"wp:featuredmedia":[{"embeddable":true,"href":"https:\/\/sportseco.com\/index.php?rest_route=\/wp\/v2\/media\/171707"}],"wp:attachment":[{"href":"https:\/\/sportseco.com\/index.php?rest_route=%2Fwp%2Fv2%2Fmedia&parent=171706"}],"wp:term":[{"taxonomy":"category","embeddable":true,"href":"https:\/\/sportseco.com\/index.php?rest_route=%2Fwp%2Fv2%2Fcategories&post=171706"},{"taxonomy":"post_tag","embeddable":true,"href":"https:\/\/sportseco.com\/index.php?rest_route=%2Fwp%2Fv2%2Ftags&post=171706"}],"curies":[{"name":"wp","href":"https:\/\/api.w.org\/{rel}","templated":true}]}}