{"id":171738,"date":"2024-08-31T11:03:16","date_gmt":"2024-08-31T15:03:16","guid":{"rendered":"https:\/\/sportseco.com\/?p=171738"},"modified":"2024-09-02T09:01:41","modified_gmt":"2024-09-02T13:01:41","slug":"papa-francisco-los-pobres-son-los-que-mas-sufren-las-consecuencias-de-las-crisis-ambientales","status":"publish","type":"post","link":"https:\/\/sportseco.com\/?p=171738","title":{"rendered":"Papa Francisco: los pobres son los que m\u00e1s sufren las consecuencias de las crisis ambientales"},"content":{"rendered":"\n<p>Ciudad del Vaticano, 30 ago (EFE).- El papa Francisco asegura que son los pobres los que m\u00e1s sufren las consecuencias de las crisis ambientales, \u00ablos que se ven forzados a dejar su casa por inundaciones, olas de calor o sequ\u00edas\u00bb, expres\u00f3 este viernes en su v\u00eddeo mensual con las intenciones de oraci\u00f3n para septiembre.<\/p>\n\n\n\n<p>\u00abSi tomamos la temperatura al planeta nos dir\u00e1 que la Tierra tiene fiebre y se encuentra mal, como cualquier enfermo. Pero nosotros, \u00bfescuchamos este dolor? \u00bfEscuchamos el dolor de los millones de v\u00edctimas de las cat\u00e1strofes ambientales?\u00bb, se pregunt\u00f3 el pont\u00edfice.<\/p>\n\n\n\n<h2 class=\"wp-block-heading\">Inundaciones, sequ\u00eda&#8230;<\/h2>\n\n\n\n<p>Francisco record\u00f3 que las personas que m\u00e1s sufren las consecuencias de los desastres ambientales \u00abson los pobres, los que se ven forzados a dejar su casa por inundaciones, olas de calor o sequ\u00edas\u00bb.<\/p>\n\n\n\n<p>\u00abHacer frente a las crisis ambientales causadas por el hombre, como el cambio clim\u00e1tico, la contaminaci\u00f3n o la p\u00e9rdida de la biodiversidad, pide respuestas no solo ecol\u00f3gicas, sino tambi\u00e9n sociales, econ\u00f3micas y pol\u00edticas\u00bb, asever\u00f3.<\/p>\n\n\n\n<h2 class=\"wp-block-heading\">Protecci\u00f3n de la naturaleza<\/h2>\n\n\n\n<p>El papa pidi\u00f3 tambi\u00e9n el compromiso \u00aben la lucha contra la pobreza y la protecci\u00f3n de la naturaleza\u00bb, cambiando los \u00abh\u00e1bitos personales\u00bb y los de la comunidad.<\/p>\n\n\n\n<p>\u00abOremos para que cada uno de nosotros escuche con el coraz\u00f3n el clamor de la Tierra y el clamor de las v\u00edctimas de las cat\u00e1strofes ambientales y del cambio clim\u00e1tico, comprometi\u00e9ndonos personalmente a cuidar el mundo que habitamos\u00bb, sentenci\u00f3. EFE<br \/>cjc\/jma\/icn<\/p>\n\n\n\n<hr class=\"wp-block-separator has-alpha-channel-opacity\"\/>\n","protected":false},"excerpt":{"rendered":"<p>Ciudad del Vaticano, 30 ago (EFE).- El papa Francisco asegura que son los pobres los que m\u00e1s sufren las consecuencias de las crisis ambientales, \u00ablos que se ven forzados a dejar su casa por inundaciones, olas de calor o sequ\u00edas\u00bb, expres\u00f3 este viernes en su v\u00eddeo mensual con las intenciones de oraci\u00f3n para septiembre. \u00abSi [&hellip;]<\/p>\n","protected":false},"author":1,"featured_media":171739,"comment_status":"closed","ping_status":"closed","sticky":false,"template":"","format":"standard","meta":{"_acf_changed":false,"_jetpack_memberships_contains_paid_content":false,"footnotes":"","jetpack_publicize_message":"","jetpack_publicize_feature_enabled":true,"jetpack_social_post_already_shared":true,"jetpack_social_options":{"image_generator_settings":{"template":"highway","default_image_id":0,"font":"","enabled":false},"version":2}},"categories":[6],"tags":[],"class_list":["post-171738","post","type-post","status-publish","format-standard","has-post-thumbnail","hentry","category-ecologia"],"acf":[],"jetpack_publicize_connections":[],"jetpack_featured_media_url":"https:\/\/i0.wp.com\/sportseco.com\/wp-content\/uploads\/2024\/08\/EA3229-VATICAN-POPE-FRANCIS.jpg?fit=1920%2C1376&ssl=1","jetpack_sharing_enabled":true,"_links":{"self":[{"href":"https:\/\/sportseco.com\/index.php?rest_route=\/wp\/v2\/posts\/171738","targetHints":{"allow":["GET"]}}],"collection":[{"href":"https:\/\/sportseco.com\/index.php?rest_route=\/wp\/v2\/posts"}],"about":[{"href":"https:\/\/sportseco.com\/index.php?rest_route=\/wp\/v2\/types\/post"}],"author":[{"embeddable":true,"href":"https:\/\/sportseco.com\/index.php?rest_route=\/wp\/v2\/users\/1"}],"replies":[{"embeddable":true,"href":"https:\/\/sportseco.com\/index.php?rest_route=%2Fwp%2Fv2%2Fcomments&post=171738"}],"version-history":[{"count":1,"href":"https:\/\/sportseco.com\/index.php?rest_route=\/wp\/v2\/posts\/171738\/revisions"}],"predecessor-version":[{"id":171740,"href":"https:\/\/sportseco.com\/index.php?rest_route=\/wp\/v2\/posts\/171738\/revisions\/171740"}],"wp:featuredmedia":[{"embeddable":true,"href":"https:\/\/sportseco.com\/index.php?rest_route=\/wp\/v2\/media\/171739"}],"wp:attachment":[{"href":"https:\/\/sportseco.com\/index.php?rest_route=%2Fwp%2Fv2%2Fmedia&parent=171738"}],"wp:term":[{"taxonomy":"category","embeddable":true,"href":"https:\/\/sportseco.com\/index.php?rest_route=%2Fwp%2Fv2%2Fcategories&post=171738"},{"taxonomy":"post_tag","embeddable":true,"href":"https:\/\/sportseco.com\/index.php?rest_route=%2Fwp%2Fv2%2Ftags&post=171738"}],"curies":[{"name":"wp","href":"https:\/\/api.w.org\/{rel}","templated":true}]}}