{"id":171786,"date":"2024-09-01T08:44:45","date_gmt":"2024-09-01T12:44:45","guid":{"rendered":"https:\/\/sportseco.com\/?p=171786"},"modified":"2024-09-02T08:55:37","modified_gmt":"2024-09-02T12:55:37","slug":"el-apoyo-de-cali-a-la-seleccion-colombia-femenina-sub-20-es-total-nueve-hitos-de-la-ciudad-estan-iluminados-con-la-bandera-tricolor","status":"publish","type":"post","link":"https:\/\/sportseco.com\/?p=171786","title":{"rendered":"\u00a1El apoyo de Cali a la selecci\u00f3n Colombia Femenina Sub-20 es total! Nueve hitos de la ciudad est\u00e1n iluminados con la bandera tricolor"},"content":{"rendered":"\n<figure class=\"wp-block-image\"><img data-recalc-dims=\"1\" decoding=\"async\" src=\"https:\/\/i0.wp.com\/www.cali.gov.co\/serviciospublicos\/publicaciones\/182681\/el-apoyo-de-cali-a-la-seleccion-colombia-femenina-sub-20-es-total-nueve-hitos-de-la-ciudad-estan-iluminados-con-la-bandera-tricolor\/info\/principal\/media\/pubInt\/thumbs\/thpub_700X400_182681.jpg?w=640&#038;ssl=1\" alt=\"\u00a1El apoyo de Cali a la selecci\u00f3n Colombia Femenina Sub-20 es total! Nueve hitos de la ciudad est\u00e1n iluminados con la bandera tricolor\"\/><\/figure>\n\n\n\n<p>En Cali, los monumentos se iluminan en honor a nuestro equipo femenino de f\u00fatbol sub-20.<\/p>\n\n\n\n<blockquote class=\"wp-block-quote is-layout-flow wp-block-quote-is-layout-flow\">\n<ul class=\"wp-block-list\">\n<li><em>Desde el 31 de agosto, el monumento a Cristo Rey, las Gatas del R\u00edo, el Gato de Tejada, el Puente Ortiz, el monumento a Francisco de Paula Santander, la Fuente Pila del Crespo, La Medicina<\/em><em>, Isa\u00edas Gamboa y La Virgen, brillan en las noches con los colores del tricolor nacional, como s\u00edmbolo de apoyo y unidad del pueblo cale\u00f1o a la selecci\u00f3n Colombia que disputa la Copa Mundial Sub-20 Femenina de la FIFA.<\/em><br \/>\u00a0<\/li>\n\n\n\n<li><em>La Unidad Administrativa Especial de Servicios P\u00fablicos (Uaesp) ilumina durante el certamen mundialista nueve hitos y monumentos, considerados por su relevancia hist\u00f3rica y cultural como lugares de alta afluencia de cale\u00f1os y turistas.<\/em><\/li>\n<\/ul>\n<\/blockquote>\n\n\n\n<p><strong>Santiago de Cali, 31 de agosto de 2024<\/strong><br \/><br \/>No importa que la selecci\u00f3n Colombia juegue los primeros tres partidos de la Copa Mundial Sub-20 Femenina de la FIFA en Bogot\u00e1 (2) y Medell\u00edn (1). De cualquier forma, Cali demuestra el respaldo de toda su gente a las jugadoras&nbsp;<em>\u2018cafeteras\u2019,<\/em>&nbsp;iluminando de amarillo, azul y rojo&nbsp;<em>nueve hitos y monumentos de la ciudad<\/em>.<br \/><br \/>La Administraci\u00f3n Distrital, liderada por el alcalde Alejandro Eder, ha iluminado estos hitos ornamentales con el prop\u00f3sito de resaltar, desde los espacios m\u00e1s emblem\u00e1ticos de Cali, el apoyo y la gratitud hacia el combinado nacional, invitando a cale\u00f1os y turistas a visitarlos en el marco de la fiesta mundialista del f\u00fatbol femenino.<br \/><br \/><em>\u201cSon d\u00edas memorables. El pa\u00eds est\u00e1 unido, Cali est\u00e1 unida y nuestro prop\u00f3sito es trabajar para que la ciudad tenga espacios ordenados, limpios y confiables y, en este caso, iluminados con los colores de la bandera de nuestro pa\u00eds. Desde Cali le deseamos lo mejor a nuestro equipo femenino\u201d<\/em>, expres\u00f3 Camilo Murcia, director t\u00e9cnico de la Unidad Administrativa Especial de Servicios P\u00fablicos (<em>Uaesp<\/em>).<br \/><br \/>La Alcald\u00eda de Cali y toda la ciudadan\u00eda apoyar\u00e1n a la selecci\u00f3n Colombia en cada juego, iniciando el s\u00e1bado (<em>31.08.2024<\/em>) ante Australia. Clasific\u00e1ndose a&nbsp;<em>octavos de final<\/em>&nbsp;como primeras del Grupo A, las colombianas llegar\u00edan al estadio Pascual Guerrero para vivir en esta tierra una fiesta en torno al f\u00fatbol femenino.<br \/><br \/><strong>Los hitos que se iluminan en Cali durante el Mundial Femenino Sub-20<\/strong><\/p>\n\n\n\n<ul class=\"wp-block-list\">\n<li><em>Monumento a Cristo Rey<\/em>.<br \/>\u00a0<\/li>\n\n\n\n<li><em>Gatas del R\u00edo: Avenida 4N con calle 1B oeste.<\/em><br \/>\u00a0<\/li>\n\n\n\n<li><em>Gato de Tejada: Avenida 4N con calle 1B oeste.<\/em><br \/>\u00a0<\/li>\n\n\n\n<li><em>Puente Ortiz: Bulevar del R\u00edo, contiguo a la iglesia La Ermita.<\/em><br \/>\u00a0<\/li>\n\n\n\n<li><em>Francisco de Paula Santander: Calle 2A # 2-48.<\/em><br \/>\u00a0<\/li>\n\n\n\n<li><em>Fuente Pila del Crespo: Intersecci\u00f3n de la calle 5 con carrera 10.<\/em><br \/>\u00a0<\/li>\n\n\n\n<li><em>Isa\u00edas Gamboa: Carrera 4 # 12A-186.<\/em><br \/>\u00a0<\/li>\n\n\n\n<li><em>La Medicina:\u00a0<\/em>Frente a la Universidad del Valle, sede San Fernando.<br \/>\u00a0<\/li>\n\n\n\n<li><em>La Virgen:\u00a0Carrera 12 # 34-88, Comuna 8.<\/em><\/li>\n<\/ul>\n","protected":false},"excerpt":{"rendered":"<p>En Cali, los monumentos se iluminan en honor a nuestro equipo femenino de f\u00fatbol sub-20. Santiago de Cali, 31 de agosto de 2024 No importa que la selecci\u00f3n Colombia juegue los primeros tres partidos de la Copa Mundial Sub-20 Femenina de la FIFA en Bogot\u00e1 (2) y Medell\u00edn (1). De cualquier forma, Cali demuestra el [&hellip;]<\/p>\n","protected":false},"author":1,"featured_media":171787,"comment_status":"closed","ping_status":"closed","sticky":false,"template":"","format":"standard","meta":{"_acf_changed":false,"_jetpack_memberships_contains_paid_content":false,"footnotes":"","jetpack_publicize_message":"","jetpack_publicize_feature_enabled":true,"jetpack_social_post_already_shared":true,"jetpack_social_options":{"image_generator_settings":{"template":"highway","default_image_id":0,"font":"","enabled":false},"version":2}},"categories":[6],"tags":[],"class_list":["post-171786","post","type-post","status-publish","format-standard","has-post-thumbnail","hentry","category-ecologia"],"acf":[],"jetpack_publicize_connections":[],"jetpack_featured_media_url":"https:\/\/i0.wp.com\/sportseco.com\/wp-content\/uploads\/2024\/09\/thpub_700X400_182681.jpg?fit=669%2C400&ssl=1","jetpack_sharing_enabled":true,"_links":{"self":[{"href":"https:\/\/sportseco.com\/index.php?rest_route=\/wp\/v2\/posts\/171786","targetHints":{"allow":["GET"]}}],"collection":[{"href":"https:\/\/sportseco.com\/index.php?rest_route=\/wp\/v2\/posts"}],"about":[{"href":"https:\/\/sportseco.com\/index.php?rest_route=\/wp\/v2\/types\/post"}],"author":[{"embeddable":true,"href":"https:\/\/sportseco.com\/index.php?rest_route=\/wp\/v2\/users\/1"}],"replies":[{"embeddable":true,"href":"https:\/\/sportseco.com\/index.php?rest_route=%2Fwp%2Fv2%2Fcomments&post=171786"}],"version-history":[{"count":1,"href":"https:\/\/sportseco.com\/index.php?rest_route=\/wp\/v2\/posts\/171786\/revisions"}],"predecessor-version":[{"id":171788,"href":"https:\/\/sportseco.com\/index.php?rest_route=\/wp\/v2\/posts\/171786\/revisions\/171788"}],"wp:featuredmedia":[{"embeddable":true,"href":"https:\/\/sportseco.com\/index.php?rest_route=\/wp\/v2\/media\/171787"}],"wp:attachment":[{"href":"https:\/\/sportseco.com\/index.php?rest_route=%2Fwp%2Fv2%2Fmedia&parent=171786"}],"wp:term":[{"taxonomy":"category","embeddable":true,"href":"https:\/\/sportseco.com\/index.php?rest_route=%2Fwp%2Fv2%2Fcategories&post=171786"},{"taxonomy":"post_tag","embeddable":true,"href":"https:\/\/sportseco.com\/index.php?rest_route=%2Fwp%2Fv2%2Ftags&post=171786"}],"curies":[{"name":"wp","href":"https:\/\/api.w.org\/{rel}","templated":true}]}}