{"id":171801,"date":"2024-09-01T09:32:58","date_gmt":"2024-09-01T13:32:58","guid":{"rendered":"https:\/\/sportseco.com\/?p=171801"},"modified":"2024-09-02T08:53:20","modified_gmt":"2024-09-02T12:53:20","slug":"juegos-paralimpicos-de-paris-2024-medallas-resultados-y-resumen-del-31-de-agosto-%c2%b7-record-mundial-para-karen-palomeque-e-inaki-basiloff-primer-oro-de-argentina","status":"publish","type":"post","link":"https:\/\/sportseco.com\/?p=171801","title":{"rendered":"Juegos Paral\u00edmpicos de Par\u00eds 2024: Medallas, resultados y resumen del 31 de agosto \u00b7 R\u00e9cord mundial para Karen Palomeque e I\u00f1aki Basiloff, primer oro de Argentina"},"content":{"rendered":"\n<p><strong>Por\u00a0Joaqu\u00edn Cavanna y Marta Mart\u00edn<\/strong><img decoding=\"async\" src=\"https:\/\/img.olympics.com\/images\/image\/private\/t_s_16_9_g_auto\/t_s_w960\/f_auto\/primary\/rltnjf2zeswmwck5lxbq\" alt=\"Karen Palomeque, Colombia, Paralympics Paris 2024\"\/><\/p>\n\n\n\n<p>Foto por 2024 Getty Images<\/p>\n\n\n\n<p>Los&nbsp;<a href=\"https:\/\/olympics.com\/es\/paris-2024\"><strong>Juegos Paral\u00edmpicos de Par\u00eds 2024<\/strong><\/a>&nbsp;se disputan desde el 28 de agosto hasta el 8 de septiembre y atletas como&nbsp;<strong>Teresa Perales<\/strong>, de Espa\u00f1a, que busca su 28\u00aa medalla paral\u00edmpica;&nbsp;<strong>Amalia P\u00e9rez<\/strong>, de M\u00e9xico, que vive sus s\u00e9ptimos Juegos Paral\u00edmpicos, o la estrella cubana en Para atletismo,&nbsp;<strong>Omara Durand<\/strong>.<\/p>\n\n\n\n<p>Este&nbsp;<strong>31 de agosto<\/strong>&nbsp;fue una jornada en la que el Para atletismo espa\u00f1ol se alz\u00f3 con su primera medalla de oro, gracias a que&nbsp;<strong>Yassine Ouhdadi El Ataby<\/strong>&nbsp;revalidara su t\u00edtulo, ya logrado en Tokio 2020, en 5.000 metros T13.<\/p>\n\n\n\n<p>Tambi\u00e9n lo fue para el atletismo colombiano. Es que&nbsp;<strong>Karen Palomeque<\/strong>&nbsp;no s\u00f3lo se convirti\u00f3 en campeona paral\u00edmpica de los 100 metros T38, sino que adem\u00e1s estableci\u00f3 un nuevo r\u00e9cord mundial de la categor\u00eda. En esa misma carrera, su compatriota&nbsp;<strong>Darian Jim\u00e9nez<\/strong>&nbsp;se colg\u00f3 el bronce.<\/p>\n\n\n\n<p>Por su lado, el nadador&nbsp;<strong>I\u00f1aki Basiloff<\/strong>&nbsp;se convirti\u00f3 en el ganador del primer oro de Argentina en Par\u00eds 2024, mientras que el mexicano&nbsp;<strong>Luis N\u00e1jera<\/strong>&nbsp;gan\u00f3 la plata y sum\u00f3 la segunda medalla para M\u00e9xico en el Para taekwondo.<\/p>\n\n\n\n<p><em>Olympics.com<\/em>&nbsp;te ofrecer\u00e1 a diario el resumen detallado de cada jornada enfocado en los Para atletas espa\u00f1oles y latinos y las medallas destacadas.<\/p>\n\n\n\n<p>Descubre a continuaci\u00f3n los mejores momentos del d\u00eda 3 de competici\u00f3n.<a class=\"\" href=\"https:\/\/olympics.com\/es\/sign-in?entry_point_type=instory_campaign&amp;entry_point_tag=paris-2024&amp;template=paris-2024&amp;origin=https%3A%2F%2Folympics.com%2Fes%2Fparis-2024%2Fvideos%2Flist%2Fmejores-momentos\">LO MEJOR DE PARIS 2024 | \u00a1Consigue acceso ilimitado a repeticiones, momentos destacados y mucho m\u00e1s contenido de Paris 2024 con tu membres\u00eda ol\u00edmpica gratuita! \ud83d\udcfa\ud83e\udd47<\/a><\/p>\n\n\n\n<h2 class=\"wp-block-heading\">Momento del d\u00eda (31 de agosto): el oro y r\u00e9cord mundial de Karen Palomeque<\/h2>\n\n\n\n<p>El Para atletismo colombiano vivi\u00f3 una jornada de celebraciones y prestigio en este s\u00e1bado 31 de agosto en los Juegos Paral\u00edmpicos de Par\u00eds 2024. Es que en la fina de los 100 metros femeninos T38 dos velocistas colombianas integraron el podio paral\u00edmpico.<\/p>\n\n\n\n<p>La gran protagonista de la jornada fue&nbsp;<strong>Karen Palomeque<\/strong>, quien no s\u00f3lo se llev\u00f3 la medalla de oro en esa prueba en sus primeros Juegos Paral\u00edmpicos, sino que encima lo hizo con un nuevo r\u00e9cord del mundo de la categor\u00eda.<\/p>\n\n\n\n<p>La nacida en Medell\u00edn estableci\u00f3 un reloj de 12.26 segundos y registr\u00f3 la marca m\u00e1s r\u00e1pida de la historia en los 100 m T38. As\u00ed, pulveriz\u00f3 la anterior plusmarca de 12.38 segundos, que estaba en manos de la brit\u00e1nica Sophie Hahn, obtenida prec\u00edsamente en los Juegos Paral\u00edmpicos de Tokio 2020.<\/p>\n\n\n\n<p>A sus 30 a\u00f1os, Palomeque se estren\u00f3 en los podios paral\u00edmpicos y se confirm\u00f3 como una de las potencias latinas de la velocidad del Para atletismo. Adem\u00e1s de este oro, acumula cinco medallas de oro, una de plata y una de bronce en Campeonatos del Mundo, mientras que cosech\u00f3 otros 5 oros en todas las pruebas en las que compiti\u00f3 de los Juegos Parapanamericanos de Santiago 2023.<\/p>\n\n\n\n<p>As\u00ed y todo, todav\u00eda quedar\u00e1 m\u00e1s de Palomeque en Par\u00eds 2024. Tambi\u00e9n competir\u00e1 en los 400 metros T38 y en el salto de longitud femenino T38.<\/p>\n\n\n\n<p>As\u00ed y todo, en la final de los 100 metros T38 tambi\u00e9n hubo lugar para que brille otra colombiana. Es que&nbsp;<strong>Darian Jim\u00e9nez<\/strong>, doble medallista paral\u00edmpica en Tokio 2020, se llev\u00f3 la medalla de bronce. Estableci\u00f3 un reloj de 12.53 segundos, que signific\u00f3 su mejor marca de la temporada. La Para atleta de 24 a\u00f1os tambi\u00e9n competir\u00e1 en Par\u00eds 2024 en los 400 metros T38.<\/p>\n\n\n\n<p><\/p>\n\n\n\n<p>olympics.com<\/p>\n","protected":false},"excerpt":{"rendered":"<p>Por\u00a0Joaqu\u00edn Cavanna y Marta Mart\u00edn Foto por 2024 Getty Images Los&nbsp;Juegos Paral\u00edmpicos de Par\u00eds 2024&nbsp;se disputan desde el 28 de agosto hasta el 8 de septiembre y atletas como&nbsp;Teresa Perales, de Espa\u00f1a, que busca su 28\u00aa medalla paral\u00edmpica;&nbsp;Amalia P\u00e9rez, de M\u00e9xico, que vive sus s\u00e9ptimos Juegos Paral\u00edmpicos, o la estrella cubana en Para atletismo,&nbsp;Omara Durand. [&hellip;]<\/p>\n","protected":false},"author":1,"featured_media":171802,"comment_status":"closed","ping_status":"closed","sticky":false,"template":"","format":"standard","meta":{"_acf_changed":false,"_jetpack_memberships_contains_paid_content":false,"footnotes":"","jetpack_publicize_message":"","jetpack_publicize_feature_enabled":true,"jetpack_social_post_already_shared":true,"jetpack_social_options":{"image_generator_settings":{"template":"highway","default_image_id":0,"font":"","enabled":false},"version":2}},"categories":[38],"tags":[],"class_list":["post-171801","post","type-post","status-publish","format-standard","has-post-thumbnail","hentry","category-olimpicos"],"acf":[],"jetpack_publicize_connections":[],"jetpack_featured_media_url":"https:\/\/sportseco.com\/wp-content\/uploads\/2024\/09\/rltnjf2zeswmwck5lxbq.avif","jetpack_sharing_enabled":true,"_links":{"self":[{"href":"https:\/\/sportseco.com\/index.php?rest_route=\/wp\/v2\/posts\/171801","targetHints":{"allow":["GET"]}}],"collection":[{"href":"https:\/\/sportseco.com\/index.php?rest_route=\/wp\/v2\/posts"}],"about":[{"href":"https:\/\/sportseco.com\/index.php?rest_route=\/wp\/v2\/types\/post"}],"author":[{"embeddable":true,"href":"https:\/\/sportseco.com\/index.php?rest_route=\/wp\/v2\/users\/1"}],"replies":[{"embeddable":true,"href":"https:\/\/sportseco.com\/index.php?rest_route=%2Fwp%2Fv2%2Fcomments&post=171801"}],"version-history":[{"count":2,"href":"https:\/\/sportseco.com\/index.php?rest_route=\/wp\/v2\/posts\/171801\/revisions"}],"predecessor-version":[{"id":171804,"href":"https:\/\/sportseco.com\/index.php?rest_route=\/wp\/v2\/posts\/171801\/revisions\/171804"}],"wp:featuredmedia":[{"embeddable":true,"href":"https:\/\/sportseco.com\/index.php?rest_route=\/wp\/v2\/media\/171802"}],"wp:attachment":[{"href":"https:\/\/sportseco.com\/index.php?rest_route=%2Fwp%2Fv2%2Fmedia&parent=171801"}],"wp:term":[{"taxonomy":"category","embeddable":true,"href":"https:\/\/sportseco.com\/index.php?rest_route=%2Fwp%2Fv2%2Fcategories&post=171801"},{"taxonomy":"post_tag","embeddable":true,"href":"https:\/\/sportseco.com\/index.php?rest_route=%2Fwp%2Fv2%2Ftags&post=171801"}],"curies":[{"name":"wp","href":"https:\/\/api.w.org\/{rel}","templated":true}]}}