{"id":171820,"date":"2024-09-01T20:49:48","date_gmt":"2024-09-02T00:49:48","guid":{"rendered":"https:\/\/sportseco.com\/?p=171820"},"modified":"2024-09-02T08:51:15","modified_gmt":"2024-09-02T12:51:15","slug":"los-incendios-forestales-de-canada-en-2023-emitieron-tanto-co2-como-la-india-en-un-ano","status":"publish","type":"post","link":"https:\/\/sportseco.com\/?p=171820","title":{"rendered":"Los incendios forestales de Canad\u00e1 en 2023 emitieron tanto CO2 como la India en un a\u00f1o"},"content":{"rendered":"\n<p>Toronto (Canad\u00e1), 30 ago (EFE).- Los incendios en Canad\u00e1 en 2023 liberaron 647 megatoneladas de CO2, igualando las emisiones anuales de India y superando a Alemania o Jap\u00f3n.<\/p>\n\n\n\n<p>Un estudio publicado en la revista cient\u00edfica Nature. advierte que las altas temperaturas que propiciaron estos incendios ser\u00e1n habituales para 2050, amenazando la capacidad de los bosques canadienses de retener carbono.<\/p>\n\n\n\n<p>El estudio cifra en 647 megatoneladas de CO2 las emisiones causadas por los fuegos forestales canadienses entre mayo y septiembre de 2023, la temporada de incendios de Canad\u00e1.<\/p>\n\n\n\n<p>Y los autores del estudio, un grupo de cient\u00edficos de Estados Unidos, Canad\u00e1 y los Pa\u00edses Bajos dirigidos por Brendan Byrne, del Jet Propulsion Laboratory de Pasadena (EE.UU.), advierten que aunque los incendios de 2023 fueron alimentados por temperaturas excepcionalmente superiores a la media, en el futuro esas condiciones ser\u00e1n la norma.<\/p>\n\n\n\n<p>\u00abLas c\u00e1lidas temperaturas de 2023 fueron excepcionales basadas en los \u00faltimos 44 a\u00f1os pero los modelos de clima CMIP6 proyectan que las temperaturas de 2023 ser\u00e1 las normales para 2050\u00bb, se\u00f1alan los autores.<\/p>\n\n\n\n<p>\u00abTales cambios probablemente aumentar\u00e1n la actividad de incendios, arriesgando el potencial de los bosques canadienses\u00bb para retener el carbono, a\u00f1aden.<\/p>\n\n\n\n<p>El riesgo es importante, ya que los bosques canadienses, por su extensi\u00f3n y caracter\u00edsticas, retienen una gran cantidad de carbono, lo que contribuye a ralentizar el calentamiento global.<\/p>\n\n\n\n<p>La masa forestal canadiense cubre cerca de 362 millones de hect\u00e1reas y representa el 8,5 % del total mundial.<\/p>\n\n\n\n<p>Los autores del estudio tambi\u00e9n indican que los incendios forestales influir\u00e1n en los compromisos internacionales de Canad\u00e1 en emisiones.<\/p>\n\n\n\n<p>Esto se debe a que las emisiones en 2023 de los incendios forestales en bosques considerados parte de las actividades humanas fueron de 421 megatoneladas de CO2, lo que supone las totalidad de la econom\u00eda canadiense durante unos 3 a\u00f1os.<\/p>\n\n\n\n<p>\u00abAunque la magnitud es incierta, es probable que el aumento de la actividad de los incendios en los bosques canadienses reduzca la capacidad de esos bosques para actuar como un sumidero de carbono\u00bb, advierte el estudio. EFE<br \/>jcr\/jmr\/icn<\/p>\n","protected":false},"excerpt":{"rendered":"<p>Toronto (Canad\u00e1), 30 ago (EFE).- Los incendios en Canad\u00e1 en 2023 liberaron 647 megatoneladas de CO2, igualando las emisiones anuales de India y superando a Alemania o Jap\u00f3n. Un estudio publicado en la revista cient\u00edfica Nature. advierte que las altas temperaturas que propiciaron estos incendios ser\u00e1n habituales para 2050, amenazando la capacidad de los bosques [&hellip;]<\/p>\n","protected":false},"author":1,"featured_media":171821,"comment_status":"closed","ping_status":"closed","sticky":false,"template":"","format":"standard","meta":{"_acf_changed":false,"_jetpack_memberships_contains_paid_content":false,"footnotes":"","jetpack_publicize_message":"","jetpack_publicize_feature_enabled":true,"jetpack_social_post_already_shared":true,"jetpack_social_options":{"image_generator_settings":{"template":"highway","default_image_id":0,"font":"","enabled":false},"version":2}},"categories":[6],"tags":[],"class_list":["post-171820","post","type-post","status-publish","format-standard","has-post-thumbnail","hentry","category-ecologia"],"acf":[],"jetpack_publicize_connections":[],"jetpack_featured_media_url":"https:\/\/i0.wp.com\/sportseco.com\/wp-content\/uploads\/2024\/09\/canada-bomero-McMurray-EFE-Chris-Schwarz-Alberta-Government.jpg?fit=800%2C532&ssl=1","jetpack_sharing_enabled":true,"_links":{"self":[{"href":"https:\/\/sportseco.com\/index.php?rest_route=\/wp\/v2\/posts\/171820","targetHints":{"allow":["GET"]}}],"collection":[{"href":"https:\/\/sportseco.com\/index.php?rest_route=\/wp\/v2\/posts"}],"about":[{"href":"https:\/\/sportseco.com\/index.php?rest_route=\/wp\/v2\/types\/post"}],"author":[{"embeddable":true,"href":"https:\/\/sportseco.com\/index.php?rest_route=\/wp\/v2\/users\/1"}],"replies":[{"embeddable":true,"href":"https:\/\/sportseco.com\/index.php?rest_route=%2Fwp%2Fv2%2Fcomments&post=171820"}],"version-history":[{"count":1,"href":"https:\/\/sportseco.com\/index.php?rest_route=\/wp\/v2\/posts\/171820\/revisions"}],"predecessor-version":[{"id":171822,"href":"https:\/\/sportseco.com\/index.php?rest_route=\/wp\/v2\/posts\/171820\/revisions\/171822"}],"wp:featuredmedia":[{"embeddable":true,"href":"https:\/\/sportseco.com\/index.php?rest_route=\/wp\/v2\/media\/171821"}],"wp:attachment":[{"href":"https:\/\/sportseco.com\/index.php?rest_route=%2Fwp%2Fv2%2Fmedia&parent=171820"}],"wp:term":[{"taxonomy":"category","embeddable":true,"href":"https:\/\/sportseco.com\/index.php?rest_route=%2Fwp%2Fv2%2Fcategories&post=171820"},{"taxonomy":"post_tag","embeddable":true,"href":"https:\/\/sportseco.com\/index.php?rest_route=%2Fwp%2Fv2%2Ftags&post=171820"}],"curies":[{"name":"wp","href":"https:\/\/api.w.org\/{rel}","templated":true}]}}