{"id":171838,"date":"2024-09-02T08:38:33","date_gmt":"2024-09-02T12:38:33","guid":{"rendered":"https:\/\/sportseco.com\/?p=171838"},"modified":"2024-09-02T08:48:06","modified_gmt":"2024-09-02T12:48:06","slug":"dia-del-trabajo-en-estados-unidos-primer-lunes-de-septiembre","status":"publish","type":"post","link":"https:\/\/sportseco.com\/?p=171838","title":{"rendered":"D\u00cdA DEL TRABAJO EN ESTADOS UNIDOS | PRIMER LUNES DE SEPTIEMBRE"},"content":{"rendered":"\n<p>El D\u00eda del Trabajo, el primer lunes de cada septiembre, reconoce a los hombres y mujeres que trabajan para construir este pa\u00eds. A trav\u00e9s de una tradici\u00f3n consagrada por el tiempo y con ra\u00edces en los esfuerzos coordinados del movimiento obrero del siglo XIX, saludamos a la fuerza laboral estadounidense.<\/p>\n\n\n\n<h1 class=\"wp-block-heading\">D\u00edaDelTrabajo<\/h1>\n\n\n\n<p>Desde la fundaci\u00f3n de los Estados Unidos, el pa\u00eds ha dependido de su fuerza laboral para su infraestructura. Desde sus calles y edificios hasta su transporte y seguridad, la naci\u00f3n funciona gracias al trabajo. El trabajo de lo que creamos, construimos y cosechamos alimenta nuestra educaci\u00f3n e inspira nuestros sue\u00f1os.<\/p>\n\n\n\n<p><br \/>Este D\u00eda Nacional tambi\u00e9n se\u00f1ala el fin oficial del verano. Quienes trabajan duro tambi\u00e9n necesitan tiempo para divertirse. Con el inicio del a\u00f1o escolar y el final del verano, se acerca el fin de semana largo. Usan el d\u00eda extra ganado para pasarlo con sus familias y descansar un poco. Algunos explorar\u00e1n ciudades mientras que otros buscar\u00e1n aventuras al aire libre. No importa d\u00f3nde lo pasen, es un d\u00eda bien merecido.<\/p>\n\n\n\n<p>C\u00d3MO CELEBRAR EL D\u00cdA DEL TRABAJO<br \/>Muchas familias pasan el fin de semana del D\u00eda del Trabajo de vacaciones. \u00a1Llenan los campamentos o exploran pueblos tur\u00edsticos para un \u00faltimo hurra! Mientras celebra este d\u00eda, considere y aprecie su arduo trabajo y c\u00f3mo ha contribuido al bienestar y la prosperidad de nuestro pa\u00eds. Use #LaborDay para publicar en las redes sociales.<\/p>\n\n\n\n<p>HISTORIA DEL D\u00cdA DEL TRABAJO<br \/>El 5 de septiembre de 1882, el D\u00eda del Trabajo rindi\u00f3 homenaje por primera vez a los trabajadores de la ciudad de Nueva York. M\u00e1s tarde, en 1884, la celebraci\u00f3n se traslad\u00f3 al primer lunes de septiembre. Sin embargo, ninguna entidad gubernamental reconoci\u00f3 oficialmente la celebraci\u00f3n hasta 1885, cuando se aprob\u00f3 una ordenanza municipal. Curiosamente, Oreg\u00f3n reconoci\u00f3 el d\u00eda en 1887, antes de que se aprobara la ley del estado de Nueva York. A medida que m\u00e1s estados reconoc\u00edan la celebraci\u00f3n, su popularidad creci\u00f3. Luego, en 1894, el Congreso declar\u00f3 que el d\u00eda era una celebraci\u00f3n nacional.<\/p>\n\n\n\n<p> <\/p>\n\n\n\n<p><\/p>\n\n\n\n<p>nationaldaycalendar.com<\/p>\n","protected":false},"excerpt":{"rendered":"<p>El D\u00eda del Trabajo, el primer lunes de cada septiembre, reconoce a los hombres y mujeres que trabajan para construir este pa\u00eds. A trav\u00e9s de una tradici\u00f3n consagrada por el tiempo y con ra\u00edces en los esfuerzos coordinados del movimiento obrero del siglo XIX, saludamos a la fuerza laboral estadounidense. D\u00edaDelTrabajo Desde la fundaci\u00f3n de [&hellip;]<\/p>\n","protected":false},"author":1,"featured_media":171839,"comment_status":"closed","ping_status":"closed","sticky":false,"template":"","format":"standard","meta":{"_acf_changed":false,"_jetpack_memberships_contains_paid_content":false,"footnotes":"","jetpack_publicize_message":"","jetpack_publicize_feature_enabled":true,"jetpack_social_post_already_shared":true,"jetpack_social_options":{"image_generator_settings":{"template":"highway","default_image_id":0,"font":"","enabled":false},"version":2}},"categories":[6],"tags":[],"class_list":["post-171838","post","type-post","status-publish","format-standard","has-post-thumbnail","hentry","category-ecologia"],"acf":[],"jetpack_publicize_connections":[],"jetpack_featured_media_url":"https:\/\/i0.wp.com\/sportseco.com\/wp-content\/uploads\/2024\/09\/MjA4NzUwNTQ2NTg3MjMxNDA1.webp?fit=1920%2C1080&ssl=1","jetpack_sharing_enabled":true,"_links":{"self":[{"href":"https:\/\/sportseco.com\/index.php?rest_route=\/wp\/v2\/posts\/171838","targetHints":{"allow":["GET"]}}],"collection":[{"href":"https:\/\/sportseco.com\/index.php?rest_route=\/wp\/v2\/posts"}],"about":[{"href":"https:\/\/sportseco.com\/index.php?rest_route=\/wp\/v2\/types\/post"}],"author":[{"embeddable":true,"href":"https:\/\/sportseco.com\/index.php?rest_route=\/wp\/v2\/users\/1"}],"replies":[{"embeddable":true,"href":"https:\/\/sportseco.com\/index.php?rest_route=%2Fwp%2Fv2%2Fcomments&post=171838"}],"version-history":[{"count":1,"href":"https:\/\/sportseco.com\/index.php?rest_route=\/wp\/v2\/posts\/171838\/revisions"}],"predecessor-version":[{"id":171840,"href":"https:\/\/sportseco.com\/index.php?rest_route=\/wp\/v2\/posts\/171838\/revisions\/171840"}],"wp:featuredmedia":[{"embeddable":true,"href":"https:\/\/sportseco.com\/index.php?rest_route=\/wp\/v2\/media\/171839"}],"wp:attachment":[{"href":"https:\/\/sportseco.com\/index.php?rest_route=%2Fwp%2Fv2%2Fmedia&parent=171838"}],"wp:term":[{"taxonomy":"category","embeddable":true,"href":"https:\/\/sportseco.com\/index.php?rest_route=%2Fwp%2Fv2%2Fcategories&post=171838"},{"taxonomy":"post_tag","embeddable":true,"href":"https:\/\/sportseco.com\/index.php?rest_route=%2Fwp%2Fv2%2Ftags&post=171838"}],"curies":[{"name":"wp","href":"https:\/\/api.w.org\/{rel}","templated":true}]}}