{"id":171883,"date":"2024-09-02T20:39:50","date_gmt":"2024-09-03T00:39:50","guid":{"rendered":"https:\/\/sportseco.com\/?p=171883"},"modified":"2024-09-02T20:39:54","modified_gmt":"2024-09-03T00:39:54","slug":"esta-sera-la-nomina-de-la-seleccion-colombia-colombiana-en-el-campeonato-mundial-de-ruta-zurich-2024","status":"publish","type":"post","link":"https:\/\/sportseco.com\/?p=171883","title":{"rendered":"Esta ser\u00e1 la n\u00f3mina de la Selecci\u00f3n Colombia \u2018Colombiana\u2019 en el Campeonato Mundial de Ruta Z\u00farich 2024"},"content":{"rendered":"\n<figure class=\"wp-block-image\"><img data-recalc-dims=\"1\" decoding=\"async\" src=\"https:\/\/i0.wp.com\/efbt585jris.exactdn.com\/wp-content\/uploads\/2024\/08\/Ciclismo-Ruta-Paris2024.jpg?w=640&#038;ssl=1\" alt=\"\"\/><\/figure>\n\n\n\n<p>La ciudad de Z\u00farich, en Suiza, acoger\u00e1 del 21 al 29 de septiembre las competencias del Campeonato Mundial de Ruta, que se llevar\u00e1n a cabo simult\u00e1neamente en convencional y paracycling y en las cuales estar\u00e1n presentes las Selecciones Colombia \u2018Colombiana\u2019 de cada modalidad, gracias al apoyo de la Federaci\u00f3n Colombiana de Ciclismo, el Ministerio del Deporte y el Comit\u00e9 Ol\u00edmpico Colombiano.<\/p>\n\n\n\n<p>En la ruta convencional ser\u00e1n 18 los ciclistas en cinco categor\u00edas los que estar\u00e1n representando al pa\u00eds en las pruebas contrarreloj y de fondo que se disputar\u00e1n en la capital econ\u00f3mica y financiera de Suiza.<\/p>\n\n\n\n<p>La n\u00f3mina colombiana estar\u00e1 encabezada por el subcampe\u00f3n del Giro de Italia 2024&nbsp;<strong>Daniel Felipe Mart\u00ednez<\/strong>&nbsp;(Red Bull \u2013 BORA \u2013 hansgrohe), quien representar\u00e1 a nuestro pa\u00eds en un evento orbital por primera vez desde Imola 2020, y que viene de competir en los Juegos Ol\u00edmpicos Par\u00eds 2024, en los que finaliz\u00f3 en la casilla 25.<\/p>\n\n\n\n<p>Junto a Mart\u00ednez estar\u00e1 el bogotano&nbsp;<strong>Santiago Buitrago<\/strong>, del Bahrain \u2013 Victorious, que viene de finalizar en la casilla 19 en Par\u00eds 2024; de ser subcampe\u00f3n de la Vuelta a la Comunidad Valenciana y de terminar en el d\u00e9cimo lugar en el Tour de Francia.<\/p>\n\n\n\n<p>La Selecci\u00f3n Colombia \u2018Colombiana\u2019, que estar\u00e1 en Suiza bajo las \u00f3rdenes del entrenador nacional Carlos Mario Jaramillo, tendr\u00e1 adem\u00e1s en la categor\u00eda \u00e9lite a&nbsp;<strong>Harold Tejada<\/strong>&nbsp;(Astana Qazaqstan Team), ganador de la segunda etapa y sexto de la general en el Tour Colombia, quien adem\u00e1s se encuentra disputando la Vuelta a Espa\u00f1a;&nbsp;<strong>Einer Rubio<\/strong>&nbsp;(Movistar Team), s\u00e9ptimo de la general en el Giro de Italia y que tambi\u00e9n se encuentra corriendo la Vuelta a Espa\u00f1a, y&nbsp;<strong>Walter Vargas<\/strong>&nbsp;(Team Medellin \u2013 EPM), campe\u00f3n panamericano de la contrarreloj en Brasil y subcampe\u00f3n del Tour de Gila.<\/p>\n\n\n\n<p>En la categor\u00eda Sub-23, estar\u00e1n presentes&nbsp;<strong>Diego Pescador<\/strong>&nbsp;(GW Erco Shimano), quien viene de finalizar s\u00e9ptimo en el Tour de L\u2019Avenir;&nbsp;<strong>Mauricio Zapata<\/strong>&nbsp;(Petrolike), mejor latinoamericano en el Giro d\u2019Italia Next Gen;&nbsp;<strong>Jaider Mu\u00f1oz<\/strong>&nbsp;(Team Sistecr\u00e9dito), tercero en la general de la Vuelta de la Juventud y subcampe\u00f3n panamericano de ruta en Brasil, y&nbsp;<strong>Jeferson Ruiz<\/strong>&nbsp;(GW Erco Shimano), ganador de la primera etapa de la Vuelta de la Juventud y que viene de correr en Europa el Tour de L\u2019Avenir y el Giro d\u2019Italia Next Gen.<\/p>\n\n\n\n<p>En junior, los representantes nacionales ser\u00e1n:&nbsp;<strong>Juan Diego Quintero<\/strong>&nbsp;(Team Sistecr\u00e9dito), campe\u00f3n nacional de ruta de la categor\u00eda;&nbsp;<strong>Robinson Rinc\u00f3n<\/strong>&nbsp;(Team Polti Kometa Junior), campe\u00f3n panamericano de la contrarreloj y&nbsp;<strong>Juan Miguel D\u00edaz Garc\u00eda<\/strong>&nbsp;(Team INCA), campe\u00f3n nacional de la contrarreloj y de la Classic Jean-Patrick Dubuisson U19 en Francia.<\/p>\n\n\n\n<p>Por su parte, en la categor\u00eda femenina \u00e9lite, el equipo nacional tendr\u00e1 presencia con tres corredoras \u00e9lite:&nbsp;<strong>Paula Pati\u00f1o<\/strong>&nbsp;(Movistar Team), actual campeona nacional de ruta;&nbsp;<strong>Diana Carolina Pe\u00f1uela<\/strong>&nbsp;(DNA Pro Cycling), campeona nacional de la contrarreloj y subcampeona de la ruta, y&nbsp;<strong>Estefan\u00eda Herrera<\/strong>&nbsp;(Mujeres Antioquia Orgullo Paisa) que viene de finalizar tercera en la general de la Vuelta a Colombia Femenina y de ser subcampeona de las Cl\u00e1sicas del Carmen de Viboral y Girardot. As\u00ed mismo estar\u00e1 la corredora Sub-23&nbsp;<strong>Juliana Londo\u00f1o David<\/strong>&nbsp;(WCC Team), campeona de la Cl\u00e1sica de Rionegro y que viene de ser la primera colombiana en disputar el Tour de L\u2019Avenir femenino, certamen en el que termin\u00f3 en la casilla 32 con el equipo del Centro Mundial de Ciclismo de la UCI.<\/p>\n\n\n\n<p>En junior damas estar\u00e1n en competencia&nbsp;<strong>Luciana Osorio Betancur<\/strong>&nbsp;(Team Sistecr\u00e9dito), bicampeona panamericana, bolivariana y nacional de ruta y contrarreloj y&nbsp;<strong>Mariana Burgos<\/strong>&nbsp;(Racconigi Cycling Team), sexto lugar en la CRI y und\u00e9cimo en la ruta en los Juegos Bolivarianos de la Juventud.<\/p>\n\n\n\n<p>Las competencias del Mundial de ruta se abrir\u00e1n el domingo 22 de septiembre, con las pruebas contrarreloj en las categor\u00edas \u00e9lite, en las que se recorrer\u00e1n distancias de 29.9 kil\u00f3metros para las damas y de 46.1km para los varones.<\/p>\n\n\n\n<p>La actividad continuar\u00e1 el lunes 23, con la contrarreloj Sub-23 (29.9km) y junior masculina (24.9km), y el martes 24, con la CRI femenina junior (18.8km).<\/p>\n\n\n\n<p>El jueves 26, se disputar\u00e1n las pruebas de ruta en las categor\u00edas junior, con 73.6 km para las damas y 127.2 km para los varones, mientras que el viernes 27, el turno ser\u00e1 para la categor\u00eda Sub-23, que enfrentar\u00e1 una distancia de 173.6 kil\u00f3metros.<\/p>\n\n\n\n<p>El evento mundialista celebrar\u00e1 la prueba de fondo femenina el s\u00e1bado 28 de septiembre, sobre 154.1 kil\u00f3metros, mientras que el domingo 29 de septiembre culminar\u00e1n las competencias, con la prueba de ruta \u00e9lite masculina, en la que los competidores deber\u00e1n recorrer 273.9 kil\u00f3metros, con salida en Winterthur y llegada en Z\u00farich.<\/p>\n\n\n\n<p><strong>N\u00f3mina Selecci\u00f3n Colombia \u2018Colombiana\u2019 para el Mundial de Ruta Z\u00farich 2024:<\/strong><\/p>\n\n\n\n<p><strong>\u00c9lite hombres:<\/strong><br \/>Daniel Felipe Mart\u00ednez Poveda (Red Bull \u2013 BORA \u2013 hansgrohe)<br \/>Santiago Buitrago S\u00e1nchez (Bahrain \u2013 Victorious)<br \/>Harold Alfonso Tejada Canacue (Astana Qazaqstan Team)<br \/>Einer Augusto Rubio Reyes (Movistar Team)<br \/>Walter Alejandro Vargas Alzate (Team Medell\u00edn \u2013 EPM)<\/p>\n\n\n\n<p><strong>Sub-23:<\/strong><br \/>Diego Fernando Pescador Castro (GW Erco Shimano)<br \/>Mauricio Zapata Arboleda (Petrolike)<br \/>Jeferson Armando Ruiz Acu\u00f1a (GW Erco Shimano)<br \/>Jaider Mu\u00f1oz Restrepo (Team Sistecr\u00e9dito)<\/p>\n\n\n\n<p><strong>Junior:<\/strong><br \/>Robinson Rinc\u00f3n Quijano (Team Polti Kometa Junior)<br \/>Juan Diego Quintero Osorno (Team Sistecr\u00e9dito)<br \/>Juan Miguel D\u00edaz Garc\u00eda (Team INCA)<\/p>\n\n\n\n<p><strong>\u00c9lite damas:<\/strong><br \/>Diana Carolina Pe\u00f1uela Mart\u00ednez (DNA Pro Cycling)<br \/>Paula Andrea Pati\u00f1o Bedoya (Movistar Team)<br \/>Estefan\u00eda Herrera Mar\u00edn (Mujeres Antioquia Orgullo Paisa)<br \/>Juliana Londo\u00f1o David (WCC Team) (Sub-23)<\/p>\n\n\n\n<p><strong>Junior damas:<\/strong><br \/>Luciana Osorio Betancur (Team Sistecr\u00e9dito)<br \/>Mariana Burgos Gonz\u00e1lez (Racconigi Cycling Team)<\/p>\n\n\n\n<p>DT: Carlos Mario Jaramillo Mesa<\/p>\n\n\n\n<p><strong>Programaci\u00f3n del Mundial de Ruta Z\u00farich 2024:<\/strong><\/p>\n\n\n\n<p>S\u00e1bado 21 de septiembre<br \/>Entrenamientos contrarreloj individual<\/p>\n\n\n\n<p>Domingo 22 de septiembre<br \/>Contrarreloj Individual \u00e9lite damas (29.9 km) y \u00e9lite varones (46.1km)<\/p>\n\n\n\n<p>Lunes 23 de septiembre<br \/>Contrarreloj individual Sub-23 (29.9 km)<br \/>Contrarreloj individual junior hombres (24.9km)<\/p>\n\n\n\n<p>Martes 24 de septiembre<br \/>Contrarreloj Individual junior damas (18.8km damas)<\/p>\n\n\n\n<p>Mi\u00e9rcoles 25 de septiembre<br \/>Entrenamientos ruta<\/p>\n\n\n\n<p>Jueves 26 de septiembre<br \/>Pruebas de ruta junior damas (73.6km) y junior varones (127.2km)<\/p>\n\n\n\n<p>Viernes 27 de septiembre<br \/>Prueba de ruta Sub-23 (173.6km)<\/p>\n\n\n\n<p>S\u00e1bado 24 de septiembre<br \/>Prueba de ruta \u00e9lite femenina (154.1km)<\/p>\n\n\n\n<p>Domingo 25 de septiembre<br \/>Prueba de ruta \u00e9lite masculina (273.9km)<\/p>\n\n\n\n<p><\/p>\n\n\n\n<p>federacioncolombianadeciclismo.com<\/p>\n","protected":false},"excerpt":{"rendered":"<p>La ciudad de Z\u00farich, en Suiza, acoger\u00e1 del 21 al 29 de septiembre las competencias del Campeonato Mundial de Ruta, que se llevar\u00e1n a cabo simult\u00e1neamente en convencional y paracycling y en las cuales estar\u00e1n presentes las Selecciones Colombia \u2018Colombiana\u2019 de cada modalidad, gracias al apoyo de la Federaci\u00f3n Colombiana de Ciclismo, el Ministerio del [&hellip;]<\/p>\n","protected":false},"author":1,"featured_media":171884,"comment_status":"closed","ping_status":"closed","sticky":false,"template":"","format":"standard","meta":{"_acf_changed":false,"_jetpack_memberships_contains_paid_content":false,"footnotes":"","jetpack_publicize_message":"","jetpack_publicize_feature_enabled":true,"jetpack_social_post_already_shared":true,"jetpack_social_options":{"image_generator_settings":{"template":"highway","default_image_id":0,"font":"","enabled":false},"version":2}},"categories":[14],"tags":[],"class_list":["post-171883","post","type-post","status-publish","format-standard","has-post-thumbnail","hentry","category-ciclismo"],"acf":[],"jetpack_publicize_connections":[],"jetpack_featured_media_url":"https:\/\/i0.wp.com\/sportseco.com\/wp-content\/uploads\/2024\/09\/Ciclismo-Ruta-Paris2024-1536x864-1.webp?fit=1536%2C864&ssl=1","jetpack_sharing_enabled":true,"_links":{"self":[{"href":"https:\/\/sportseco.com\/index.php?rest_route=\/wp\/v2\/posts\/171883","targetHints":{"allow":["GET"]}}],"collection":[{"href":"https:\/\/sportseco.com\/index.php?rest_route=\/wp\/v2\/posts"}],"about":[{"href":"https:\/\/sportseco.com\/index.php?rest_route=\/wp\/v2\/types\/post"}],"author":[{"embeddable":true,"href":"https:\/\/sportseco.com\/index.php?rest_route=\/wp\/v2\/users\/1"}],"replies":[{"embeddable":true,"href":"https:\/\/sportseco.com\/index.php?rest_route=%2Fwp%2Fv2%2Fcomments&post=171883"}],"version-history":[{"count":1,"href":"https:\/\/sportseco.com\/index.php?rest_route=\/wp\/v2\/posts\/171883\/revisions"}],"predecessor-version":[{"id":171885,"href":"https:\/\/sportseco.com\/index.php?rest_route=\/wp\/v2\/posts\/171883\/revisions\/171885"}],"wp:featuredmedia":[{"embeddable":true,"href":"https:\/\/sportseco.com\/index.php?rest_route=\/wp\/v2\/media\/171884"}],"wp:attachment":[{"href":"https:\/\/sportseco.com\/index.php?rest_route=%2Fwp%2Fv2%2Fmedia&parent=171883"}],"wp:term":[{"taxonomy":"category","embeddable":true,"href":"https:\/\/sportseco.com\/index.php?rest_route=%2Fwp%2Fv2%2Fcategories&post=171883"},{"taxonomy":"post_tag","embeddable":true,"href":"https:\/\/sportseco.com\/index.php?rest_route=%2Fwp%2Fv2%2Ftags&post=171883"}],"curies":[{"name":"wp","href":"https:\/\/api.w.org\/{rel}","templated":true}]}}