{"id":171970,"date":"2024-09-04T12:19:55","date_gmt":"2024-09-04T16:19:55","guid":{"rendered":"https:\/\/sportseco.com\/?p=171970"},"modified":"2024-09-04T12:20:34","modified_gmt":"2024-09-04T16:20:34","slug":"groves-suma-la-tercera-en-santander","status":"publish","type":"post","link":"https:\/\/sportseco.com\/?p=171970","title":{"rendered":"Groves suma la tercera en Santander"},"content":{"rendered":"\n<p>La Vuelta 2024&nbsp;|&nbsp;Etapa 17&nbsp;|&nbsp;Monumento Juan de Castillo. Arnuero &gt; Santander<\/p>\n\n\n\n<p><strong>Kaden Groves (Alpecin-Deceuninck) ha logrado este mi\u00e9rcoles su tercer triunfo en La Vuelta 24 al resolver un nuevo sprint en el final de la 17\u00aa etapa en la ciudad de Santander. El velocista australiano, el gran dominador de las llegadas masivas de las \u00faltimas tres ediciones de la carrera espa\u00f1ola, ha sumado su s\u00e9ptima victoria en La Vuelta en una emocionante llegada pasada por agua, superando al joven checo Pavel Bittner (Team DSM-firmenich PostNL), ganador en Sevilla, y al sorprendente belga Vito Braet (Intermarch\u00e9-Wanty), el d\u00eda despu\u00e9s del abandono de su gran rival Wout van Aert, que tambi\u00e9n hab\u00eda sumado tres victorias parciales. Sin cambios en la general, Ben O\u2019Connor (Decathlon-Ag2r La Mondiale) sumar\u00e1 su 12\u00ba d\u00eda con La Roja en otra jornada de media monta\u00f1a por tierras vascas.<\/strong><\/p>\n\n\n\n<figure class=\"wp-block-image\"><a href=\"https:\/\/www.dailymotion.com\/embed\/video\/x955oye?autoplay=1\" target=\"_blank\" rel=\"noreferrer noopener\"><img decoding=\"async\" src=\"https:\/\/img.aso.fr\/core_app\/img-cycling-vue-jpg\/video-2945\/23428\/0:0,1280:720-1200-0-70\/8386c\" alt=\"\"\/><\/a><figcaption class=\"wp-element-caption\">\u00daltimo kil\u00f3metro &#8211; Etapa 17 &#8211; La Vuelta 2024<\/figcaption><\/figure>\n\n\n\n<p>141 corredores han tomado la salida de hoy desde Arnuero, preparados para afrontar una segunda jornada de la semana final de La Vuelta 24 que ha estado marcada por la lluvia. Jonas Greegard (Lotto-Dstny), Thibault Guernalec (Ark\u00e9a-B&amp;B Hotels), Thomas Champion (Cofidis) y Xabier Isasa (Euskaltel-Euskadi) han formado la escapada del d\u00eda en el kil\u00f3metro 2 de etapa, y aunque ha habido algunos contraataques, el pelot\u00f3n ha cesado su combatividad ante el inicio de un importante chubasco en los primeros compases de etapa.<\/p>\n\n\n\n<p>Juntos han superado los dos puertos de monta\u00f1a puntuables del recorrido de hoy: el exigente Alto de La Estranguada (2\u00aa categor\u00eda), que se estrenaba en la competici\u00f3n, y el Alto del Caracol (2\u00aa categor\u00eda), que coronado a 70 kil\u00f3metros de meta marcaba el ecuador de la etapa. Su ventaja m\u00e1xima sobre el pelot\u00f3n ha sido en la cima del primer puerto, con 5 minutos.<\/p>\n\n\n\n<p><strong>Conjuro para un posible \u00faltimo sprint<\/strong><\/p>\n\n\n\n<p>R\u00e1pidamente, se ha visto que equipos como Alpecin-Deceuninck y Team DSM-firmenich PostNL (ganadores de etapa en esta edici\u00f3n con Kaden Groves y Pavel Bittner), e incluso un Equipo Kern Pharma optimista ante las opciones de Pau Miquel, estaban dispuestos a trabajar en el pelot\u00f3n para anular la fuga, despu\u00e9s de muchas etapas en que la victoria parcial se ha jugado desde la escapada.<\/p>\n\n\n\n<p>Finalmente, no ha sido hasta los \u00faltimos kil\u00f3metros, ya en las calles de Santander, que el pelot\u00f3n ha podido alcanzar al grupo de fuga, en la que Xabier Isasa, Jonas Greegard y Thibault Guernalec han sido los corredores que m\u00e1s han resistido. Han sido atrapados por el pelot\u00f3n dentro de los 3 \u00faltimos kil\u00f3metros, en un momento en el que el campe\u00f3n suizo Mauro Schmid (Jayco-AlUla) ha saltado del pelot\u00f3n en busca de la victoria de etapa. Ha sido un movimiento que ha tenido respuesta con algunos contraataques, pero que ha sido alcanzado en el \u00faltimo kil\u00f3metro, donde Kaden Groves ha dominado un poderoso sprint para hacer bueno el trabajo de su equipo Alpecin-Deceununck y conseguir su tercera victoria de etapa de La Vuelta 24, despu\u00e9s de las conseguidas en Our\u00e9m y Villablino.<\/p>\n\n\n\n<p>Este jueves, La Vuelta 24 continuar\u00e1 su semana final en la 18\u00aa etapa, otra etapa de media monta\u00f1a entre Vitoria-Gasteiz y el Parque Natural de Izki, en Maeztu, con dos puertos de monta\u00f1a que pueden dar una \u00faltima oportunidad a los cazaetapas antes de las definitivas llegadas en alto en Moncalvillo y Pic\u00f3n Blanco y la contrarreloj final en Madrid.<\/p>\n\n\n\n<figure class=\"wp-block-image\"><a href=\"https:\/\/img.aso.fr\/core_app\/img-cycling-vue-jpg\/header-e17-arrivee\/23426\/0:0,2000:890-1200-0-70\/cea2c\"><img decoding=\"async\" src=\"https:\/\/img.aso.fr\/core_app\/img-cycling-vue-jpg\/header-e17-arrivee\/23426\/0:0,2000:890-2400-0-70\/51abd\" alt=\"La Vuelta 2024 - 79th Edition - 17th stage - Arnuero - Santander 141,5 km - 04\/09\/2024 - Kaden Groves (AUS - Alpecin - Deceuninck) - Pavel Bittner (CZE - Team dsm-firmenich PostNL) - Edward Planckaert (BEL - Alpecin - Deceuninck) - Victor Campenaerts (BEL\"\/><\/a><figcaption class=\"wp-element-caption\">La Vuelta 2024 &#8211; 79th Edition &#8211; 17th stage &#8211; Arnuero &#8211; Santander 141,5 km &#8211; 04\/09\/2024 &#8211; Kaden Groves (AUS &#8211; Alpecin &#8211; Deceuninck) &#8211; Pavel Bittner (CZE &#8211; Team dsm-firmenich PostNL) &#8211; Edward Planckaert (BEL &#8211; Alpecin &#8211; Deceuninck) &#8211; Victor Campenaerts (BEL \u00a9 SprintCyclingAgency\u00a92024<\/figcaption><\/figure>\n\n\n\n<p><\/p>\n\n\n\n<p>lavuelta.es<\/p>\n","protected":false},"excerpt":{"rendered":"<p>La Vuelta 2024&nbsp;|&nbsp;Etapa 17&nbsp;|&nbsp;Monumento Juan de Castillo. Arnuero &gt; Santander Kaden Groves (Alpecin-Deceuninck) ha logrado este mi\u00e9rcoles su tercer triunfo en La Vuelta 24 al resolver un nuevo sprint en el final de la 17\u00aa etapa en la ciudad de Santander. El velocista australiano, el gran dominador de las llegadas masivas de las \u00faltimas tres [&hellip;]<\/p>\n","protected":false},"author":1,"featured_media":171971,"comment_status":"closed","ping_status":"closed","sticky":false,"template":"","format":"standard","meta":{"_acf_changed":false,"_jetpack_memberships_contains_paid_content":false,"footnotes":"","jetpack_publicize_message":"","jetpack_publicize_feature_enabled":true,"jetpack_social_post_already_shared":true,"jetpack_social_options":{"image_generator_settings":{"template":"highway","default_image_id":0,"font":"","enabled":false},"version":2}},"categories":[14],"tags":[],"class_list":["post-171970","post","type-post","status-publish","format-standard","has-post-thumbnail","hentry","category-ciclismo"],"acf":[],"jetpack_publicize_connections":[],"jetpack_featured_media_url":"https:\/\/i0.wp.com\/sportseco.com\/wp-content\/uploads\/2024\/09\/51abd.jpeg?fit=2400%2C1068&ssl=1","jetpack_sharing_enabled":true,"_links":{"self":[{"href":"https:\/\/sportseco.com\/index.php?rest_route=\/wp\/v2\/posts\/171970","targetHints":{"allow":["GET"]}}],"collection":[{"href":"https:\/\/sportseco.com\/index.php?rest_route=\/wp\/v2\/posts"}],"about":[{"href":"https:\/\/sportseco.com\/index.php?rest_route=\/wp\/v2\/types\/post"}],"author":[{"embeddable":true,"href":"https:\/\/sportseco.com\/index.php?rest_route=\/wp\/v2\/users\/1"}],"replies":[{"embeddable":true,"href":"https:\/\/sportseco.com\/index.php?rest_route=%2Fwp%2Fv2%2Fcomments&post=171970"}],"version-history":[{"count":2,"href":"https:\/\/sportseco.com\/index.php?rest_route=\/wp\/v2\/posts\/171970\/revisions"}],"predecessor-version":[{"id":171973,"href":"https:\/\/sportseco.com\/index.php?rest_route=\/wp\/v2\/posts\/171970\/revisions\/171973"}],"wp:featuredmedia":[{"embeddable":true,"href":"https:\/\/sportseco.com\/index.php?rest_route=\/wp\/v2\/media\/171971"}],"wp:attachment":[{"href":"https:\/\/sportseco.com\/index.php?rest_route=%2Fwp%2Fv2%2Fmedia&parent=171970"}],"wp:term":[{"taxonomy":"category","embeddable":true,"href":"https:\/\/sportseco.com\/index.php?rest_route=%2Fwp%2Fv2%2Fcategories&post=171970"},{"taxonomy":"post_tag","embeddable":true,"href":"https:\/\/sportseco.com\/index.php?rest_route=%2Fwp%2Fv2%2Ftags&post=171970"}],"curies":[{"name":"wp","href":"https:\/\/api.w.org\/{rel}","templated":true}]}}