{"id":172058,"date":"2024-09-05T21:38:22","date_gmt":"2024-09-06T01:38:22","guid":{"rendered":"https:\/\/sportseco.com\/?p=172058"},"modified":"2024-09-05T21:38:28","modified_gmt":"2024-09-06T01:38:28","slug":"cumbre-territorial-de-paz-con-la-naturaleza-en-san-jose-del-guaviare","status":"publish","type":"post","link":"https:\/\/sportseco.com\/?p=172058","title":{"rendered":"Cumbre Territorial de Paz con la Naturaleza en San Jos\u00e9 del Guaviare"},"content":{"rendered":"\n<p>Se llev\u00f3 a cabo&nbsp;<strong>La Cumbre Territorial de Paz con la Naturaleza de San Jos\u00e9 del Guaviare<\/strong>, espacio que contribuy\u00f3 a resaltar el cuidado del territorio y la vida, en un departamento que en sus 5,5 millones de hect\u00e1reas resguarda una manifestaci\u00f3n \u00fanica de biodiversidad contemplada en diferentes ecosistemas y, que combina biomas de&nbsp;<strong>Amazonia, Orinoquia y Andes<\/strong>&nbsp;donde alberga m\u00e1s de 2.100 especies de flora y 1.140 de fauna. Cuidado que durante muchos a\u00f1os se ha adelantado a trav\u00e9s de los conocimientos de los pueblos ind\u00edgenas de la Amazon\u00eda, junto a comunidades campesinas, hombres y mujeres urbanos que lo habitan y cuidan.<\/p>\n\n\n\n<figure class=\"wp-block-image size-large\"><img data-recalc-dims=\"1\" loading=\"lazy\" decoding=\"async\" width=\"640\" height=\"281\" src=\"https:\/\/i0.wp.com\/sportseco.com\/wp-content\/uploads\/2024\/09\/WhatsApp-Image-2024-09-04-at-6.46.49-PM-3-e1725494449167-1030x453.jpeg?resize=640%2C281&#038;ssl=1\" alt=\"\" class=\"wp-image-172060\" srcset=\"https:\/\/i0.wp.com\/sportseco.com\/wp-content\/uploads\/2024\/09\/WhatsApp-Image-2024-09-04-at-6.46.49-PM-3-e1725494449167.jpeg?resize=1030%2C453&amp;ssl=1 1030w, https:\/\/i0.wp.com\/sportseco.com\/wp-content\/uploads\/2024\/09\/WhatsApp-Image-2024-09-04-at-6.46.49-PM-3-e1725494449167.jpeg?resize=300%2C132&amp;ssl=1 300w, https:\/\/i0.wp.com\/sportseco.com\/wp-content\/uploads\/2024\/09\/WhatsApp-Image-2024-09-04-at-6.46.49-PM-3-e1725494449167.jpeg?resize=768%2C338&amp;ssl=1 768w, https:\/\/i0.wp.com\/sportseco.com\/wp-content\/uploads\/2024\/09\/WhatsApp-Image-2024-09-04-at-6.46.49-PM-3-e1725494449167.jpeg?resize=1536%2C676&amp;ssl=1 1536w, https:\/\/i0.wp.com\/sportseco.com\/wp-content\/uploads\/2024\/09\/WhatsApp-Image-2024-09-04-at-6.46.49-PM-3-e1725494449167.jpeg?w=1600&amp;ssl=1 1600w, https:\/\/i0.wp.com\/sportseco.com\/wp-content\/uploads\/2024\/09\/WhatsApp-Image-2024-09-04-at-6.46.49-PM-3-e1725494449167.jpeg?w=1280&amp;ssl=1 1280w\" sizes=\"auto, (max-width: 640px) 100vw, 640px\" \/><\/figure>\n\n\n\n<p><a href=\"https:\/\/www.parquesnacionales.gov.co\/wp-content\/uploads\/2024\/09\/WhatsApp-Image-2024-09-04-at-6.46.49-PM-4-1024x768.jpeg\"><\/a><\/p>\n\n\n\n<p><a href=\"https:\/\/www.parquesnacionales.gov.co\/wp-content\/uploads\/2024\/09\/WhatsApp-Image-2024-09-04-at-6.46.49-PM-2-1024x768.jpeg\"><\/a><\/p>\n\n\n\n<p><a href=\"https:\/\/www.parquesnacionales.gov.co\/wp-content\/uploads\/2024\/09\/WhatsApp-Image-2024-09-04-at-6.46.48-PM-3-1024x768.jpeg\"><\/a><\/p>\n\n\n\n<p><strong>La Cumbre Territorial de Paz con la Naturaleza<\/strong>&nbsp;busca visibilizar a ni\u00f1as, ni\u00f1os y j\u00f3venes como cuidadores de la vida y el territorio, desde la apropiaci\u00f3n socioemocional de la biodiversidad, los di\u00e1logos interculturales e intergeneracionales y la movilizaci\u00f3n de las ciudadan\u00edas ambientales, fomentar la articulaci\u00f3n del sentipensar colectivo del territorio desde la interculturalidad y lo intergeneracional, propiciando el di\u00e1logo de conocimientos tradicionales de pueblos originarios y comunidades afrodescendientes, campesinos y comunidad educativa, en la gran apuesta que tienen por cuidar la naturaleza y las distintas formas de vida.<\/p>\n\n\n\n<p><a href=\"https:\/\/www.parquesnacionales.gov.co\/wp-content\/uploads\/2024\/09\/DTR4972_Orchid-1-1024x712.jpg\"><\/a><\/p>\n\n\n\n<p><a href=\"https:\/\/www.parquesnacionales.gov.co\/wp-content\/uploads\/2024\/09\/Fernando-Trujillo_Alouatta-seniculus-1024x778.jpg\"><\/a><\/p>\n\n\n\n<p><a href=\"https:\/\/www.parquesnacionales.gov.co\/wp-content\/uploads\/2024\/09\/PWB_0196-1024x685.jpg\"><\/a><\/p>\n\n\n\n<p>En esta cumbre tambi\u00e9n participaron instituciones, entes territoriales, cooperantes y las autoridades ambientales donde Parques Nacionales a trav\u00e9s de los equipos de la&nbsp;<strong>Reserva Nacional Natural Nukak y el Parque Nacional Natural Serran\u00eda de Chiribiquete<\/strong>&nbsp;hicieron parte de este momento \u00fanico en este territorio donde se comparti\u00f3 formas de educaci\u00f3n diversas, y de la escuela como un lugar de construcci\u00f3n de acuerdos que aporten a la Paz con la naturaleza.<\/p>\n\n\n\n<p>Evento liderado por la\u00a0<strong>Alianza EDUCAPAZ,<\/strong>\u00a0<strong>Fundaci\u00f3n CAPAZ, Instituto Hilfswerk Secretaria de Educaci\u00f3n Departamental, Corporaci\u00f3n para el Desarrollo Sostenible del Norte y Oriente Amaz\u00f3nico, Parques Nacionales Naturales de Colombia<\/strong>\u00a0y dem\u00e1s aliados en el territorio.<\/p>\n\n\n\n<p><\/p>\n\n\n\n<p>parquesnacionales.gov.co<\/p>\n","protected":false},"excerpt":{"rendered":"<p>Se llev\u00f3 a cabo&nbsp;La Cumbre Territorial de Paz con la Naturaleza de San Jos\u00e9 del Guaviare, espacio que contribuy\u00f3 a resaltar el cuidado del territorio y la vida, en un departamento que en sus 5,5 millones de hect\u00e1reas resguarda una manifestaci\u00f3n \u00fanica de biodiversidad contemplada en diferentes ecosistemas y, que combina biomas de&nbsp;Amazonia, Orinoquia y [&hellip;]<\/p>\n","protected":false},"author":1,"featured_media":172059,"comment_status":"closed","ping_status":"closed","sticky":false,"template":"","format":"standard","meta":{"_acf_changed":false,"_jetpack_memberships_contains_paid_content":false,"footnotes":"","jetpack_publicize_message":"","jetpack_publicize_feature_enabled":true,"jetpack_social_post_already_shared":true,"jetpack_social_options":{"image_generator_settings":{"template":"highway","default_image_id":0,"font":"","enabled":false},"version":2}},"categories":[6],"tags":[],"class_list":["post-172058","post","type-post","status-publish","format-standard","has-post-thumbnail","hentry","category-ecologia"],"acf":[],"jetpack_publicize_connections":[],"jetpack_featured_media_url":"https:\/\/i0.wp.com\/sportseco.com\/wp-content\/uploads\/2024\/09\/PWB_0196-1024x685-1.jpg?fit=1024%2C685&ssl=1","jetpack_sharing_enabled":true,"_links":{"self":[{"href":"https:\/\/sportseco.com\/index.php?rest_route=\/wp\/v2\/posts\/172058","targetHints":{"allow":["GET"]}}],"collection":[{"href":"https:\/\/sportseco.com\/index.php?rest_route=\/wp\/v2\/posts"}],"about":[{"href":"https:\/\/sportseco.com\/index.php?rest_route=\/wp\/v2\/types\/post"}],"author":[{"embeddable":true,"href":"https:\/\/sportseco.com\/index.php?rest_route=\/wp\/v2\/users\/1"}],"replies":[{"embeddable":true,"href":"https:\/\/sportseco.com\/index.php?rest_route=%2Fwp%2Fv2%2Fcomments&post=172058"}],"version-history":[{"count":1,"href":"https:\/\/sportseco.com\/index.php?rest_route=\/wp\/v2\/posts\/172058\/revisions"}],"predecessor-version":[{"id":172061,"href":"https:\/\/sportseco.com\/index.php?rest_route=\/wp\/v2\/posts\/172058\/revisions\/172061"}],"wp:featuredmedia":[{"embeddable":true,"href":"https:\/\/sportseco.com\/index.php?rest_route=\/wp\/v2\/media\/172059"}],"wp:attachment":[{"href":"https:\/\/sportseco.com\/index.php?rest_route=%2Fwp%2Fv2%2Fmedia&parent=172058"}],"wp:term":[{"taxonomy":"category","embeddable":true,"href":"https:\/\/sportseco.com\/index.php?rest_route=%2Fwp%2Fv2%2Fcategories&post=172058"},{"taxonomy":"post_tag","embeddable":true,"href":"https:\/\/sportseco.com\/index.php?rest_route=%2Fwp%2Fv2%2Ftags&post=172058"}],"curies":[{"name":"wp","href":"https:\/\/api.w.org\/{rel}","templated":true}]}}