{"id":172089,"date":"2024-09-06T12:14:35","date_gmt":"2024-09-06T16:14:35","guid":{"rendered":"https:\/\/sportseco.com\/?p=172089"},"modified":"2024-09-06T12:14:41","modified_gmt":"2024-09-06T16:14:41","slug":"roglic-recupera-su-trono-en-moncalvillo","status":"publish","type":"post","link":"https:\/\/sportseco.com\/?p=172089","title":{"rendered":"Roglic recupera su trono en Moncalvillo"},"content":{"rendered":"\n<p>La Vuelta 2024&nbsp;|&nbsp;Etapa 19&nbsp;|&nbsp;Logro\u00f1o &gt; Alto de Moncalvillo<\/p>\n\n\n\n<p>Primoz Roglic (Red Bull-Bora-Hansgrohe) vuelve a estar al frente de la clasificaci\u00f3n general de La Vuelta 24 despu\u00e9s de haber vuelto a conquistar el Alto de Moncalvillo. El esloveno se ha exhibido en el final de la 19\u00aa etapa en la cima riojana, donde ya hab\u00eda ganado en el a\u00f1o 2020, para recuperar La Roja despu\u00e9s de 13 d\u00edas de liderato de Ben O\u2019Connor (Decathlon-Ag2r La Mondiale). Con un ataque a 5 kil\u00f3metros de meta, Roglic ha tenido suficiente para sumar su 15\u00aa victoria de etapa en La Vuelta \u2013la tercera en esta edici\u00f3n despu\u00e9s de las conseguidas en Pico Villuercas y Cazorla\u2013 y situarse en una posici\u00f3n privilegiada para sumar su cuarta victoria final en la carrera espa\u00f1ola. El esloveno deber\u00e1 defender el liderato con 1\u201954\u201d sobre el australiano y 2\u201920\u201d sobre Enric Mas (Movistar Team) en el temido final en Pic\u00f3n Blanco y la contrarreloj final en Madrid.<\/p>\n\n\n\n<figure class=\"wp-block-image\"><a href=\"https:\/\/www.dailymotion.com\/embed\/video\/x959nnu?autoplay=1\" target=\"_blank\" rel=\"noreferrer noopener\"><img decoding=\"async\" src=\"https:\/\/img.aso.fr\/core_app\/img-cycling-vue-jpg\/video-2982\/23593\/0:0,1280:720-1200-0-70\/098d0\" alt=\"\"\/><\/a><figcaption class=\"wp-element-caption\">\u00daltimo kil\u00f3metro &#8211; Etapa 19 &#8211; La Vuelta 2024<\/figcaption><\/figure>\n\n\n\n<p>139 corredores han tomado la salida de hoy desde Logro\u00f1o, preparados para afrontar la pen\u00faltima llegada en alto de esta 79\u00aa edici\u00f3n de la carrera espa\u00f1ola. Tras un nuevo inicio batallado de etapa, un grupo con Isaac Del Toro (UAE Team Emirates), Edward Planckaert (Alpecin-Deceuninck), Fran Miholjevic (Bahrain Victorious), Simone Petilli y Vito Braet (Intermarch\u00e9-Wanty) se han destacado del pelot\u00f3n en el kil\u00f3metro 42 de etapa.<\/p>\n\n\n\n<p>Los cinco corredores han tenido una ventaja m\u00e1xima de poco m\u00e1s de 5 minutos, pero r\u00e1pidamente el equipo Red Bull-Bora-Hansgrohe ha dejado claras sus intenciones de controlar la carrera desde antes del Puerto de Pradilla (3\u00aa categor\u00eda), que se coronaba a 79 kil\u00f3metros de la l\u00ednea de meta y donde los escapados ya ten\u00edan menos de 3 minutos de renta. El Alto de Moncalvillo, donde Primoz Roglic hab\u00eda logrado la victoria en la \u00fanica visita previa La Vuelta a su cima, deb\u00eda ser el lugar de la reconquista del liderato del esloveno.<\/p>\n\n\n\n<p><strong>Roglic hace buena la apuesta de su equipo<\/strong><\/p>\n\n\n\n<p>Fran Miholjevic (Bahrain Victorious) ha sido el corredor que m\u00e1s ha resistido entre los escapados, y ha sido neutralizado por el grupo de favoritos en la primera rampa de los 8,6 kil\u00f3metros de ascensi\u00f3n final al Alto de Moncalvillo. En las duras rampas del puerto riojano, con m\u00e1ximas del 16%, el equipo Red Bull-Bora-Hansgrohe ha exhibido su potencial colectivo para lanzar a su l\u00edder. Gracias al empuje de Daniel Felipe Mart\u00ednez y Aleksandr Vlasov, Primoz Roglic se ha quedado solo en cabeza de carrera a 5 kil\u00f3metros de la l\u00ednea de meta y ha empezado su conquista definitiva hacia el liderato.<\/p>\n\n\n\n<p>El esloveno ha conseguido en meta una renta de 46 segundos en meta por delante de David Gaudu (Groupama-FDJ) y Mattias Skjelmose (Lidl-Trek), que est\u00e1n demostrando estar acabando con fuerza La Vuelta 24, 50 segundos sobre un Enric Mas (Movistar Team) que ha vuelto a ser el m\u00e1s valiente con sus ataques en busca del esloveno, y 1\u201949\u201d sobre Ben O\u2019Connor (Decathlon-Ag2r La Mondiale), que ha cedido definitivamente el liderato de la carrera 13 d\u00edas despu\u00e9s de su exhibici\u00f3n ganadora camino de Yunquera y ahora deber\u00e1 defender su posici\u00f3n en el podio.<\/p>\n\n\n\n<p>La monta\u00f1a no se para en La Vuelta 24, que este s\u00e1bado vivir\u00e1 su \u00faltima llegada en alto en la cima del Pic\u00f3n Blanco, cima estrella de una pen\u00faltima etapa de esta 79\u00aa edici\u00f3n con siete puertos de monta\u00f1a que se espera decisiva antes de la contrarreloj final en Madrid.<\/p>\n\n\n\n<figure class=\"wp-block-image\"><a href=\"https:\/\/img.aso.fr\/core_app\/img-cycling-vue-jpg\/header-hp-etape-19\/23590\/0:0,2000:890-1200-0-70\/4ae37\"><img decoding=\"async\" src=\"https:\/\/img.aso.fr\/core_app\/img-cycling-vue-jpg\/header-hp-etape-19\/23590\/0:0,2000:890-2400-0-70\/7c6f6\" alt=\"\"\/><\/a><\/figure>\n","protected":false},"excerpt":{"rendered":"<p>La Vuelta 2024&nbsp;|&nbsp;Etapa 19&nbsp;|&nbsp;Logro\u00f1o &gt; Alto de Moncalvillo Primoz Roglic (Red Bull-Bora-Hansgrohe) vuelve a estar al frente de la clasificaci\u00f3n general de La Vuelta 24 despu\u00e9s de haber vuelto a conquistar el Alto de Moncalvillo. El esloveno se ha exhibido en el final de la 19\u00aa etapa en la cima riojana, donde ya hab\u00eda ganado [&hellip;]<\/p>\n","protected":false},"author":1,"featured_media":172090,"comment_status":"closed","ping_status":"closed","sticky":false,"template":"","format":"standard","meta":{"_acf_changed":false,"_jetpack_memberships_contains_paid_content":false,"footnotes":"","jetpack_publicize_message":"","jetpack_publicize_feature_enabled":true,"jetpack_social_post_already_shared":true,"jetpack_social_options":{"image_generator_settings":{"template":"highway","default_image_id":0,"font":"","enabled":false},"version":2}},"categories":[14],"tags":[],"class_list":["post-172089","post","type-post","status-publish","format-standard","has-post-thumbnail","hentry","category-ciclismo"],"acf":[],"jetpack_publicize_connections":[],"jetpack_featured_media_url":"https:\/\/i0.wp.com\/sportseco.com\/wp-content\/uploads\/2024\/09\/4ae37.jpeg?fit=1200%2C534&ssl=1","jetpack_sharing_enabled":true,"_links":{"self":[{"href":"https:\/\/sportseco.com\/index.php?rest_route=\/wp\/v2\/posts\/172089","targetHints":{"allow":["GET"]}}],"collection":[{"href":"https:\/\/sportseco.com\/index.php?rest_route=\/wp\/v2\/posts"}],"about":[{"href":"https:\/\/sportseco.com\/index.php?rest_route=\/wp\/v2\/types\/post"}],"author":[{"embeddable":true,"href":"https:\/\/sportseco.com\/index.php?rest_route=\/wp\/v2\/users\/1"}],"replies":[{"embeddable":true,"href":"https:\/\/sportseco.com\/index.php?rest_route=%2Fwp%2Fv2%2Fcomments&post=172089"}],"version-history":[{"count":1,"href":"https:\/\/sportseco.com\/index.php?rest_route=\/wp\/v2\/posts\/172089\/revisions"}],"predecessor-version":[{"id":172091,"href":"https:\/\/sportseco.com\/index.php?rest_route=\/wp\/v2\/posts\/172089\/revisions\/172091"}],"wp:featuredmedia":[{"embeddable":true,"href":"https:\/\/sportseco.com\/index.php?rest_route=\/wp\/v2\/media\/172090"}],"wp:attachment":[{"href":"https:\/\/sportseco.com\/index.php?rest_route=%2Fwp%2Fv2%2Fmedia&parent=172089"}],"wp:term":[{"taxonomy":"category","embeddable":true,"href":"https:\/\/sportseco.com\/index.php?rest_route=%2Fwp%2Fv2%2Fcategories&post=172089"},{"taxonomy":"post_tag","embeddable":true,"href":"https:\/\/sportseco.com\/index.php?rest_route=%2Fwp%2Fv2%2Ftags&post=172089"}],"curies":[{"name":"wp","href":"https:\/\/api.w.org\/{rel}","templated":true}]}}