{"id":172153,"date":"2024-09-07T17:59:09","date_gmt":"2024-09-07T21:59:09","guid":{"rendered":"https:\/\/sportseco.com\/?p=172153"},"modified":"2024-09-07T17:59:14","modified_gmt":"2024-09-07T21:59:14","slug":"colombia-amplia-su-historia-en-paris-2024-llego-a-siete-oros-y-28-medallas","status":"publish","type":"post","link":"https:\/\/sportseco.com\/?p=172153","title":{"rendered":"Colombia ampl\u00eda su historia en Par\u00eds 2024: lleg\u00f3 a siete oros y 28 medallas"},"content":{"rendered":"\n<p><img decoding=\"async\" src=\"https:\/\/www.mindeporte.gov.co\/tools\/microsThumb.php?src=recursos_user\/imagenes\/2024\/SEPTIEMBRE\/07-09-2024\/mauricio_valencia_en_paris_2024.jpg&amp;w=700\" alt=\"Mauricio Valencia sonr\u00ede y cel\"\/><a href=\"https:\/\/www.mindeporte.gov.co\/#demoLightbox2\">Ampliar Imagen<\/a><\/p>\n\n\n\n<p>Colombia ampl\u00eda su historia en Par\u00eds 2024: lleg\u00f3 a siete oros y 28 medallas &#8211; Foto: CPC<br \/><em>Mauricio Valencia sonr\u00ede y cel<\/em><\/p>\n\n\n\n<p>Adem\u00e1s, ya son 43 diplomas paral\u00edmpicos. \u00a1Una actuaci\u00f3n memorable de nuestros #imPARAbles en la capital francesa!<\/p>\n\n\n\n<p>Prensa Mindeporte<\/p>\n\n\n\n<p>Bogot\u00e1, 7 de septiembre de 2024. \u00a1Par\u00eds 2024 le contin\u00faa sonriendo a Colombia! En el pen\u00faltimo d\u00eda de competencias en los Juegos Paral\u00edmpicos, la delegaci\u00f3n nacional consigui\u00f3 seis nuevas medallas, ampliando as\u00ed su buena cosecha a 28 podios en la capital francesa: siete oros, siete platas y 14 bronces.<\/p>\n\n\n\n<p>Con una marca de 11.71 metros, Mauricio Valencia, quien ya hab\u00eda logrado la plata en lanzamiento de jabalina F34, conquist\u00f3 ahora la medalla de oro en lanzamiento de peso F34. De igual manera, la ahora doble medallista de oro, Karen Palomeque, se subi\u00f3 al escal\u00f3n m\u00e1s alto del podio en los 400 m T38. Con un tiempo de 58.67, la colombiana es tambi\u00e9n r\u00e9cord mundial en esta disciplina.<br \/><br \/>Por su parte, Carlos Daniel Serrano, con un tiempo de 29.08, se qued\u00f3 con la medalla de plata en la prueba de los 50 m mariposa S7. Los bronces llegaron por cuenta de Juan Betancourt, quien cruz\u00f3 la meta en el tercer lugar en la prueba de ciclismo de ruta T1-2 masculino, con un tiempo de 1:17:09; Fabio Torres, que en la categor\u00eda hasta 97 kilogramos del Para Powerlifting levant\u00f3 228 kilogramos; y Jhon Sebasti\u00e1n Obando, que obtuvo la medalla de bronce en salto largo T20, con una marca de 7.38 metros.<br \/><br \/>En una competencia donde la estrategia fue clave, el oro fue para Jor Abdelkareem, de Jordania, quien rompi\u00f3 el r\u00e9cord mundial dos veces, finalizando con 270 kg. La plata fue para el chino Ye Jixiong, con 229 kg. Con este logro, Fabio Torres contin\u00faa destac\u00e1ndose como uno de los grandes exponentes del Para powerlifting en Colombia.<br \/><br \/><strong>Ya son 43 diplomas paral\u00edmpicos<\/strong><br \/><br \/>En cuanto a diplomas paral\u00edmpicos, la delegaci\u00f3n colombiana lleg\u00f3 a 43. En la d\u00e9cima jornada recibi\u00f3 este reconocimiento Diego Meneses, quien en&nbsp;la prueba de lanzamiento de peso F34 termin\u00f3 en la s\u00e9ptima casilla, con una marca de 10.63 metros. Adem\u00e1s, Sara Vargas y Zharith Rodr\u00edguez, quienes se destacaron en la final de los 100 metros mariposa S12, con tiempos de 36.72 y 38.17, respectivamente.<br \/><br \/>Sumado a lo anterior, la Selecci\u00f3n Colombia de f\u00fatbol para ciegos, en una gran demostraci\u00f3n de capacidad, talento y fortaleza, se qued\u00f3 con el cuarto lugar del campeonato paral\u00edmpico, luego de perder 1-0 ante Brasil en el partido que defin\u00eda la medalla de bronce. As\u00ed mismo, Gabriela Rueda, la nadadora m\u00e1s joven de la delegaci\u00f3n, se llev\u00f3 un diploma paral\u00edmpico, al quedar octava en los 200 metros combinado SM15, con un tiempo de 3:54.82.<br \/><br \/>Al cierre de la jornada, Luis Fernando Lara, con un tiempo de 48.68, termin\u00f3 cuarto en los 400 metros T47.<br \/><br \/><strong>Actuaciones destacadas de una delegaci\u00f3n que llen\u00f3 de gloria a Colombia<\/strong><br \/><br \/>Carolina Mun\u00e9var finaliz\u00f3 en la d\u00e9cima posici\u00f3n en la prueba de ciclismo de ruta C1-C3 individual, con un tiempo de 1:45:44, en un recorrido de 56.8 km. En una competencia exigente que incluy\u00f3 dos puertos de monta\u00f1a, la ciclista colombiana mostr\u00f3 su fortaleza y determinaci\u00f3n, completando su participaci\u00f3n a 6:56 de la ganadora Keiko Sugiura, de Jap\u00f3n.<br \/><br \/>A su turno, con una marca de 6,69 m, Yesica Mu\u00f1oz ocup\u00f3 la d\u00e9cima posici\u00f3n en la prueba de lanzamiento de peso F40.<\/p>\n\n\n\n<p><\/p>\n\n\n\n<p>mindeporte.gov.co<\/p>\n","protected":false},"excerpt":{"rendered":"<p>Ampliar Imagen Colombia ampl\u00eda su historia en Par\u00eds 2024: lleg\u00f3 a siete oros y 28 medallas &#8211; Foto: CPCMauricio Valencia sonr\u00ede y cel Adem\u00e1s, ya son 43 diplomas paral\u00edmpicos. \u00a1Una actuaci\u00f3n memorable de nuestros #imPARAbles en la capital francesa! Prensa Mindeporte Bogot\u00e1, 7 de septiembre de 2024. \u00a1Par\u00eds 2024 le contin\u00faa sonriendo a Colombia! En [&hellip;]<\/p>\n","protected":false},"author":1,"featured_media":172154,"comment_status":"closed","ping_status":"closed","sticky":false,"template":"","format":"standard","meta":{"_acf_changed":false,"_jetpack_memberships_contains_paid_content":false,"footnotes":"","jetpack_publicize_message":"","jetpack_publicize_feature_enabled":true,"jetpack_social_post_already_shared":true,"jetpack_social_options":{"image_generator_settings":{"template":"highway","default_image_id":0,"font":"","enabled":false},"version":2}},"categories":[38],"tags":[],"class_list":["post-172153","post","type-post","status-publish","format-standard","has-post-thumbnail","hentry","category-olimpicos"],"acf":[],"jetpack_publicize_connections":[],"jetpack_featured_media_url":"https:\/\/i0.wp.com\/sportseco.com\/wp-content\/uploads\/2024\/09\/microsThumb-1-1.jpeg?fit=700%2C490&ssl=1","jetpack_sharing_enabled":true,"_links":{"self":[{"href":"https:\/\/sportseco.com\/index.php?rest_route=\/wp\/v2\/posts\/172153","targetHints":{"allow":["GET"]}}],"collection":[{"href":"https:\/\/sportseco.com\/index.php?rest_route=\/wp\/v2\/posts"}],"about":[{"href":"https:\/\/sportseco.com\/index.php?rest_route=\/wp\/v2\/types\/post"}],"author":[{"embeddable":true,"href":"https:\/\/sportseco.com\/index.php?rest_route=\/wp\/v2\/users\/1"}],"replies":[{"embeddable":true,"href":"https:\/\/sportseco.com\/index.php?rest_route=%2Fwp%2Fv2%2Fcomments&post=172153"}],"version-history":[{"count":1,"href":"https:\/\/sportseco.com\/index.php?rest_route=\/wp\/v2\/posts\/172153\/revisions"}],"predecessor-version":[{"id":172155,"href":"https:\/\/sportseco.com\/index.php?rest_route=\/wp\/v2\/posts\/172153\/revisions\/172155"}],"wp:featuredmedia":[{"embeddable":true,"href":"https:\/\/sportseco.com\/index.php?rest_route=\/wp\/v2\/media\/172154"}],"wp:attachment":[{"href":"https:\/\/sportseco.com\/index.php?rest_route=%2Fwp%2Fv2%2Fmedia&parent=172153"}],"wp:term":[{"taxonomy":"category","embeddable":true,"href":"https:\/\/sportseco.com\/index.php?rest_route=%2Fwp%2Fv2%2Fcategories&post=172153"},{"taxonomy":"post_tag","embeddable":true,"href":"https:\/\/sportseco.com\/index.php?rest_route=%2Fwp%2Fv2%2Ftags&post=172153"}],"curies":[{"name":"wp","href":"https:\/\/api.w.org\/{rel}","templated":true}]}}