{"id":172301,"date":"2024-09-10T11:01:38","date_gmt":"2024-09-10T15:01:38","guid":{"rendered":"https:\/\/sportseco.com\/?p=172301"},"modified":"2024-09-10T11:01:43","modified_gmt":"2024-09-10T15:01:43","slug":"emotiva-llegada-de-para-atletas-colombianos-que-participaron-en-paris-2024","status":"publish","type":"post","link":"https:\/\/sportseco.com\/?p=172301","title":{"rendered":"Emotiva llegada de Para Atletas colombianos que participaron en Par\u00eds 2024"},"content":{"rendered":"\n<p><img decoding=\"async\" src=\"https:\/\/www.mindeporte.gov.co\/tools\/microsThumb.php?src=recursos_user\/imagenes\/2024\/SEPTIEMBRE\/10-09-2024\/Carlos_Serrano.jpeg&amp;w=700\" alt=\"Carlos Daniel en medio de un c\"\/><\/p>\n\n\n\n<p>El amor con que los Para atletas colombianos representaron los colores patrios llena de orgullo el coraz\u00f3n de todos los habitantes del territorio nacional, as\u00ed como de aquellos en otras latitudes del mundo.<br \/><\/p>\n\n\n\n<p>El coraje, la determinaci\u00f3n, la inspiraci\u00f3n y la igualdad, valores consagrados en el paral\u00edmpismo fueron representados por los deportistas que conformaron la delegaci\u00f3n que particip\u00f3 en Par\u00eds.<\/p>\n\n\n\n<p>Prensa Mindeporte<\/p>\n\n\n\n<p>Bogot\u00e1, 9 de septiembre de 2024. En medio de una explosi\u00f3n de alegr\u00eda y orgullo nacional, los Para atletas colombianos regresaron al pa\u00eds este lunes, tras su participaci\u00f3n en los Juegos Paral\u00edmpicos de Par\u00eds 2024. El aeropuerto El Dorado de Bogot\u00e1 fue participe de una escena profundamente emotiva: familiares, amigos, aficionados, representantes de medios de comunicaci\u00f3n, entre otros, los recibieron con banderas ondeantes y gritos de j\u00fabilo que sal\u00edan del coraz\u00f3n.<\/p>\n\n\n\n<p>La representaci\u00f3n colombiana en la 17\u00aa edici\u00f3n de las justas paral\u00edmpicas fue hist\u00f3rica. Un total de 74 para atletas, 31 mujeres y 43 hombres, compitieron en 10 disciplinas: boccia, f\u00fatbol para ciegos, Para arquer\u00eda, Para atletismo, Para ciclismo (pista y ruta), Para nataci\u00f3n, Para powerlifting, Para tiro deportivo, Para triatl\u00f3n y tenis en silla de ruedas. Trajeron de Par\u00eds, el orgullo colombiano, amor por sus disciplinas y 28 medallas, resultados que lograron ubicar al pa\u00eds en el puesto 19 entre m\u00e1s de 180 pa\u00edses y cuarta en Am\u00e9rica, detr\u00e1s de Estados Unidos, Brasil y Canad\u00e1.<br \/><br \/>La ministra del Deporte, Luz Cristina L\u00f3pez Trejos, estuvo presente en el recibimiento, \u00abtuvimos familias, grupos de personas que ya saben qui\u00e9nes son los Para atletas colombianos, los medios de comunicaci\u00f3n que cada vez los reconocen m\u00e1s y quieren contarle al mundo el poder\u00edo del sistema paral\u00edmpico. 28 medallas, la mejor participaci\u00f3n hist\u00f3rica de Colombia en cualquier evento multideportivo. Estos muchachos dejaron el coraz\u00f3n para representar lo mejor del esp\u00edritu colombiano. Siete oros es absolutamente incre\u00edble. Siete platas, 14 bronces y m\u00e1s de 40 diplomas paral\u00edmpicos cuentan que esta delegaci\u00f3n que fue de Colombia a Par\u00eds realmente fue con la bandera puesta en el pecho\u00bb, afirm\u00f3, mientras les daba un \u00ababrazo paral\u00edmpico\u00bb, como ella misma lo llama, a los atletas que llegaron provenientes de la \u00abCiudad Luz\u00bb.<br \/><br \/>Karen Tatiana Palomeque Moreno fue una de las m\u00e1s destacadas, tras ganar dos medallas de oro (100 m T38 y 400 m T38) y una de bronce (salto largo T38), adem\u00e1s de imponer dos r\u00e9cords paral\u00edmpicos en las pruebas de velocidad. A su llegada a Colombia, expres\u00f3 \u00abtener este recibimiento, es sentir el apoyo de toda Colombia, se not\u00f3 que nos vieron, entonces estoy muy agradecida por todo esto. Las medallas que consegu\u00ed en Par\u00eds son una responsabilidad muy grande, pero para eso entrenamos, me siento orgullosa de haber obtenido los objetivos que me propuse. Agradezco de coraz\u00f3n a todos, a Dios, a mi familia, a mis entrenadores, al Ministerio del Deporte, al Comit\u00e9 Paral\u00edmpico, a la federaci\u00f3n, a mis compa\u00f1eros, a muchas personas\u00bb.<br \/><br \/>La felicidad de regresar a casa se reflejaba en la inmensa sonrisa de Nelson Crisp\u00edn Corzo, quien sum\u00f3 3 medallas de plata (100 m pecho SB6, 50 m S6 y 200 m combinado SM7) en su participaci\u00f3n en la Para nataci\u00f3n, completando un total de 10 preseas en 3 Juegos Paral\u00edmpicos (R\u00edo 2016, Tokio 2020 y Par\u00eds 2024), mismo registro que tiene Carlos Daniel Serrano Zarate.<br \/><br \/>\u00abEstamos muy felices de ver la gente como se emociona con lo que hicimos en Par\u00eds. Muy agradecido con Dios, con toda la gente que nos apoya. Cada una de las medallas que hemos sumado en los Paral\u00edmpicos que he participado son una alegr\u00eda diferente. Estas tres medallas de plata que alcanzamos en Par\u00eds, vamos a disfrutarlas al m\u00e1ximo. Todos esto logros son para los colombianos, para decirles que estamos haciendo un buen trabajo que hicimos algo hist\u00f3rico en Par\u00eds 2024\u00bb, expres\u00f3 tras su arribo a la capital.<br \/><br \/>En Par\u00eds, la presencia de mujeres (31 mujeres y 43 hombres) aument\u00f3 en comparaci\u00f3n con Tokio 2020 (20 mujeres y 41 hombres). Esta participaci\u00f3n es crucial para promover la igualdad de g\u00e9nero y romper estereotipos. Esta diversidad enriquece todas las competencias y fomenta un ambiente inclusivo y respetuoso.<br \/><br \/>\u00abCreo que las mujeres siempre marcamos la diferencia, las mujeres definitivamente construimos y le damos como forma a las cosas. La palabra de Dios dice que la mujer sabia edificar el hogar, pero en este caso edificamos esta familia, el paral\u00edmpismo edificamos el movimiento y yo creo que marcamos un antes y un despu\u00e9s, estos logros hablan por s\u00ed solos\u00bb, expres\u00f3 la representante de los Para atletas ante el CPC, Erica Mar\u00eda Casta\u00f1o Salazar, medalla de oro en lanzamiento de disco F55.<br \/><br \/>Colombia entera les ofrece un caluroso \u00ababrazo paral\u00edmpico\u00bb. El amor con que representaron los colores patrios llena de orgullo el coraz\u00f3n de todos los habitantes del territorio nacional, as\u00ed como de aquellos en otras latitudes del mundo.<br \/><br \/>mindeporte.gov.co<\/p>\n\n\n\n<p><a href=\"https:\/\/www.mindeporte.gov.co\/#\"><\/a><\/p>\n","protected":false},"excerpt":{"rendered":"<p>El amor con que los Para atletas colombianos representaron los colores patrios llena de orgullo el coraz\u00f3n de todos los habitantes del territorio nacional, as\u00ed como de aquellos en otras latitudes del mundo. El coraje, la determinaci\u00f3n, la inspiraci\u00f3n y la igualdad, valores consagrados en el paral\u00edmpismo fueron representados por los deportistas que conformaron la [&hellip;]<\/p>\n","protected":false},"author":1,"featured_media":172302,"comment_status":"closed","ping_status":"closed","sticky":false,"template":"","format":"standard","meta":{"_acf_changed":false,"_jetpack_memberships_contains_paid_content":false,"footnotes":"","jetpack_publicize_message":"","jetpack_publicize_feature_enabled":true,"jetpack_social_post_already_shared":true,"jetpack_social_options":{"image_generator_settings":{"template":"highway","default_image_id":0,"font":"","enabled":false},"version":2}},"categories":[38],"tags":[],"class_list":["post-172301","post","type-post","status-publish","format-standard","has-post-thumbnail","hentry","category-olimpicos"],"acf":[],"jetpack_publicize_connections":[],"jetpack_featured_media_url":"https:\/\/i0.wp.com\/sportseco.com\/wp-content\/uploads\/2024\/09\/microsThumb-4.jpeg?fit=700%2C467&ssl=1","jetpack_sharing_enabled":true,"_links":{"self":[{"href":"https:\/\/sportseco.com\/index.php?rest_route=\/wp\/v2\/posts\/172301","targetHints":{"allow":["GET"]}}],"collection":[{"href":"https:\/\/sportseco.com\/index.php?rest_route=\/wp\/v2\/posts"}],"about":[{"href":"https:\/\/sportseco.com\/index.php?rest_route=\/wp\/v2\/types\/post"}],"author":[{"embeddable":true,"href":"https:\/\/sportseco.com\/index.php?rest_route=\/wp\/v2\/users\/1"}],"replies":[{"embeddable":true,"href":"https:\/\/sportseco.com\/index.php?rest_route=%2Fwp%2Fv2%2Fcomments&post=172301"}],"version-history":[{"count":1,"href":"https:\/\/sportseco.com\/index.php?rest_route=\/wp\/v2\/posts\/172301\/revisions"}],"predecessor-version":[{"id":172303,"href":"https:\/\/sportseco.com\/index.php?rest_route=\/wp\/v2\/posts\/172301\/revisions\/172303"}],"wp:featuredmedia":[{"embeddable":true,"href":"https:\/\/sportseco.com\/index.php?rest_route=\/wp\/v2\/media\/172302"}],"wp:attachment":[{"href":"https:\/\/sportseco.com\/index.php?rest_route=%2Fwp%2Fv2%2Fmedia&parent=172301"}],"wp:term":[{"taxonomy":"category","embeddable":true,"href":"https:\/\/sportseco.com\/index.php?rest_route=%2Fwp%2Fv2%2Fcategories&post=172301"},{"taxonomy":"post_tag","embeddable":true,"href":"https:\/\/sportseco.com\/index.php?rest_route=%2Fwp%2Fv2%2Ftags&post=172301"}],"curies":[{"name":"wp","href":"https:\/\/api.w.org\/{rel}","templated":true}]}}