{"id":173300,"date":"2024-09-30T10:10:08","date_gmt":"2024-09-30T14:10:08","guid":{"rendered":"https:\/\/sportseco.com\/?p=173300"},"modified":"2024-09-30T10:10:13","modified_gmt":"2024-09-30T14:10:13","slug":"solo-una-accion-drastica-para-reducir-las-emisiones-puede-limitar-la-subida-del-nivel-del-mar","status":"publish","type":"post","link":"https:\/\/sportseco.com\/?p=173300","title":{"rendered":"S\u00f3lo una acci\u00f3n dr\u00e1stica para reducir las emisiones puede limitar la subida del nivel del mar"},"content":{"rendered":"\n<p>El titular de la ONU reitera que los pa\u00edses deben presentar nuevos planes nacionales de acci\u00f3n por el clima deben ajustarse a 1,5 grados mucho antes de la COP30 de 2025 y pide \u201ccontribuciones significativas\u201d al&nbsp;<em>Fondo de P\u00e9rdidas y Da\u00f1os<\/em>. Los expertos estiman que el nivel global del mar subir\u00e1 entre 15 y 30 cent\u00edmetros de media de aqu\u00ed a 2050.&nbsp;<\/p>\n\n\n\n<p>El&nbsp;<a href=\"https:\/\/www.un.org\/sg\/es\">Secretario General<\/a>&nbsp;de las Naciones Unidas reiter\u00f3 este mi\u00e9rcoles su llamamiento a reducir las emisiones de carbono para limitar la subida del nivel del mar.<\/p>\n\n\n\n<p>En una&nbsp;<a href=\"https:\/\/www.un.org\/pga\/78\/high-level-meeting-on-sea-level-rise\/\">reuni\u00f3n<\/a>&nbsp;de alto nivel en la que participaron representantes de pa\u00edses afectados y otras partes interesadas, Ant\u00f3nio Guterres declar\u00f3 que s\u00f3lo \u201cuna acci\u00f3n dr\u00e1stica\u201d para reducir las emisiones puede limitar la subida. \u201cY s\u00f3lo una acci\u00f3n dr\u00e1stica para adaptarse puede mantener a la gente a salvo de la subida de las aguas\u201d, indic\u00f3.<\/p>\n\n\n\n<p>Seg\u00fan los cient\u00edficos, el nivel del mar a nivel global est\u00e1 subiendo m\u00e1s r\u00e1pido que en cualquier otro momento de los \u00faltimos 3000 a\u00f1os, y sigue aceler\u00e1ndose. El Grupo Intergubernamental de&nbsp;<a href=\"https:\/\/archive.ipcc.ch\/home_languages_main_spanish.shtml\" target=\"_blank\" rel=\"noreferrer noopener\">Expertos sobre el Cambio Clim\u00e1tico<\/a>&nbsp;(<a href=\"https:\/\/www.ipcc.ch\/\" target=\"_blank\" rel=\"noreferrer noopener\">IPCC<\/a>) estima que&nbsp;<strong>el nivel global del mar subir\u00e1 entre 15 y 30 cent\u00edmetros de media de aqu\u00ed a 2050<\/strong>, y que el aumento ser\u00e1 mayor en las regiones ecuatoriales, sobre todo en el Pac\u00edfico.<\/p>\n\n\n\n<p>\u201cLa causa est\u00e1 clara\u201d, insisti\u00f3 Guterres. \u201cLos gases de efecto invernadero, procedentes en su mayor\u00eda de la quema de combustibles f\u00f3siles, est\u00e1n calentando nuestro planeta, expandiendo el agua del mar y derritiendo el hielo\u201d.<\/p>\n\n\n\n<h2 class=\"wp-block-heading\">Comunidades sumergidas, econom\u00edas diezmadas<\/h2>\n\n\n\n<p>La ONU estima que&nbsp;<strong>casi 900 millones de personas viven en zonas costeras bajas<\/strong>. La subida del nivel del mar provoca la erosi\u00f3n costera e inundaciones del litoral y perjudica sectores como la pesca, la agricultura y el turismo.<\/p>\n\n\n\n<p>\u201cComunidades sumergidas, agua dulce contaminada, cosechas arruinadas, infraestructuras da\u00f1adas, biodiversidad destruida y econom\u00edas diezmadas\u201d, destac\u00f3 Guterres, a\u00f1adiendo que&nbsp;<strong>los m\u00e1s pobres y vulnerables son los m\u00e1s afectados<\/strong>.<\/p>\n\n\n\n<p>El titular de la ONU cit\u00f3 varios ejemplos de las consecuencias de la subida del nivel del mar en pa\u00edses como Vanuatu y Bangladesh. Por ejemplo, en Panam\u00e1, cientos de familias isle\u00f1as han tenido que ser reubicadas en el continente.<\/p>\n\n\n\n<p>A este respecto, la secretaria general de la&nbsp;<a href=\"https:\/\/public.wmo.int\/es\" target=\"_blank\" rel=\"noreferrer noopener\">Organizaci\u00f3n Meteorol\u00f3gica Mundial<\/a>&nbsp;(<a href=\"https:\/\/public.wmo.int\/es\" target=\"_blank\" rel=\"noreferrer noopener\">OMM<\/a>) dijo a Noticias ONU que se espera que las costas se vean reducidas frente a un aumento del nivel del mar, y que las lluvias que antes no generaban inundaciones, ahora s\u00ed lo hagan. Adem\u00e1s, los vientos asociados a tormentas tropicales \u201cque antes pod\u00edan ser soportados mejor\u201d, podr\u00edan tener efectos costeros \u201cmuch\u00edsimo m\u00e1s da\u00f1inos\u201d.<\/p>\n\n\n\n<p>\u201cEs decir, el aumento del nivel del mar lo que hace es aumentar la vulnerabilidad de todas las poblaciones costeras y no solo de las personas, sino de sus bienes, de sus casas y de sus medios de vida\u201d, a\u00f1adi\u00f3 Celeste Saulo.<\/p>\n\n\n\n<h2 class=\"wp-block-heading\">Amenaza contra los sistemas alimentarios<\/h2>\n\n\n\n<p>\u201cLos ricos no son inmunes\u201d, advirti\u00f3 Guterres, \u201clas econom\u00edas avanzadas est\u00e1n gastando miles de millones en da\u00f1os y adaptaci\u00f3n. Y si no actuamos pronto, la situaci\u00f3n ser\u00e1 mucho peor\u201d.<\/p>\n\n\n\n<p>En este sentido, dijo que los desplazamientos masivos de poblaci\u00f3n pueden \u201cejercer presi\u00f3n\u201d sobre los limitados recursos de las regiones vecinas.<\/p>\n\n\n\n<p>\u201c<strong>El comercio mundial, los sistemas alimentarios y las cadenas de suministro se ver\u00e1n socavados<\/strong>&nbsp;al da\u00f1arse los puertos y arruinarse las tierras de cultivo y las pesquer\u00edas\u201d, prosigui\u00f3, asegurando que la subida del nivel del mar no s\u00f3lo modificar\u00e1 las costas, sino tambi\u00e9n las econom\u00edas, la pol\u00edtica y la seguridad.<\/p>\n\n\n\n<h2 class=\"wp-block-heading\">Sistemas de alerta y planes nacionales<\/h2>\n\n\n\n<p>El titular de la ONU insisti\u00f3 en que todos deben estar protegidos por sistemas de alerta para el 2027, en l\u00ednea con la iniciativa&nbsp;<em>Alertas Tempranas para Todos<\/em>.<\/p>\n\n\n\n<p>Tambi\u00e9n record\u00f3 que todos los pa\u00edses deben presentar nuevos planes nacionales de acci\u00f3n por el clima \u00abmucho antes\u00bb de la COP30 de 2025 que deben ajustarse a 1,5 grados, abarcar todos los sectores de la econom\u00eda y encaminarse hacia la eliminaci\u00f3n progresiva de los combustibles f\u00f3siles.<\/p>\n\n\n\n<p><strong>\u201cEl G20 -responsable de alrededor del 80% de las emisiones mundiales- debe tomar la iniciativa.<\/strong>&nbsp;Y alinear sus planes de producci\u00f3n y consumo de combustibles f\u00f3siles con 1,5 grados\u201d, enfatiz\u00f3 Guterres.<\/p>\n\n\n\n<h2 class=\"wp-block-heading\">El dinero es indispensable<\/h2>\n\n\n\n<p>De la conferencia clim\u00e1tica de este a\u00f1o (COP29), dijo que se necesitan un resultado financiero s\u00f3lido que incluya nuevas fuentes de capital y contribuciones significativas al nuevo&nbsp;<em>Fondo de P\u00e9rdidas y Da\u00f1os<\/em>, como&nbsp;<strong>un paso hacia la justicia clim\u00e1tica<\/strong>.<\/p>\n\n\n\n<p>\u201cNecesitamos que los pa\u00edses desarrollados dupliquen la financiaci\u00f3n de la adaptaci\u00f3n hasta al menos 40.000 millones de d\u00f3lares al a\u00f1o para 2025, y que muestren c\u00f3mo van a cerrar la brecha de financiaci\u00f3n de la adaptaci\u00f3n\u201d, dijo Guterres al respecto.<\/p>\n\n\n\n<p>Tambi\u00e9n pidi\u00f3 la reforma de los Bancos Multilaterales de Desarrollo para que sean capaces de proporcionar \u201cuna financiaci\u00f3n mucho m\u00e1s asequible\u201d a los pa\u00edses en desarrollo.<\/p>\n\n\n\n<p>En el \u00e1mbito legal, pidi\u00f3 abordar las lagunas del marco jur\u00eddico internacional para garantizar el acceso continuo a los recursos y la protecci\u00f3n tanto de las fronteras mar\u00edtimas como de las personas.<\/p>\n\n\n\n<h2 class=\"wp-block-heading\">Apoyo a las comunidades en primera l\u00ednea<\/h2>\n\n\n\n<p>La reuni\u00f3n se celebr\u00f3 inmediatamente despu\u00e9s de la&nbsp;<a href=\"https:\/\/news.un.org\/es\/events\/cumbre-del-futuro\">Cumbre del Futuro<\/a>&nbsp;y se centr\u00f3 en lograr un entendimiento com\u00fan,&nbsp;<strong>movilizar el liderazgo pol\u00edtico y promover la cooperaci\u00f3n internacional<\/strong>&nbsp;para hacer frente a las amenazas que plantea la subida del nivel del mar, especialmente para los peque\u00f1os Estados insulares en desarrollo y las zonas costeras bajas.<\/p>\n\n\n\n<p><\/p>\n\n\n\n<p>un.org<\/p>\n","protected":false},"excerpt":{"rendered":"<p>El titular de la ONU reitera que los pa\u00edses deben presentar nuevos planes nacionales de acci\u00f3n por el clima deben ajustarse a 1,5 grados mucho antes de la COP30 de 2025 y pide \u201ccontribuciones significativas\u201d al&nbsp;Fondo de P\u00e9rdidas y Da\u00f1os. Los expertos estiman que el nivel global del mar subir\u00e1 entre 15 y 30 cent\u00edmetros [&hellip;]<\/p>\n","protected":false},"author":1,"featured_media":173301,"comment_status":"closed","ping_status":"closed","sticky":false,"template":"","format":"standard","meta":{"_acf_changed":false,"_jetpack_memberships_contains_paid_content":false,"footnotes":"","jetpack_publicize_message":"","jetpack_publicize_feature_enabled":true,"jetpack_social_post_already_shared":true,"jetpack_social_options":{"image_generator_settings":{"template":"highway","default_image_id":0,"font":"","enabled":false},"version":2}},"categories":[6],"tags":[],"class_list":["post-173300","post","type-post","status-publish","format-standard","has-post-thumbnail","hentry","category-ecologia"],"acf":[],"jetpack_publicize_connections":[],"jetpack_featured_media_url":"https:\/\/i0.wp.com\/sportseco.com\/wp-content\/uploads\/2024\/09\/image1170x530cropped-10.jpg?fit=1170%2C530&ssl=1","jetpack_sharing_enabled":true,"_links":{"self":[{"href":"https:\/\/sportseco.com\/index.php?rest_route=\/wp\/v2\/posts\/173300","targetHints":{"allow":["GET"]}}],"collection":[{"href":"https:\/\/sportseco.com\/index.php?rest_route=\/wp\/v2\/posts"}],"about":[{"href":"https:\/\/sportseco.com\/index.php?rest_route=\/wp\/v2\/types\/post"}],"author":[{"embeddable":true,"href":"https:\/\/sportseco.com\/index.php?rest_route=\/wp\/v2\/users\/1"}],"replies":[{"embeddable":true,"href":"https:\/\/sportseco.com\/index.php?rest_route=%2Fwp%2Fv2%2Fcomments&post=173300"}],"version-history":[{"count":1,"href":"https:\/\/sportseco.com\/index.php?rest_route=\/wp\/v2\/posts\/173300\/revisions"}],"predecessor-version":[{"id":173302,"href":"https:\/\/sportseco.com\/index.php?rest_route=\/wp\/v2\/posts\/173300\/revisions\/173302"}],"wp:featuredmedia":[{"embeddable":true,"href":"https:\/\/sportseco.com\/index.php?rest_route=\/wp\/v2\/media\/173301"}],"wp:attachment":[{"href":"https:\/\/sportseco.com\/index.php?rest_route=%2Fwp%2Fv2%2Fmedia&parent=173300"}],"wp:term":[{"taxonomy":"category","embeddable":true,"href":"https:\/\/sportseco.com\/index.php?rest_route=%2Fwp%2Fv2%2Fcategories&post=173300"},{"taxonomy":"post_tag","embeddable":true,"href":"https:\/\/sportseco.com\/index.php?rest_route=%2Fwp%2Fv2%2Ftags&post=173300"}],"curies":[{"name":"wp","href":"https:\/\/api.w.org\/{rel}","templated":true}]}}