{"id":173303,"date":"2024-09-30T10:30:54","date_gmt":"2024-09-30T14:30:54","guid":{"rendered":"https:\/\/sportseco.com\/?p=173303"},"modified":"2024-09-30T10:30:59","modified_gmt":"2024-09-30T14:30:59","slug":"que-ver-en-todos-los-partidos-de-la-segunda-jornada-de-la-uefa-champions-league","status":"publish","type":"post","link":"https:\/\/sportseco.com\/?p=173303","title":{"rendered":"Qu\u00e9 ver en todos los partidos de la segunda jornada de la UEFA Champions League"},"content":{"rendered":"\n<p>Repasamos lo m\u00e1s destacado de cara a la segunda ronda de partidos de la nueva fase liga de la Champions League 2024\/25.<\/p>\n\n\n\n<p>La nueva fase liga de Champions League contin\u00faa con los 36 equipos en acci\u00f3n a lo largo de dos d\u00edas en la segunda jornada.<\/p>\n\n\n\n<p>UEFA.com repasa todos los encuentros y selecciona las estad\u00edsticas importantes y los principales titulares para los partidos del 1\/2 de octubre.<a href=\"https:\/\/gaming.uefa.com\/es\/uclfantasy\/fantasy-landing\">Elige tu equipo Fantasy<\/a><\/p>\n\n\n\n<p><em>Todos los partidos hasta las 21:00 HEC a menos que se indique lo contrario<\/em><\/p>\n\n\n\n<h2 class=\"wp-block-heading\"><strong>Martes 1 de octubre<\/strong><\/h2>\n\n\n\n<h3 class=\"wp-block-heading\"><strong><a href=\"https:\/\/es.uefa.com\/uefachampionsleague\/match\/2041941--salzburg-vs-brest\/\">Salzburg &#8211; Brest<\/a>&nbsp;(18:45)<\/strong><\/h3>\n\n\n\n<p>El Salzburgo cay\u00f3 derrotado por 3-0 ante un implacable Sparta Praha en su primer partido de la fase liga, pero no todo fue pesimismo para el conjunto austriaco en la capital checa. El centrocampista Stefan Bajcetic, uno de los cinco debutantes en la Champions League que formaron parte del once inicial del Salzburgo, declar\u00f3: \u00abHemos luchado despu\u00e9s de encajar el primer gol. Esperemos que, con el apoyo de nuestra afici\u00f3n, tengamos m\u00e1s confianza. Somos una plantilla joven y aprenderemos de esto\u00bb.<\/p>\n\n\n\n<p>No es de extra\u00f1ar que la confianza ande sobrada entre los jugadores del Brest de Eric Roy, que se impusieron al campe\u00f3n austriaco, el Sturm Graz, en la primera jornada. \u00bfConseguir\u00e1 el debutante en la competici\u00f3n prolongar su arranque victorioso en el Stadion Salzburg?<\/p>\n\n\n\n<p><strong>\u00bfLo sab\u00edas?<\/strong><br \/>El Brest es el primer equipo franc\u00e9s de este siglo que gana su primer partido de Champions League. Lille y Montpellier cayeron en 2001 y 2012 respectivamente, mientras que el Rennes no pas\u00f3 del empate en su debut en el torneo.<\/p>\n\n\n\n<h3 class=\"wp-block-heading\"><strong><a href=\"https:\/\/es.uefa.com\/uefachampionsleague\/match\/2041943--stuttgart-vs-sparta-praha\/\">Stuttgart &#8211; Sparta Praha<\/a>&nbsp;(18:45)<\/strong><\/h3>\n\n\n\n<p>El Stuttgart estuvo a unos minutos de empatar con el vigente campe\u00f3n, el Real Madrid, en su primera eliminatoria de Champions League desde 2010. Con dos goles en los \u00faltimos minutos, el equipo de Sebastian Hoene\u00df se march\u00f3 de vac\u00edo del Estadio Santiago Bernab\u00e9u, pero el subcampe\u00f3n de la Bundesliga de la temporada pasada lleva 16 partidos invicto en casa en todas las competiciones y conf\u00eda en poder puntuar ante el Sparta.<\/p>\n\n\n\n<p>\u00abHemos contribuido a que sea una noche inolvidable\u00bb, dijo Hoene\u00df sobre la exhibici\u00f3n de sus jugadores en la capital espa\u00f1ola. \u00abHemos adquirido una gran experiencia aqu\u00ed y aprovecharemos todo eso en los pr\u00f3ximos partidos\u00bb.<\/p>\n\n\n\n<p><strong>\u00bfLo sab\u00edas?<\/strong><br \/>El Stuttgart ha marcado al menos tres goles en cada uno de sus seis \u00faltimos partidos de Bundesliga en casa, un nuevo r\u00e9cord del club.<\/p>\n\n\n\n<p><img data-recalc-dims=\"1\" decoding=\"async\" src=\"https:\/\/i0.wp.com\/editorial.uefa.com\/resources\/0291-1be13a6d657e-f037054862f8-1000\/format\/wide1\/real_madrid_cf_v_vfb_stuttgart_-_uefa_champions_league_2024_25_league_phase_md1.jpeg?w=640&#038;ssl=1\" srcset=\"https:\/\/editorial.uefa.com\/resources\/0291-1be13a6d657e-f037054862f8-1000\/format\/wide1\/real_madrid_cf_v_vfb_stuttgart_-_uefa_champions_league_2024_25_league_phase_md1.jpeg?imwidth=158 158w, https:\/\/editorial.uefa.com\/resources\/0291-1be13a6d657e-f037054862f8-1000\/format\/wide1\/real_madrid_cf_v_vfb_stuttgart_-_uefa_champions_league_2024_25_league_phase_md1.jpeg?imwidth=276 276w, https:\/\/editorial.uefa.com\/resources\/0291-1be13a6d657e-f037054862f8-1000\/format\/wide1\/real_madrid_cf_v_vfb_stuttgart_-_uefa_champions_league_2024_25_league_phase_md1.jpeg?imwidth=280 280w, https:\/\/editorial.uefa.com\/resources\/0291-1be13a6d657e-f037054862f8-1000\/format\/wide1\/real_madrid_cf_v_vfb_stuttgart_-_uefa_champions_league_2024_25_league_phase_md1.jpeg?imwidth=369 369w, https:\/\/editorial.uefa.com\/resources\/0291-1be13a6d657e-f037054862f8-1000\/format\/wide1\/real_madrid_cf_v_vfb_stuttgart_-_uefa_champions_league_2024_25_league_phase_md1.jpeg?imwidth=490 490w, https:\/\/editorial.uefa.com\/resources\/0291-1be13a6d657e-f037054862f8-1000\/format\/wide1\/real_madrid_cf_v_vfb_stuttgart_-_uefa_champions_league_2024_25_league_phase_md1.jpeg?imwidth=556 556w, https:\/\/editorial.uefa.com\/resources\/0291-1be13a6d657e-f037054862f8-1000\/format\/wide1\/real_madrid_cf_v_vfb_stuttgart_-_uefa_champions_league_2024_25_league_phase_md1.jpeg?imwidth=656 656w, https:\/\/editorial.uefa.com\/resources\/0291-1be13a6d657e-f037054862f8-1000\/format\/wide1\/real_madrid_cf_v_vfb_stuttgart_-_uefa_champions_league_2024_25_league_phase_md1.jpeg?imwidth=988 988w, https:\/\/editorial.uefa.com\/resources\/0291-1be13a6d657e-f037054862f8-1000\/format\/wide1\/real_madrid_cf_v_vfb_stuttgart_-_uefa_champions_league_2024_25_league_phase_md1.jpeg?imwidth=2048 2048w\" alt=\"Real Madrid - Stuttgart 3-1\"\/>Iniciar sesi\u00f3n para ver<\/p>\n\n\n\n<p><em>Real Madrid &#8211; Stuttgart 3-1<\/em><\/p>\n\n\n\n<h3 class=\"wp-block-heading\"><strong><a href=\"https:\/\/es.uefa.com\/uefachampionsleague\/match\/2041939--arsenal-vs-paris\/\">Arsenal &#8211; Paris Saint-Germain<\/a><\/strong><\/h3>\n\n\n\n<p>El primer partido en casa del Arsenal en la Champions League 2024\/25 ser\u00e1 una ocasi\u00f3n muy especial para el entrenador de los &#8216;gunners&#8217;, Mikel Arteta, que disfrut\u00f3 de una cesi\u00f3n de 18 meses en Par\u00eds cuando a\u00fan era un joven en las filas del Barcelona. Sin embargo, no habr\u00e1 lugar para el sentimentalismo, ya que el conjunto del norte de Londres busca sumar su primera victoria de la campa\u00f1a contra el equipo de Luis Enrique, que necesit\u00f3 un gol en propia puerta del guardameta del Girona, Paulo Gazzaniga, en el \u00faltimo minuto para derrotar al equipo espa\u00f1ol en la primera jornada.<\/p>\n\n\n\n<p>\u00abHay cosas que hemos hecho excepcionalmente bien\u00bb, declar\u00f3 Arteta tras el empate sin goles de su equipo en Atalanta. \u00ab[Pero] habr\u00e1 cosas que tendremos que hacer mucho mejor. Queremos mejorar en ciertos aspectos. Tenemos que ser mucho m\u00e1s consistentes si queremos que el equipo fluya\u00bb.<\/p>\n\n\n\n<p><strong>\u00bfLo sab\u00edas?<\/strong><br \/>Incluyendo las tandas de penaltis, el guardameta del Arsenal David Raya ha parado cuatro de sus \u00faltimos ocho penaltis en todas las competiciones.<\/p>\n\n\n\n<h3 class=\"wp-block-heading\"><strong><a href=\"https:\/\/es.uefa.com\/uefachampionsleague\/match\/2041938--leverkusen-vs-milan\/\">Bayer Leverkusen &#8211; AC Milan<\/a><\/strong><\/h3>\n\n\n\n<p>El mensaje del Leverkusen tras su vistosa victoria por 0-4 en el campo del Feyenoord era que el tono de su campa\u00f1a estaba marcado. \u00abNo concedimos mucho en defensa y tenemos calidad arriba\u00bb, declar\u00f3 el centrocampista Granit Xhaka. \u00abFue un buen primer paso, pero nada m\u00e1s\u00bb. Para dar un paso m\u00e1s en la competici\u00f3n, los hombres de Xabi Alonso necesitar\u00e1n una mayor resistencia en defensa, ya que han encajado diez goles en sus cinco primeros partidos de la Bundesliga.<\/p>\n\n\n\n<p>El Milan, por su parte, s\u00f3lo ha dejado su porter\u00eda a cero dos veces en sus siete primeros partidos, y su situaci\u00f3n es m\u00e1s apremiante tras la derrota sufrida a manos del Liverpool en la primera jornada. Todo apunta a que habr\u00e1 goles en el BayArena&#8230;<\/p>\n\n\n\n<p><strong>\u00bfLo sab\u00edas?<\/strong><br \/>El Leverkusen s\u00f3lo se ha quedado sin marcar en dos de sus \u00faltimos 61 partidos.<\/p>\n\n\n\n<p><img data-recalc-dims=\"1\" decoding=\"async\" src=\"https:\/\/i0.wp.com\/editorial.uefa.com\/resources\/0291-1be50349edce-76fdd0be4703-1000\/format\/wide1\/fbl-eur-c1-feyenoord-leverkusen.jpeg?w=640&#038;ssl=1\" srcset=\"https:\/\/editorial.uefa.com\/resources\/0291-1be50349edce-76fdd0be4703-1000\/format\/wide1\/fbl-eur-c1-feyenoord-leverkusen.jpeg?imwidth=158 158w, https:\/\/editorial.uefa.com\/resources\/0291-1be50349edce-76fdd0be4703-1000\/format\/wide1\/fbl-eur-c1-feyenoord-leverkusen.jpeg?imwidth=276 276w, https:\/\/editorial.uefa.com\/resources\/0291-1be50349edce-76fdd0be4703-1000\/format\/wide1\/fbl-eur-c1-feyenoord-leverkusen.jpeg?imwidth=280 280w, https:\/\/editorial.uefa.com\/resources\/0291-1be50349edce-76fdd0be4703-1000\/format\/wide1\/fbl-eur-c1-feyenoord-leverkusen.jpeg?imwidth=369 369w, https:\/\/editorial.uefa.com\/resources\/0291-1be50349edce-76fdd0be4703-1000\/format\/wide1\/fbl-eur-c1-feyenoord-leverkusen.jpeg?imwidth=490 490w, https:\/\/editorial.uefa.com\/resources\/0291-1be50349edce-76fdd0be4703-1000\/format\/wide1\/fbl-eur-c1-feyenoord-leverkusen.jpeg?imwidth=556 556w, https:\/\/editorial.uefa.com\/resources\/0291-1be50349edce-76fdd0be4703-1000\/format\/wide1\/fbl-eur-c1-feyenoord-leverkusen.jpeg?imwidth=656 656w, https:\/\/editorial.uefa.com\/resources\/0291-1be50349edce-76fdd0be4703-1000\/format\/wide1\/fbl-eur-c1-feyenoord-leverkusen.jpeg?imwidth=988 988w, https:\/\/editorial.uefa.com\/resources\/0291-1be50349edce-76fdd0be4703-1000\/format\/wide1\/fbl-eur-c1-feyenoord-leverkusen.jpeg?imwidth=2048 2048w\" alt=\"Feyenoord - Leverkusen 0-4\"\/>Iniciar sesi\u00f3n para ver<\/p>\n\n\n\n<p><em>Feyenoord &#8211; Leverkusen 0-4<\/em><a href=\"https:\/\/es.uefa.com\/uefachampionsleague\/news\/0268-12158c19c9c2-ba0cfd7b7601-1000--nuevo-formato-de-la-champions-league-2024-25-todo-lo-que-\/\">El nuevo formato, explicado<\/a><\/p>\n\n\n\n<h3 class=\"wp-block-heading\"><strong><a href=\"https:\/\/es.uefa.com\/uefachampionsleague\/match\/2041936--b-dortmund-vs-celtic\/\">Borussia Dortmund &#8211; Celtic<\/a><\/strong><\/h3>\n\n\n\n<p>El suplente Jamie Gittens fue la estrella en la victoria del Dortmund sobre el Club Brugge en la primera jornada. La paciencia y la profundidad de plantilla ser\u00e1n claves en su temporada, seg\u00fan Julian Brandt. \u00abHa sido mucho trabajo y una batalla de desgaste\u00bb, declar\u00f3 el centrocampista. \u00abLos espacios se hicieron m\u00e1s grandes hacia el final, a medida que se agotaba la energ\u00eda del Brugge. Lo que nos diferencia es que el banquillo marc\u00f3 los goles. Tenemos una buena plantilla en todas las l\u00edneas\u00bb.<\/p>\n\n\n\n<p>No obstante, al Celtic no le faltar\u00e1 perseverancia, dado que marc\u00f3 cuatro goles en la segunda parte contra el Slovan Bratislava para empezar su campa\u00f1a de forma impresionante: su victoria por 5-1 fue la mayor de los &#8216;bhoys&#8217; en la Champions League (de la fase de grupos en adelante).<\/p>\n\n\n\n<p><strong>\u00bfLo sab\u00edas?<\/strong><br \/>El Celtic ha ganado dos partidos consecutivos en la competici\u00f3n de la Champions League (sin contar fase de clasificaci\u00f3n) por primera vez desde la 2007\/08, cuando derrot\u00f3 a Benfica y Shakhtar.<\/p>\n\n\n\n<h3 class=\"wp-block-heading\"><strong><a href=\"https:\/\/es.uefa.com\/uefachampionsleague\/match\/2041937--barcelona-vs-young-boys\/\">Barcelona &#8211; Young Boys<\/a><\/strong><\/h3>\n\n\n\n<p>Los aficionados y los entrenadores esperan una reacci\u00f3n a las sendas \u00faltimas derrotas, y estos dos equipos han demostrado ser capaces de hacerlo. El Barcelona, derrotado en la primera jornada, reaccion\u00f3 con un 1-5 en Villarreal, mientras que el YB se impuso por 1-4 en Winterthur.<\/p>\n\n\n\n<p>Sin embargo, el equipo de Patrick Rahmen logr\u00f3 su primera victoria liguera de la campa\u00f1a, en claro contraste con el Barcelona, que s\u00f3lo ha perdido uno de sus primeros ocho partidos en La Liga, marcando 25 goles en dichos encuentros. Mantener a raya al prol\u00edfico tridente formado por Robert Lewandowski, Lamine Yamal y Raphinha ser\u00e1 una tarea complicada para el YB.<\/p>\n\n\n\n<p><strong>\u00bfLo sab\u00edas?<\/strong><br \/>Lamine Yamal se convirti\u00f3 en el segundo jugador m\u00e1s joven en marcar en la historia de la competici\u00f3n (de la fase de grupos en adelante), al hacerlo a domicilio contra el Monaco en la primera jornada.<\/p>\n\n\n\n<p><img data-recalc-dims=\"1\" decoding=\"async\" src=\"https:\/\/i0.wp.com\/editorial.uefa.com\/resources\/0291-1be52bc8171a-c9da5bab429c-1000\/format\/wide1\/as_monaco_v_fc_barcelona_-_uefa_champions_league_2024_25_league_phase_md1.jpeg?w=640&#038;ssl=1\" srcset=\"https:\/\/editorial.uefa.com\/resources\/0291-1be52bc8171a-c9da5bab429c-1000\/format\/wide1\/as_monaco_v_fc_barcelona_-_uefa_champions_league_2024_25_league_phase_md1.jpeg?imwidth=158 158w, https:\/\/editorial.uefa.com\/resources\/0291-1be52bc8171a-c9da5bab429c-1000\/format\/wide1\/as_monaco_v_fc_barcelona_-_uefa_champions_league_2024_25_league_phase_md1.jpeg?imwidth=276 276w, https:\/\/editorial.uefa.com\/resources\/0291-1be52bc8171a-c9da5bab429c-1000\/format\/wide1\/as_monaco_v_fc_barcelona_-_uefa_champions_league_2024_25_league_phase_md1.jpeg?imwidth=280 280w, https:\/\/editorial.uefa.com\/resources\/0291-1be52bc8171a-c9da5bab429c-1000\/format\/wide1\/as_monaco_v_fc_barcelona_-_uefa_champions_league_2024_25_league_phase_md1.jpeg?imwidth=369 369w, https:\/\/editorial.uefa.com\/resources\/0291-1be52bc8171a-c9da5bab429c-1000\/format\/wide1\/as_monaco_v_fc_barcelona_-_uefa_champions_league_2024_25_league_phase_md1.jpeg?imwidth=490 490w, https:\/\/editorial.uefa.com\/resources\/0291-1be52bc8171a-c9da5bab429c-1000\/format\/wide1\/as_monaco_v_fc_barcelona_-_uefa_champions_league_2024_25_league_phase_md1.jpeg?imwidth=556 556w, https:\/\/editorial.uefa.com\/resources\/0291-1be52bc8171a-c9da5bab429c-1000\/format\/wide1\/as_monaco_v_fc_barcelona_-_uefa_champions_league_2024_25_league_phase_md1.jpeg?imwidth=656 656w, https:\/\/editorial.uefa.com\/resources\/0291-1be52bc8171a-c9da5bab429c-1000\/format\/wide1\/as_monaco_v_fc_barcelona_-_uefa_champions_league_2024_25_league_phase_md1.jpeg?imwidth=988 988w, https:\/\/editorial.uefa.com\/resources\/0291-1be52bc8171a-c9da5bab429c-1000\/format\/wide1\/as_monaco_v_fc_barcelona_-_uefa_champions_league_2024_25_league_phase_md1.jpeg?imwidth=2048 2048w\" alt=\"Monaco - Barcelona 2-1\"\/>Iniciar sesi\u00f3n para ver<\/p>\n\n\n\n<p><em>Monaco &#8211; Barcelona 2-1<\/em><\/p>\n\n\n\n<h3 class=\"wp-block-heading\"><strong><a href=\"https:\/\/es.uefa.com\/uefachampionsleague\/match\/2041935--inter-vs-crvena-zvezda\/\">Inter &#8211; Crvena Zvezda<\/a><\/strong><\/h3>\n\n\n\n<p>Los hombres de Simone Inzaghi cosecharon un meritorio empate en el campo del Manchester City en la primera jornada, pero hubo un paso adelante y otro atr\u00e1s, ya que luego sufrieron una derrota en el derbi ante el Milan en la Serie A. El delantero Lautaro Mart\u00ednez, que marc\u00f3 dos goles en la victoria por 2-3 del s\u00e1bado ante el Udinese, insiste en que van a enderezar el rumbo: \u00abCuando bajas el ritmo y el nivel, no ganas partidos\u00bb, afirm\u00f3. \u00abCuando las cosas van mal hay que trabajar el doble\u00bb.<\/p>\n\n\n\n<p>Los visitantes de Vladan Milojevi\u0107 son la prueba de que eso se puede hacer. Su equipo nunca se recuper\u00f3 de ir perdiendo por dos goles a la media hora contra el Benfica en la primera jornada, pero respondi\u00f3 a esa derrota con una contundente victoria por 0-4 en casa de su rival, el Partizan, en su siguiente partido de liga. \u00bfQu\u00e9 versi\u00f3n de estos equipos se presentar\u00e1 en San Siro?<\/p>\n\n\n\n<p><strong>\u00bfLo sab\u00edas?<\/strong><br \/>El Inter s\u00f3lo ha perdido dos de sus \u00faltimos 16 partidos de Champions League (ocho victorias y seis empates).<\/p>\n\n\n\n<h3 class=\"wp-block-heading\"><strong><a href=\"https:\/\/es.uefa.com\/uefachampionsleague\/match\/2041940--psv-vs-sporting-cp\/\">PSV Eindhoven &#8211; Sporting CP<\/a><\/strong><\/h3>\n\n\n\n<p>El entrenador del PSV, Peter Bosz, no qued\u00f3 nada impresionado con su equipo tras la derrota por 3-1 ante la Juventus. \u00abNo fuimos lo suficientemente duros, estuvimos flojos en los duelos\u00bb, declar\u00f3 tras el partido, antes de a\u00f1adir en su siguiente rueda de prensa: \u00abHemos analizado el partido despu\u00e9s y no ha mejorado. Vi muchas m\u00e1s cosas que no estaban bien. Lo habl\u00e9 con los jugadores\u00bb.<\/p>\n\n\n\n<p>Trasladar el buen momento de forma de la liga nacional (el PSV gan\u00f3 sus siete primeros partidos de la Eredivisie con una diferencia de goles de +21) a la escena europea es una tarea complicada. El Sporting CP, por su parte, encaden\u00f3 cinco victorias consecutivas en liga con un impresionante triunfo por 2-0 contra el Lille en la primera jornada, antesd de ganar sus dos siguientes choques en el campeonato luso. Viktor Gy\u00f6keres lleva 11 goles en nueve partidos esta campa\u00f1a, siendo uno de los rivales a frenar por el PSV.<\/p>\n\n\n\n<p><strong>\u00bfLo sab\u00edas?<\/strong><br \/>El Sporting CP no ha dejado de marcar en sus \u00faltimos 12 partidos de competici\u00f3n UEFA.<\/p>\n\n\n\n<p><img data-recalc-dims=\"1\" decoding=\"async\" src=\"https:\/\/i0.wp.com\/editorial.uefa.com\/resources\/0291-1be13c84b4f1-53a6a4451478-1000\/format\/wide1\/topshot-fbl-eur-c1-sporting_lisbon-lille.jpeg?w=640&#038;ssl=1\" srcset=\"https:\/\/editorial.uefa.com\/resources\/0291-1be13c84b4f1-53a6a4451478-1000\/format\/wide1\/topshot-fbl-eur-c1-sporting_lisbon-lille.jpeg?imwidth=158 158w, https:\/\/editorial.uefa.com\/resources\/0291-1be13c84b4f1-53a6a4451478-1000\/format\/wide1\/topshot-fbl-eur-c1-sporting_lisbon-lille.jpeg?imwidth=276 276w, https:\/\/editorial.uefa.com\/resources\/0291-1be13c84b4f1-53a6a4451478-1000\/format\/wide1\/topshot-fbl-eur-c1-sporting_lisbon-lille.jpeg?imwidth=280 280w, https:\/\/editorial.uefa.com\/resources\/0291-1be13c84b4f1-53a6a4451478-1000\/format\/wide1\/topshot-fbl-eur-c1-sporting_lisbon-lille.jpeg?imwidth=369 369w, https:\/\/editorial.uefa.com\/resources\/0291-1be13c84b4f1-53a6a4451478-1000\/format\/wide1\/topshot-fbl-eur-c1-sporting_lisbon-lille.jpeg?imwidth=490 490w, https:\/\/editorial.uefa.com\/resources\/0291-1be13c84b4f1-53a6a4451478-1000\/format\/wide1\/topshot-fbl-eur-c1-sporting_lisbon-lille.jpeg?imwidth=556 556w, https:\/\/editorial.uefa.com\/resources\/0291-1be13c84b4f1-53a6a4451478-1000\/format\/wide1\/topshot-fbl-eur-c1-sporting_lisbon-lille.jpeg?imwidth=656 656w, https:\/\/editorial.uefa.com\/resources\/0291-1be13c84b4f1-53a6a4451478-1000\/format\/wide1\/topshot-fbl-eur-c1-sporting_lisbon-lille.jpeg?imwidth=988 988w, https:\/\/editorial.uefa.com\/resources\/0291-1be13c84b4f1-53a6a4451478-1000\/format\/wide1\/topshot-fbl-eur-c1-sporting_lisbon-lille.jpeg?imwidth=2048 2048w\" alt=\"Sporting CP - Lille 2-0\"\/>Iniciar sesi\u00f3n para ver<\/p>\n\n\n\n<p><em>Sporting CP &#8211; Lille 2-0<\/em><\/p>\n\n\n\n<h3 class=\"wp-block-heading\"><strong><a href=\"https:\/\/es.uefa.com\/uefachampionsleague\/match\/2041942--s-bratislava-vs-man-city\/\">Slovan Bratislava &#8211; Manchester City<\/a><\/strong><\/h3>\n\n\n\n<p>Jo\u0161ko Gvardiol, defensa del City, reflexion\u00f3 sobre el empate sin goles contra el Inter en la primera jornada: \u00abHemos dejado la porter\u00eda a cero, pero no hemos podido marcar, no ha sido nuestro d\u00eda. Es s\u00f3lo el primer partido, as\u00ed que ya veremos. Si vamos a rendir como hoy, creo que no debemos preocuparnos por nada\u00bb.<\/p>\n\n\n\n<p>El equipo de Pep Guardiola ha comenzado bien la temporada, pero ahora tendr\u00e1 que adaptarse a la vida sin el lesionado Rodri. Incluso a pesar de ello, el Slovan tendr\u00e1 que mejorar su juego si quiere poner a prueba a los campeones ingleses, y el capit\u00e1n Vladim\u00edr Weiss, que comenz\u00f3 su carrera profesional en el City, podr\u00eda escribir una historia incre\u00edble si desempe\u00f1a un papel importante.<\/p>\n\n\n\n<p><strong>\u00bfLo sab\u00edas?<\/strong><br \/>El City est\u00e1 invicto en sus \u00faltimos 24 partidos de Champions, sin contar las tandas de penaltis (16 victorias y ocho empates).<a href=\"https:\/\/es.uefa.com\/uefachampionsleague\/news\/0290-1bbe6d6c60a6-89067feff21f-1000--champions-league-todos-los-partidos-y-resultados\/\">Todos los partidos de la fase liga<\/a><\/p>\n\n\n\n<h2 class=\"wp-block-heading\"><strong>Mi\u00e9rcoles 2 de octubre<\/strong><\/h2>\n\n\n\n<h3 class=\"wp-block-heading\"><strong><a href=\"https:\/\/es.uefa.com\/uefachampionsleague\/match\/2041947--shakhtar-vs-atalanta\/\">Shakhtar Donetsk &#8211; Atalanta<\/a>&nbsp;(18:45)<\/strong><\/h3>\n\n\n\n<p>Mykola Matviyenko se mostr\u00f3 filos\u00f3fico despu\u00e9s de que el Shakhtar comenzase su campa\u00f1a con un empate sin goles contra el Bologna. \u00abNo puedo decir que estemos plenamente satisfechos, pero si valoramos el partido en general, el resultado es probablemente natural\u00bb, declar\u00f3 el defensa. \u00abUn 0-0 es un buen comienzo en la Champions League. Queremos, al menos, llegar a la zona de equipos que luchan por los play-offs\u00bb.<\/p>\n\n\n\n<p>A continuaci\u00f3n se enfrentar\u00e1n a otro equipo italiano, y a otro conjunto que protagoniz\u00f3 un empate en la primera jornada, en el que desperdici\u00f3 un penalti para llevarse los puntos. Ninguno de los dos conjuntos ha dado a\u00fan con la tecla, pero ambos han demostrado en casa que, cuando todo funciona, son equipos dif\u00edciles de mantener a raya.<\/p>\n\n\n\n<p><strong>\u00bfLo sab\u00edas?<\/strong><br \/>El Shakhtar no conoce la victoria en sus \u00faltimos nueve partidos de competici\u00f3n UEFA contra equipos italianos (cuatro empates y cinco derrotas). Su \u00faltima victoria fue por 1-2 ante el Atalanta en Mil\u00e1n en la fase de grupos de la Champions League 2019\/20.<\/p>\n\n\n\n<h3 class=\"wp-block-heading\"><strong><a href=\"https:\/\/es.uefa.com\/uefachampionsleague\/match\/2041951--girona-vs-feyenoord\/\">Girona &#8211; Feyenoord<\/a>&nbsp;(18:45)<\/strong><\/h3>\n\n\n\n<p>El Girona estuvo a punto de empatar en Par\u00eds en su debut en la competici\u00f3n, y el entrenador M\u00edchel se deshizo en elogios hacia su equipo de cara a este estreno en casa. \u00abCreo que hemos dado una buena imagen\u00bb, declar\u00f3. \u00abSomos un club humilde, es nuestra primera participaci\u00f3n en la Champions League y hemos estado a la altura. Este partido nos servir\u00e1 de aprendizaje. Iremos sumando puntos poco a poco. Estoy convencido de que seremos competitivos en cada partido\u00bb.<\/p>\n\n\n\n<p>El Feyenoord tambi\u00e9n necesita aprender r\u00e1pido y despejar la cabeza tras el 4-0 encajado contra el Leverkusen en la primera jornada. El guardameta Timon Wellenreuther quiso encontrar aspectos positivos tras aquel partido: \u00abTuvimos ocasiones, pero no marcamos. En realidad no jugamos mal con el bal\u00f3n\u00bb.<\/p>\n\n\n\n<p><strong>\u00bfLo sab\u00edas?<\/strong><br \/>El Feyenoord ha perdido sus cuatro \u00faltimos partidos de Champions League.<\/p>\n\n\n\n<h3 class=\"wp-block-heading\"><strong><a href=\"https:\/\/es.uefa.com\/uefachampionsleague\/match\/2041950--aston-villa-vs-bayern-munchen\/\">Aston Villa &#8211; Bayern M\u00fcnchen<\/a><\/strong><\/h3>\n\n\n\n<p>La suerte quiso que el Villa se enfrentara al Bayern en su primer partido en casa en esta competici\u00f3n desde 1983, ya que el club ingl\u00e9s hab\u00eda levantado el trofeo un a\u00f1o antes al derrotar al Bayern por 1-0 en la final de R\u00f3terdam. El equipo de Unai Emery demostr\u00f3 que est\u00e1 ansioso por recuperar el tiempo perdido al imponerse con facilidad al Young Boys (3-0), y Youri Tielemans ya espera con impaciencia su pr\u00f3ximo reto.<\/p>\n\n\n\n<p>\u00abTodos los partidos van a ser muy dif\u00edciles\u00bb, afirm\u00f3. \u00abEste nuevo formato significa que todo va a ser muy importante; al final de los ocho partidos, todo va a depender de los detalles. Depender\u00e1 de nosotros imponer nuestro juego\u00bb. El Bayern se impuso en la primera jornada, convirti\u00e9ndose en el primer equipo que marca nueve goles en un partido de la Champions League (sin contar la fase de clasificaci\u00f3n).<\/p>\n\n\n\n<p><strong>\u00bfLo sab\u00edas?<\/strong><br \/>El Bayern est\u00e1 invicto en un r\u00e9cord de competici\u00f3n de 41 partidos de fase liga\/de grupos en la Champions League (37 victorias y cuatro empates), desde una derrota por 3-0 contra el Paris en septiembre de 2017.<\/p>\n\n\n\n<p><img data-recalc-dims=\"1\" decoding=\"async\" src=\"https:\/\/i0.wp.com\/editorial.uefa.com\/resources\/0291-1be1341a0b15-4b16c21ad052-1000\/format\/wide1\/fbl-eur-c1-bayern_munich-dinamo_zagreb.jpeg?w=640&#038;ssl=1\" srcset=\"https:\/\/editorial.uefa.com\/resources\/0291-1be1341a0b15-4b16c21ad052-1000\/format\/wide1\/fbl-eur-c1-bayern_munich-dinamo_zagreb.jpeg?imwidth=158 158w, https:\/\/editorial.uefa.com\/resources\/0291-1be1341a0b15-4b16c21ad052-1000\/format\/wide1\/fbl-eur-c1-bayern_munich-dinamo_zagreb.jpeg?imwidth=276 276w, https:\/\/editorial.uefa.com\/resources\/0291-1be1341a0b15-4b16c21ad052-1000\/format\/wide1\/fbl-eur-c1-bayern_munich-dinamo_zagreb.jpeg?imwidth=280 280w, https:\/\/editorial.uefa.com\/resources\/0291-1be1341a0b15-4b16c21ad052-1000\/format\/wide1\/fbl-eur-c1-bayern_munich-dinamo_zagreb.jpeg?imwidth=369 369w, https:\/\/editorial.uefa.com\/resources\/0291-1be1341a0b15-4b16c21ad052-1000\/format\/wide1\/fbl-eur-c1-bayern_munich-dinamo_zagreb.jpeg?imwidth=490 490w, https:\/\/editorial.uefa.com\/resources\/0291-1be1341a0b15-4b16c21ad052-1000\/format\/wide1\/fbl-eur-c1-bayern_munich-dinamo_zagreb.jpeg?imwidth=556 556w, https:\/\/editorial.uefa.com\/resources\/0291-1be1341a0b15-4b16c21ad052-1000\/format\/wide1\/fbl-eur-c1-bayern_munich-dinamo_zagreb.jpeg?imwidth=656 656w, https:\/\/editorial.uefa.com\/resources\/0291-1be1341a0b15-4b16c21ad052-1000\/format\/wide1\/fbl-eur-c1-bayern_munich-dinamo_zagreb.jpeg?imwidth=988 988w, https:\/\/editorial.uefa.com\/resources\/0291-1be1341a0b15-4b16c21ad052-1000\/format\/wide1\/fbl-eur-c1-bayern_munich-dinamo_zagreb.jpeg?imwidth=2048 2048w\" alt=\"Bayern M&amp;#252;nchen - GNK Dinamo 9-2\"\/>Iniciar sesi\u00f3n para ver<\/p>\n\n\n\n<p><em>Bayern M\u00fcnchen &#8211; GNK Dinamo 9-2<\/em><\/p>\n\n\n\n<h3 class=\"wp-block-heading\"><strong><a href=\"https:\/\/es.uefa.com\/uefachampionsleague\/match\/2041948--gnk-dinamo-vs-monaco\/\">GNK Dinamo &#8211; Monaco<\/a><\/strong><\/h3>\n\n\n\n<p>El entrenador del Monaco, Adi H\u00fctter, se mostr\u00f3 encantado con su joven equipo despu\u00e9s de que obtuviera uno de los resultados m\u00e1s destacados de la primera jornada, un 2-1 en casa contra el Barcelona: \u00abEstoy muy orgulloso, sobre todo de jugadores como Eliesse Ben Seghir, de 19 a\u00f1os, Maghnes Akliouche, que jugaba su primer partido (en la competici\u00f3n), y Lamine Camara, de 20 a\u00f1os. Este es el camino que queremos seguir aqu\u00ed en M\u00f3naco\u00bb.<\/p>\n\n\n\n<p>Mientras el conjunto franc\u00e9s se ha puesto las pilas, el GNK Dinamo prescindi\u00f3 del t\u00e9cnico Sergej Jakirovi\u0107 tras la derrota por 9-2 ante el Bayern. Su sustituto, Nenad Bjelica, comenz\u00f3 su segunda etapa en el club con una victoria por 5-1 sobre el NK Lokomotiva, pero sabe que hay poco margen de error en la segunda jornada. \u00abLos chicos jugaron bien y estoy satisfecho de como han cumplido con todo lo que les he pedido. Ahora toca centrarse en el Monaco\u00bb, coment\u00f3.<\/p>\n\n\n\n<p><strong>\u00bfLo sab\u00edas?<\/strong><br \/>El M\u00f3naco llevaba 14 partidos sin ganar en la Champions League antes del triunfo contra el Barcelona.<a href=\"https:\/\/www.uefa.com\/uefachampionsleague\/news\/0291-1bdd14ac892f-e7faba8919d6-1000--champions-league-form-guide-scores-results-league-positi\/\">Estado de forma<\/a><\/p>\n\n\n\n<h3 class=\"wp-block-heading\"><strong><a href=\"https:\/\/es.uefa.com\/uefachampionsleague\/match\/2041944--liverpool-vs-bologna\/\">Liverpool &#8211; Bologna<\/a><\/strong><\/h3>\n\n\n\n<p>Los &#8216;reds&#8217; regresaron con \u00e9xito a la competici\u00f3n con su victoria en Mil\u00e1n en la primera jornada, y el capit\u00e1n Virgil van Dijk no dud\u00f3 en esbozar c\u00f3mo pretenden los hombres de Arne Slot aprovechar ese triunfo. \u00abParece muy f\u00e1cil, pero la constancia. Tienes que mantenerte en forma, tienes que hacer todo lo que est\u00e9 en tu mano para estar listo para el siguiente partido, seas titular o no, y tienes que sentirte parte de la victoria\u00bb.<\/p>\n\n\n\n<p>El Liverpool marc\u00f3 dos goles de cabeza (uno de falta y otro de c\u00f3rner) en ese partido, y el entrenador del Bologna, Vincenzo Italiano, ha se\u00f1alado esas \u00e1reas de mejora para su equipo. \u00abTenemos que crecer y mejorar en el \u00faltimo tercio\u00bb, afirm\u00f3. \u00abTambi\u00e9n tenemos que aprovechar m\u00e1s las situaciones a bal\u00f3n parado\u00bb.<\/p>\n\n\n\n<p><strong>\u00bfLo sab\u00edas?<\/strong><br \/>El Liverpool ha ganado 12 de sus \u00faltimos 13 partidos de la fase liga\/de grupos de la Champions League (un empate).<\/p>\n\n\n\n<p><img data-recalc-dims=\"1\" decoding=\"async\" src=\"https:\/\/i0.wp.com\/editorial.uefa.com\/resources\/0291-1be13956bc88-871c243f3f10-1000\/format\/wide1\/fbl-eur-c1-ac_milan-liverpool.jpeg?w=640&#038;ssl=1\" srcset=\"https:\/\/editorial.uefa.com\/resources\/0291-1be13956bc88-871c243f3f10-1000\/format\/wide1\/fbl-eur-c1-ac_milan-liverpool.jpeg?imwidth=158 158w, https:\/\/editorial.uefa.com\/resources\/0291-1be13956bc88-871c243f3f10-1000\/format\/wide1\/fbl-eur-c1-ac_milan-liverpool.jpeg?imwidth=276 276w, https:\/\/editorial.uefa.com\/resources\/0291-1be13956bc88-871c243f3f10-1000\/format\/wide1\/fbl-eur-c1-ac_milan-liverpool.jpeg?imwidth=280 280w, https:\/\/editorial.uefa.com\/resources\/0291-1be13956bc88-871c243f3f10-1000\/format\/wide1\/fbl-eur-c1-ac_milan-liverpool.jpeg?imwidth=369 369w, https:\/\/editorial.uefa.com\/resources\/0291-1be13956bc88-871c243f3f10-1000\/format\/wide1\/fbl-eur-c1-ac_milan-liverpool.jpeg?imwidth=490 490w, https:\/\/editorial.uefa.com\/resources\/0291-1be13956bc88-871c243f3f10-1000\/format\/wide1\/fbl-eur-c1-ac_milan-liverpool.jpeg?imwidth=556 556w, https:\/\/editorial.uefa.com\/resources\/0291-1be13956bc88-871c243f3f10-1000\/format\/wide1\/fbl-eur-c1-ac_milan-liverpool.jpeg?imwidth=656 656w, https:\/\/editorial.uefa.com\/resources\/0291-1be13956bc88-871c243f3f10-1000\/format\/wide1\/fbl-eur-c1-ac_milan-liverpool.jpeg?imwidth=988 988w, https:\/\/editorial.uefa.com\/resources\/0291-1be13956bc88-871c243f3f10-1000\/format\/wide1\/fbl-eur-c1-ac_milan-liverpool.jpeg?imwidth=2048 2048w\" alt=\"Milan - Liverpool 1-3\"\/>Iniciar sesi\u00f3n para ver<\/p>\n\n\n\n<p><em>Milan &#8211; Liverpool 1-3<\/em><\/p>\n\n\n\n<h3 class=\"wp-block-heading\"><strong><a href=\"https:\/\/es.uefa.com\/uefachampionsleague\/match\/2041949--lille-vs-real-madrid\/\">LOSC Lille &#8211; Real Madrid<\/a><\/strong><\/h3>\n\n\n\n<p>Con diez hombres sobre el terreno de juego, el Lille perdi\u00f3 2-0 en el campo del Sporting CP en la primera jornada, aunque el defensa Alexsandro no se desesper\u00f3, en declaraciones a UEFA.com: \u00abSacamos muchas cosas positivas de este partido, a pesar de la derrota. Tuvimos un error defensivo que nos complic\u00f3 el partido\u00bb.<\/p>\n\n\n\n<p>No ser\u00eda aconsejable cometer m\u00e1s errores en la visita del vigente campe\u00f3n de Europa a Francia, aunque el Madrid quiz\u00e1 se sintiera aliviado por su 3-1 de la \u00faltima jornada contra el Stuttgart. \u00abSeguimos buscando nuestra mejor versi\u00f3n\u00bb, declar\u00f3 el t\u00e9cnico Carlo Ancelotti. \u00bfLa encontrar\u00e1n en el Estadio Pierre Mauroy?<\/p>\n\n\n\n<p><strong>\u00bfLo sab\u00edas?<\/strong><br \/>El Lille s\u00f3lo ha perdido uno de sus ocho enfrentamientos en casa contra clubes espa\u00f1oles en la competici\u00f3n de clubes de la UEFA, con dos victorias y cinco empates.<\/p>\n\n\n\n<h3 class=\"wp-block-heading\"><strong><a href=\"https:\/\/es.uefa.com\/uefachampionsleague\/match\/2041945--leipzig-vs-juventus\/\">Leipzig &#8211; Juventus<\/a><\/strong><\/h3>\n\n\n\n<p>El Leipzig encaj\u00f3 un gol en los \u00faltimos minutos de la derrota ante el Atl\u00e9tico de Madrid, dejando al centrocampista Arthur Vermeeren con ganas de resarcirse en Alemania, en declaraciones a UEFA.com: \u00abSomos un grupo joven con jugadores j\u00f3venes y estos son los momentos de los que tenemos que aprender y en el pr\u00f3ximo partido asegurarnos la victoria\u00bb.<\/p>\n\n\n\n<p>El golazo de Kenan Y\u0131ld\u0131z fue lo m\u00e1s destacado del triunfo de la Juve por 3-1 ante el PSV, pero el t\u00e9cnico Thiago Motta espera una actuaci\u00f3n a\u00fan mejor en su primer enfrentamiento con el Leipzig. \u00abEl resultado (del PSV) es una buena manera de empezar la competici\u00f3n\u00bb, explic\u00f3. \u00abAhora s\u00f3lo tenemos que seguir as\u00ed y mejorar en muchas cosas\u00bb.<\/p>\n\n\n\n<p><strong>\u00bfLo sab\u00edas?<\/strong><br \/>La Juve gan\u00f3 tres de sus \u00faltimos cinco partidos en Alemania (un empate y una derrota), incluyendo victorias por 2-0 en sus dos visitas m\u00e1s recientes.<\/p>\n\n\n\n<p><img data-recalc-dims=\"1\" decoding=\"async\" src=\"https:\/\/i0.wp.com\/editorial.uefa.com\/resources\/0291-1be124b79652-da519158cef3-1000\/format\/wide1\/juventus_v_psv_eindhoven_-_uefa_champions_league_2024_25_league_phase_md1.jpeg?w=640&#038;ssl=1\" srcset=\"https:\/\/editorial.uefa.com\/resources\/0291-1be124b79652-da519158cef3-1000\/format\/wide1\/juventus_v_psv_eindhoven_-_uefa_champions_league_2024_25_league_phase_md1.jpeg?imwidth=158 158w, https:\/\/editorial.uefa.com\/resources\/0291-1be124b79652-da519158cef3-1000\/format\/wide1\/juventus_v_psv_eindhoven_-_uefa_champions_league_2024_25_league_phase_md1.jpeg?imwidth=276 276w, https:\/\/editorial.uefa.com\/resources\/0291-1be124b79652-da519158cef3-1000\/format\/wide1\/juventus_v_psv_eindhoven_-_uefa_champions_league_2024_25_league_phase_md1.jpeg?imwidth=280 280w, https:\/\/editorial.uefa.com\/resources\/0291-1be124b79652-da519158cef3-1000\/format\/wide1\/juventus_v_psv_eindhoven_-_uefa_champions_league_2024_25_league_phase_md1.jpeg?imwidth=369 369w, https:\/\/editorial.uefa.com\/resources\/0291-1be124b79652-da519158cef3-1000\/format\/wide1\/juventus_v_psv_eindhoven_-_uefa_champions_league_2024_25_league_phase_md1.jpeg?imwidth=490 490w, https:\/\/editorial.uefa.com\/resources\/0291-1be124b79652-da519158cef3-1000\/format\/wide1\/juventus_v_psv_eindhoven_-_uefa_champions_league_2024_25_league_phase_md1.jpeg?imwidth=556 556w, https:\/\/editorial.uefa.com\/resources\/0291-1be124b79652-da519158cef3-1000\/format\/wide1\/juventus_v_psv_eindhoven_-_uefa_champions_league_2024_25_league_phase_md1.jpeg?imwidth=656 656w, https:\/\/editorial.uefa.com\/resources\/0291-1be124b79652-da519158cef3-1000\/format\/wide1\/juventus_v_psv_eindhoven_-_uefa_champions_league_2024_25_league_phase_md1.jpeg?imwidth=988 988w, https:\/\/editorial.uefa.com\/resources\/0291-1be124b79652-da519158cef3-1000\/format\/wide1\/juventus_v_psv_eindhoven_-_uefa_champions_league_2024_25_league_phase_md1.jpeg?imwidth=2048 2048w\" alt=\"Juventus - PSV 3-1\"\/>Iniciar sesi\u00f3n para ver<\/p>\n\n\n\n<p><em>Juventus &#8211; PSV 3-1<\/em><\/p>\n\n\n\n<h3 class=\"wp-block-heading\"><strong><a href=\"https:\/\/es.uefa.com\/uefachampionsleague\/match\/2041952--sturm-graz-vs-club-brugge\/\">Sturm Graz &#8211; Club Brugge<\/a><\/strong><\/h3>\n\n\n\n<p>\u00abTuvimos mala suerte con algunas ocasiones, pero al final encajamos dos goles f\u00e1ciles\u00bb, dijo el capit\u00e1n del Sturm Jon Gorenc Stankovi\u0107 a UEFA.com mientras reflexionaba sobre su derrota por 2-1 en la noche inaugural en Brest, y los campeones austriacos tendr\u00e1n que ser m\u00e1s precisos si quieren superar a sus hom\u00f3logos belgas en Klagenfurt.<\/p>\n\n\n\n<p>El Club Brugge de Nicky Hayen cedi\u00f3 en los \u00faltimos minutos ante el Dortmund, encajando los tres goles de la derrota por 3-0 despu\u00e9s del minuto 75, y el guardameta Simon Mignolet se sinti\u00f3 frustrado. \u00abTenemos que luchar para el pr\u00f3ximo partido\u00bb, afirm\u00f3.<\/p>\n\n\n\n<p><strong>\u00bfLo sab\u00edas?<\/strong><br \/>El \u00faltimo visitante belga del Sturm fue el Anderlecht en la fase de grupos de la Europa League 2011\/12: los de Bruselas se impusieron por 2-0.<\/p>\n\n\n\n<h3 class=\"wp-block-heading\"><strong><a href=\"https:\/\/es.uefa.com\/uefachampionsleague\/match\/2041946--benfica-vs-atleti\/\">Benfica &#8211; Atl\u00e9tico de Madrid<\/a><\/strong><\/h3>\n\n\n\n<p>Estos dos equipos ya se han enfrentado en dos ocasiones, con sendas victorias por 1-2 a domicilio en la fase de grupos de la Champions League 2015\/16. El Benfica de Bruno Lage se impuso por 2-1 en su visita al Crvena Zvezda en su primer partido, y puede esperar un rival intimidante de nuevo, con el Atleti luchando tras remontar un 0-1 en contra y vencer por 2-1 al Leipzig en la primera jornada.<\/p>\n\n\n\n<p>\u00abEmpezamos con un despiste defensivo\u00bb, dijo el goleador del partido, Jos\u00e9 Mar\u00eda Gim\u00e9nez. \u00abPero el equipo no dej\u00f3 de luchar y creer\u00bb.<\/p>\n\n\n\n<p><strong>\u00bfLo sab\u00edas?<\/strong><br \/>El Atleti de Diego Simeone perdi\u00f3 4-1 ante el Real Madrid tras la pr\u00f3rroga en el Estadio do SL Benfica en la final de la Champions League de 2014.<\/p>\n\n\n\n<p>\u00bfCu\u00e1ndo se juegan los partidos de la fase liga de la UEFA Champions League?<\/p>\n\n\n\n<p>Jornada 2: 1\/2 de octubre de 2024<br \/>Jornada 3: 22\/23 de octubre de 2024<br \/>Jornada 4: 5\/6 de noviembre de 2024<br \/>Jornada 5: 26\/27 de noviembre de 2024<br \/>Jornada 6: 10\/11 de diciembre de 2024<br \/>Jornada 7: 21\/22 de enero de 2025<br \/>Jornada 8: 29 de enero de 2025<\/p>\n\n\n\n<h2 class=\"wp-block-heading\">Lo pr\u00f3ximo<\/h2>\n\n\n\n<ul id=\"U54725023831LyE\" class=\"wp-block-list\">\n<li>Los finalistas de la Champions League de la temporada pasada vuelven a verse las caras cuando el Real Madrid reciba al Dortmund el martes de la tercera jornada.<\/li>\n\n\n\n<li>Dos pesos pesados se ver\u00e1n las caras al d\u00eda siguiente, cuando Bayern y Barcelona vuelvan a verse las caras: el conjunto alem\u00e1n ha ganado los cinco enfrentamientos de la presente d\u00e9cada.<\/li>\n\n\n\n<li>En la cuarta jornada, Xabi Alonso regresar\u00e1 emocionado a Anfield con su equipo, el Leverkusen, que visita al Liverpool.<\/li>\n<\/ul>\n\n\n\n<p>\u00bfD\u00f3nde se jugar\u00e1 la final de la Champions League 2025?<\/p>\n\n\n\n<figure class=\"wp-block-image\"><img data-recalc-dims=\"1\" decoding=\"async\" src=\"https:\/\/i0.wp.com\/editorial.uefa.com\/resources\/0291-1bd3e562007d-c81085e594c8-1000\/format\/wide1\/lowres_24_.jpeg?w=640&#038;ssl=1\" alt=\"\" title=\"\"\/><\/figure>\n\n\n\n<p>UEFA via Getty Images<\/p>\n\n\n\n<p><a href=\"https:\/\/www.uefa.com\/uefachampionsleague\/news\/0283-186742eb3c74-d5eb4afca229-1000--2025-uefa-champions-league-final-fussball-arena-munchen\/\">La final de la UEFA Champions League 2024\/25 se jugar\u00e1 en el Munich Football Arena el 31 de mayo de 2025.<\/a><\/p>\n\n\n\n<p>\u00a9 1998-2024 UEFA. All rights reserved.<\/p>\n","protected":false},"excerpt":{"rendered":"<p>Repasamos lo m\u00e1s destacado de cara a la segunda ronda de partidos de la nueva fase liga de la Champions League 2024\/25. La nueva fase liga de Champions League contin\u00faa con los 36 equipos en acci\u00f3n a lo largo de dos d\u00edas en la segunda jornada. UEFA.com repasa todos los encuentros y selecciona las estad\u00edsticas [&hellip;]<\/p>\n","protected":false},"author":1,"featured_media":173304,"comment_status":"closed","ping_status":"closed","sticky":false,"template":"","format":"standard","meta":{"_acf_changed":false,"_jetpack_memberships_contains_paid_content":false,"footnotes":"","jetpack_publicize_message":"","jetpack_publicize_feature_enabled":true,"jetpack_social_post_already_shared":true,"jetpack_social_options":{"image_generator_settings":{"template":"highway","default_image_id":0,"font":"","enabled":false},"version":2}},"categories":[5],"tags":[],"class_list":["post-173303","post","type-post","status-publish","format-standard","has-post-thumbnail","hentry","category-futbol"],"acf":[],"jetpack_publicize_connections":[],"jetpack_featured_media_url":"https:\/\/i0.wp.com\/sportseco.com\/wp-content\/uploads\/2024\/09\/ucl_24x27_-_web_specific_multiplayer_cutout_-_email_3_.webp?fit=988%2C556&ssl=1","jetpack_sharing_enabled":true,"_links":{"self":[{"href":"https:\/\/sportseco.com\/index.php?rest_route=\/wp\/v2\/posts\/173303","targetHints":{"allow":["GET"]}}],"collection":[{"href":"https:\/\/sportseco.com\/index.php?rest_route=\/wp\/v2\/posts"}],"about":[{"href":"https:\/\/sportseco.com\/index.php?rest_route=\/wp\/v2\/types\/post"}],"author":[{"embeddable":true,"href":"https:\/\/sportseco.com\/index.php?rest_route=\/wp\/v2\/users\/1"}],"replies":[{"embeddable":true,"href":"https:\/\/sportseco.com\/index.php?rest_route=%2Fwp%2Fv2%2Fcomments&post=173303"}],"version-history":[{"count":1,"href":"https:\/\/sportseco.com\/index.php?rest_route=\/wp\/v2\/posts\/173303\/revisions"}],"predecessor-version":[{"id":173305,"href":"https:\/\/sportseco.com\/index.php?rest_route=\/wp\/v2\/posts\/173303\/revisions\/173305"}],"wp:featuredmedia":[{"embeddable":true,"href":"https:\/\/sportseco.com\/index.php?rest_route=\/wp\/v2\/media\/173304"}],"wp:attachment":[{"href":"https:\/\/sportseco.com\/index.php?rest_route=%2Fwp%2Fv2%2Fmedia&parent=173303"}],"wp:term":[{"taxonomy":"category","embeddable":true,"href":"https:\/\/sportseco.com\/index.php?rest_route=%2Fwp%2Fv2%2Fcategories&post=173303"},{"taxonomy":"post_tag","embeddable":true,"href":"https:\/\/sportseco.com\/index.php?rest_route=%2Fwp%2Fv2%2Ftags&post=173303"}],"curies":[{"name":"wp","href":"https:\/\/api.w.org\/{rel}","templated":true}]}}