{"id":173309,"date":"2024-09-30T11:55:05","date_gmt":"2024-09-30T15:55:05","guid":{"rendered":"https:\/\/sportseco.com\/?p=173309"},"modified":"2024-09-30T11:55:09","modified_gmt":"2024-09-30T15:55:09","slug":"chatarreros-pioneros-del-reciclaje-sin-los-que-ya-habriamos-agotado-el-planeta","status":"publish","type":"post","link":"https:\/\/sportseco.com\/?p=173309","title":{"rendered":"Chatarreros, pioneros del reciclaje sin los que ya habr\u00edamos agotado el planeta"},"content":{"rendered":"\n<p><strong>Ana Tu\u00f1as Matilla<\/strong><\/p>\n\n\n\n<p><strong>El reciclado y reutilizaci\u00f3n de metales existe desde que la humanidad aprendi\u00f3 a usarlos, pero ha sido en el \u00faltimo siglo cuando los chatarreros han pasado de ser recolectores de basura a convertirse en profesionales sin los que ya habr\u00edamos agotado el planeta, m\u00e1xime en un mundo que, como el actual, consume cantidades ingentes de estos recursos naturales.<\/strong><\/p>\n\n\n\n<p>Frente a otros materiales, los metales, tanto f\u00e9rricos como no f\u00e9rricos, tienen la gran ventaja de ser \u00abinfinitamente reciclables sin perder sus facultades\u00bb, ha destacado en una entrevista con EFEverde la directora general de la&nbsp;<strong>Federaci\u00f3n Espa\u00f1ola de la Recuperaci\u00f3n y el Reciclaje (FER)<\/strong>, Alicia Garc\u00eda-Franco.<\/p>\n\n\n\n<p>\u00abLos mismos prehist\u00f3ricos ya los reutilizaban. Los romanos, tras una batalla, recog\u00edan flechas, espadas, escudos&#8230;Su reciclaje ha existido siempre y por eso digo que hoy podr\u00edas estar usando acero de nuestros antepasados romanos. Esto es muy importante porque hace el mundo mucho m\u00e1s sostenible\u00bb, ha apuntado.<\/p>\n\n\n\n<figure class=\"wp-block-image\" id=\"attachment_207208\"><img data-recalc-dims=\"1\" decoding=\"async\" src=\"https:\/\/i0.wp.com\/efeverde.com\/wp-content\/uploads\/2024\/09\/Chatarreros-en-las-afueras-de-madrid-a-finales-de-los-anos-70.-Foto-Larena-%40archivolarena-cedida-para-su-uso-editorial-en-EFEverde.com-1.jpeg?w=640&#038;ssl=1\" alt=\"\" class=\"wp-image-207208\"\/><figcaption class=\"wp-element-caption\">Chatarreros en las afueras de Madrid a finales de los a\u00f1os 70. Foto Larena @archivolarena cedida para su uso editorial en EFEverde.com<\/figcaption><\/figure>\n\n\n\n<h2 class=\"wp-block-heading\">Las guerras impulsaron la actividad<\/h2>\n\n\n\n<p>Aunque el oficio de chatarrero existe desde hace milenios, fue tras las guerras mundiales y, en el caso de Espa\u00f1a, tras la Guerra Civil, cuando empezaron a proliferar por los pueblos con burros y carretas para recoger los enseres que la gente ya no quer\u00eda.<\/p>\n\n\n\n<p>A partir de ah\u00ed, han ido evolucionando hasta convertirse en gestores de residuos tal y como los conocemos hoy: una industria basada en una tecnolog\u00eda car\u00edsima que convive con aquellos que a\u00fan van recogiendo chatarra de barrio en barrio.<\/p>\n\n\n\n<p>Esos chatarreros, a diferencia de lo que mucha gente piensa, trabajan \u00ablegalmente\u00bb pues para operar deben tener licencia para la venta ambulante de chatarra al por menor y llevar todo lo que recogen a centros de tratamiento autorizados, ha explicado.<\/p>\n\n\n\n<p>La actividad del reciclaje, ha a\u00f1adido, re\u00fane a unas 5.000 empresas en toda Espa\u00f1a, que dan empleo directo a 35.000 personas y que facturan unos 16.000 millones de euros al a\u00f1o. Aunque estas cifras indican que se trata de una industria importante por \u00abcuestiones econ\u00f3micas\u00bb, tambi\u00e9n lo es por cuestiones ambientales.<\/p>\n\n\n\n<blockquote class=\"wp-block-quote is-layout-flow wp-block-quote-is-layout-flow\">\n<p>\u00abGracias al reciclaje, no hemos agotado el planeta\u00bb, ha dicho al respecto Garc\u00eda-Franco, que ha apuntado que el actual consumismo de recursos en el que vivimos naci\u00f3 hace s\u00f3lo dos generaciones y, afortunadamente, est\u00e1 empezando a ser cuestionado por la sociedad.<\/p>\n<\/blockquote>\n\n\n\n<p>\u00abEn \u00e9poca de nuestros abuelos no se tiraba nada (&#8230;) Pero la generaci\u00f3n intermedia ha sido de consumir, usar y tirar. Afortunadamente, estamos d\u00e1ndole la vuelta\u00bb.<\/p>\n\n\n\n<figure class=\"wp-block-image\" id=\"attachment_207232\"><img data-recalc-dims=\"1\" height=\"456\" width=\"640\" decoding=\"async\" src=\"https:\/\/i0.wp.com\/efeverde.com\/wp-content\/uploads\/2024\/09\/1-HISTORIA-DEL-RECUPERADOR-mi-primer-almacen-2-1024x730.jpg?resize=640%2C456&#038;ssl=1\" alt=\"\" class=\"wp-image-207232\"\/><figcaption class=\"wp-element-caption\">Imagen de archivo de un almac\u00e9n de chatarra cedida por FER<\/figcaption><\/figure>\n\n\n\n<h2 class=\"wp-block-heading\">Los gestores ya no act\u00faan s\u00f3lo para ganar dinero<\/h2>\n\n\n\n<p>La actividad en Espa\u00f1a ha ido creciendo desde la posguerra de la mano del progreso tecnol\u00f3gico y cient\u00edfico, que nos ha permitido situarnos a la vanguardia de Europa, ha asegurado la directiva.<\/p>\n\n\n\n<p>\u00abSiempre pongo el mismo ejemplo. Cuando empec\u00e9, hace 29 a\u00f1os, ten\u00eda que ir con las botas de pocero a ver a mis socios y ahora podr\u00eda ir con tac\u00f3n de aguja que no me matar\u00eda\u00bb, ha dicho para mostrar el cambio que ha vivido el sector en los \u00faltimos a\u00f1os.<\/p>\n\n\n\n<p>Tambi\u00e9n han impulsado la actividad los cambios legales y la extensi\u00f3n de una mayor conciencia ambiental en la sociedad.<\/p>\n\n\n\n<blockquote class=\"wp-block-quote is-layout-flow wp-block-quote-is-layout-flow\">\n<p>\u00abAhora estamos llegando a un nuevo cambio de paradigma porque las nuevas generaciones de gestores ya no hacen las cosas pensando s\u00f3lo en cuestiones econ\u00f3micas, tambi\u00e9n piensan en cuestiones sociales y medioambientales\u00bb, ha afirmado.<\/p>\n<\/blockquote>\n\n\n\n<figure class=\"wp-block-image\" id=\"attachment_207205\"><img data-recalc-dims=\"1\" height=\"361\" width=\"640\" decoding=\"async\" src=\"https:\/\/i0.wp.com\/efeverde.com\/wp-content\/uploads\/2024\/09\/Planta-3-1024x577.jpg?resize=640%2C361&#038;ssl=1\" alt=\"\" class=\"wp-image-207205\"\/><figcaption class=\"wp-element-caption\">Imagen de una planta moderna de fragmentaci\u00f3n cedida por FER<\/figcaption><\/figure>\n\n\n\n<h2 class=\"wp-block-heading\">Evitar la miner\u00eda<\/h2>\n\n\n\n<p>Entre las grandes industrias que se nutren de los metales que recuperan, destacan las de aparatos el\u00e9ctricos y electr\u00f3nicos, autom\u00f3vil o construcci\u00f3n.<\/p>\n\n\n\n<p>En Espa\u00f1a, el sector gestiona m\u00e1s de 6 millones de toneladas f\u00e9rricas, el equivalente a la mitad del consumo total del pa\u00eds.<\/p>\n\n\n\n<p>Adem\u00e1s, reciclan 120.000 toneladas de bater\u00edas de plomo \u00e1cido que son usadas por todo tipo de veh\u00edculo. Esta cifra equivale a todo el plomo que se usa en el pa\u00eds, o dicho de otra manera, todo el plomo que se usa en Espa\u00f1a es cien por cien reciclado, \u00ablo que permite que no tengamos miner\u00eda de plomo\u00bb, ha destacado.<\/p>\n\n\n\n<p>Otro ejemplo: s\u00f3lo en 2023 se reciclaron 601.607 autom\u00f3viles, de los que se aprovecha el 95 % de los materiales y componentes.<\/p>\n\n\n\n<p>\u00abEste sector permite que en Espa\u00f1a ya pr\u00e1cticamente no exista miner\u00eda porque nos abastecemos de lo que generamos a trav\u00e9s de la recuperaci\u00f3n de todos los metales\u00bb, ha se\u00f1alado Garc\u00eda-Franco, que ha subrayado que el gran reto ahora es ser \u00abresiduos cero\u00bb.<\/p>\n\n\n\n<p>Si esto se eleva a escala mundial, podemos concluir que el sector ha evitado \u00abque hayamos consumido ya totalmente el planeta\u00bb y se posiciona como pieza clave para evitar el desabastecimiento de materias primas.&nbsp;EFEverde<\/p>\n\n\n\n<p>atm<\/p>\n\n\n\n<figure class=\"wp-block-image\" id=\"attachment_207228\"><img data-recalc-dims=\"1\" height=\"426\" width=\"640\" decoding=\"async\" src=\"https:\/\/i0.wp.com\/efeverde.com\/wp-content\/uploads\/2024\/09\/Planta-1024x681.jpg?resize=640%2C426&#038;ssl=1\" alt=\"\" class=\"wp-image-207228\"\/><figcaption class=\"wp-element-caption\">Imagen de una planta cedida por FER<\/figcaption><\/figure>\n","protected":false},"excerpt":{"rendered":"<p>Ana Tu\u00f1as Matilla El reciclado y reutilizaci\u00f3n de metales existe desde que la humanidad aprendi\u00f3 a usarlos, pero ha sido en el \u00faltimo siglo cuando los chatarreros han pasado de ser recolectores de basura a convertirse en profesionales sin los que ya habr\u00edamos agotado el planeta, m\u00e1xime en un mundo que, como el actual, consume [&hellip;]<\/p>\n","protected":false},"author":1,"featured_media":173310,"comment_status":"closed","ping_status":"closed","sticky":false,"template":"","format":"standard","meta":{"_acf_changed":false,"_jetpack_memberships_contains_paid_content":false,"footnotes":"","jetpack_publicize_message":"","jetpack_publicize_feature_enabled":true,"jetpack_social_post_already_shared":true,"jetpack_social_options":{"image_generator_settings":{"template":"highway","default_image_id":0,"font":"","enabled":false},"version":2}},"categories":[6],"tags":[],"class_list":["post-173309","post","type-post","status-publish","format-standard","has-post-thumbnail","hentry","category-ecologia"],"acf":[],"jetpack_publicize_connections":[],"jetpack_featured_media_url":"https:\/\/i0.wp.com\/sportseco.com\/wp-content\/uploads\/2024\/09\/Chatarreros-en-las-afueras-de-madrid-a-finales-de-los-anos-70.-Foto-Larena-%40archivolarena-cedida-para-su-uso-editorial-en-EFEverde.com-3.jpeg?fit=1920%2C1195&ssl=1","jetpack_sharing_enabled":true,"_links":{"self":[{"href":"https:\/\/sportseco.com\/index.php?rest_route=\/wp\/v2\/posts\/173309","targetHints":{"allow":["GET"]}}],"collection":[{"href":"https:\/\/sportseco.com\/index.php?rest_route=\/wp\/v2\/posts"}],"about":[{"href":"https:\/\/sportseco.com\/index.php?rest_route=\/wp\/v2\/types\/post"}],"author":[{"embeddable":true,"href":"https:\/\/sportseco.com\/index.php?rest_route=\/wp\/v2\/users\/1"}],"replies":[{"embeddable":true,"href":"https:\/\/sportseco.com\/index.php?rest_route=%2Fwp%2Fv2%2Fcomments&post=173309"}],"version-history":[{"count":1,"href":"https:\/\/sportseco.com\/index.php?rest_route=\/wp\/v2\/posts\/173309\/revisions"}],"predecessor-version":[{"id":173311,"href":"https:\/\/sportseco.com\/index.php?rest_route=\/wp\/v2\/posts\/173309\/revisions\/173311"}],"wp:featuredmedia":[{"embeddable":true,"href":"https:\/\/sportseco.com\/index.php?rest_route=\/wp\/v2\/media\/173310"}],"wp:attachment":[{"href":"https:\/\/sportseco.com\/index.php?rest_route=%2Fwp%2Fv2%2Fmedia&parent=173309"}],"wp:term":[{"taxonomy":"category","embeddable":true,"href":"https:\/\/sportseco.com\/index.php?rest_route=%2Fwp%2Fv2%2Fcategories&post=173309"},{"taxonomy":"post_tag","embeddable":true,"href":"https:\/\/sportseco.com\/index.php?rest_route=%2Fwp%2Fv2%2Ftags&post=173309"}],"curies":[{"name":"wp","href":"https:\/\/api.w.org\/{rel}","templated":true}]}}