{"id":173319,"date":"2024-10-01T07:45:14","date_gmt":"2024-10-01T11:45:14","guid":{"rendered":"https:\/\/sportseco.com\/?p=173319"},"modified":"2024-10-01T07:47:57","modified_gmt":"2024-10-01T11:47:57","slug":"dia-internacional-de-las-personas-de-edad-1-de-octubre-6","status":"publish","type":"post","link":"https:\/\/sportseco.com\/?p=173319","title":{"rendered":"D\u00eda Internacional de las Personas de Edad, 1 de octubre"},"content":{"rendered":"\n<p><img data-recalc-dims=\"1\" decoding=\"async\" src=\"https:\/\/i0.wp.com\/www.un.org\/sites\/un2.un.org\/files\/styles\/banner-image-style-27-10\/public\/2023\/08\/older_persons_index-2023_0.png?w=640&#038;ssl=1\" alt=\"Fotomontaje de im\u00e1genes de varias personas mayores.\"\/><\/p>\n\n\n\n<p>El envejecimiento de la poblaci\u00f3n es un fen\u00f3meno universal. Pr\u00e1cticamente todos los pa\u00edses del mundo est\u00e1n experimentando un crecimiento tanto del tama\u00f1o como de la proporci\u00f3n de personas mayores en la poblaci\u00f3n.<\/p>\n\n\n\n<p><strong>Foto:<\/strong>\u00a9 Benny Manser\/UNFPA, Marcel Crozet \/ OIT, OIT\/Apex Image, J. Aliling \/ OIT, Rajindra Ariyabandu\/ESCAP, Amer Kapetanovic\/UNFPA Bosnia y Herzegovina<\/p>\n\n\n\n<blockquote class=\"wp-block-quote is-layout-flow wp-block-quote-is-layout-flow\">\n<p>En este D\u00eda Internacional de las Personas de Edad, compromet\u00e1monos a reforzar los sistemas de cuidados y apoyo que respetan la dignidad de las personas de edad y las que prestan cuidados.<small>Secretario General Ant\u00f3nio Guterres<\/small><\/p>\n<\/blockquote>\n\n\n\n<h2 class=\"wp-block-heading\">Envejecer con dignidad: reforzar los sistemas de atenci\u00f3n y asistencia a las personas mayores en todo el mundo<\/h2>\n\n\n\n<p>El envejecimiento de la poblaci\u00f3n est\u00e1 transformando las estructuras sociales de todo el mundo. La esperanza de vida al nacer supera actualmente los 75 a\u00f1os en la mitad de los pa\u00edses del mundo, 25 a\u00f1os m\u00e1s que en 1950. Para 2030, se prev\u00e9 que el n\u00famero de personas mayores supere al de j\u00f3venes en todo el mundo, y que este aumento sea m\u00e1s r\u00e1pido en los pa\u00edses en desarrollo. Este cambio demogr\u00e1fico ha transformado significativamente el \u00e1mbito de los cuidados, que engloba una amplia gama de necesidades de asistencia, tanto remunerada como no remunerada, en entornos formales e informales.<\/p>\n\n\n\n<p>A medida que la poblaci\u00f3n envejece, la demanda de servicios integrales de atenci\u00f3n sanitaria, cuidados y apoyo social ha crecido sustancialmente, sobre todo para las personas mayores con enfermedades como la demencia.<\/p>\n\n\n\n<p>Por este motivo, la 34\u00aa conmemoraci\u00f3n del D\u00eda Internacional de las Personas de Edad de las Naciones Unidas se centra en el tema \u00ab<strong>Envejecer con dignidad: reforzar los sistemas de atenci\u00f3n y asistencia a las personas mayores en todo el mundo<\/strong>\u00ab.<\/p>\n\n\n\n<p>El acto de este a\u00f1o reunir\u00e1 a expertos para debatir pol\u00edticas, legislaci\u00f3n y pr\u00e1cticas que refuercen los sistemas de atenci\u00f3n y cuidados a las personas mayores. Se destacar\u00e1 la urgente necesidad de ampliar las oportunidades de formaci\u00f3n y educaci\u00f3n en geriatr\u00eda y gerontolog\u00eda, abordar la escasez mundial de cuidadores y reconocer las diversas contribuciones de los mismos.<\/p>\n\n\n\n<figure class=\"wp-block-image\"><a href=\"https:\/\/www.un.org\/es\/observances\/%3Cstyle%20type=%22text\/css%22%3Eblockquote%20p:before%20%7B%20%20%20%20%20content:%20%22\/f10d%22;%20%20%20%20%20font-family:%20'Fontawesome';%20%20%20%20%20float:%20left;%20%20%20%20%20margin-right:%2010px;%20%7D%20#heading-border::after{%20content:%20'';%20%20%20%20%20display:%20block;%20%20%20%20%20margin-left:%201px;%20%20%20%20%20margin-top:%201.75rem;%20%20%20%20%20border-top:%20#00a1d9%20solid%203px;%20%20%20%20%20width:%2033%;%20}%20p,%20h4,%20h5,%20h6,%20ul%20{padding-bottom:%201rem;%20}%20%20%20element.style%20{%20%20%20%20%20list-style:%20none;%20%20%20%20%20font-size:%2016px;%20}%20%3C\/style%3E%20%3Cdiv%20class=%22topmargin%20bottommargin%20clearfix%22%20style=%22font-size:%2016px;%22%3E{C}{C}{C}{C}%3C!--%20%20BEGINNING%20LEFT%20COLUMN--%3E%20%3Cblockquote%20style=%22border-left:%20none;%20margin:%2020px%2010%%2040px%2010%;%22%3E%20%3Cdiv%20class=%22row%22%3E%20%3Cdiv%20class=%22col-sm-1%20text-center%22%3E&nbsp;%3C\/div%3E%20%20%3Cdiv%20class=%22col-sm-2%20text-center%22%3E%3Cimg%20alt=%22Ant%C3%B3nio%20Guterres%22%20class=%22img-circle%22%20%20data-cke-saved-src=%22https:\/\/www.un.org\/sites\/un2.un.org\/files\/2019\/11\/sg.jpg%22%20src=%22https:\/\/www.un.org\/sites\/un2.un.org\/files\/2019\/11\/sg.jpg%22%20style=%22width:%20100px;height:100px;%22%3E%3C\/div%3E%20%20%3Cdiv%20class=%22col-sm-8%22%3EEn%20este%20D%C3%ADa%20Internacional%20de%20las%20Personas%20de%20Edad,%20compromet%C3%A1monos%20a%20reforzar%20los%20sistemas%20de%20cuidados%20y%20apoyo%20que%20respetan%20la%20dignidad%20de%20las%20personas%20de%20edad%20y%20las%20que%20prestan%20cuidados.%20%3Csmall%3ESecretario%20General%20Ant%C3%B3nio%20Guterres%3C\/small%3E%3C\/div%3E%20%20%3Cdiv%20class=%22col-sm-1%20text-center%22%3E&nbsp;%3C\/div%3E%20%3C\/div%3E%20%3C\/blockquote%3E%20%20%3Cdiv%20class=%22col-lg-8%22%3E%20%3Ch2%20style=%22padding-bottom:%202rem;%22%3EEnvejecer%20con%20dignidad:%20reforzar%20los%20sistemas%20de%20atenci%C3%B3n%20y%20asistencia%20a%20las%20personas%20mayores%20en%20todo%20el%20mundo%3C\/h2%3E%20%20%3Cp%3EEl%20envejecimiento%20de%20la%20poblaci%C3%B3n%20est%C3%A1%20transformando%20las%20estructuras%20sociales%20de%20todo%20el%20mundo.%20La%20esperanza%20de%20vida%20al%20nacer%20supera%20actualmente%20los%2075%20a%C3%B1os%20en%20la%20mitad%20de%20los%20pa%C3%ADses%20del%20mundo,%2025%20a%C3%B1os%20m%C3%A1s%20que%20en%201950.%20Para%202030,%20se%20prev%C3%A9%20que%20el%20n%C3%BAmero%20de%20personas%20mayores%20supere%20al%20de%20j%C3%B3venes%20en%20todo%20el%20mundo,%20y%20que%20este%20aumento%20sea%20m%C3%A1s%20r%C3%A1pido%20en%20los%20pa%C3%ADses%20en%20desarrollo.%20Este%20cambio%20demogr%C3%A1fico%20ha%20transformado%20significativamente%20el%20%C3%A1mbito%20de%20los%20cuidados,%20que%20engloba%20una%20amplia%20gama%20de%20necesidades%20de%20asistencia,%20tanto%20remunerada%20como%20no%20remunerada,%20en%20entornos%20formales%20e%20informales.%3C\/p%3E%20%20%3Cp%3EA%20medida%20que%20la%20poblaci%C3%B3n%20envejece,%20la%20demanda%20de%20servicios%20integrales%20de%20atenci%C3%B3n%20sanitaria,%20cuidados%20y%20apoyo%20social%20ha%20crecido%20sustancialmente,%20sobre%20todo%20para%20las%20personas%20mayores%20con%20enfermedades%20como%20la%20demencia.%3C\/p%3E%20%20%3Cp%3EPor%20este%20motivo,%20la%2034%C2%AA%20conmemoraci%C3%B3n%20del%20D%C3%ADa%20Internacional%20de%20las%20Personas%20de%20Edad%20de%20las%20Naciones%20Unidas%20se%20centra%20en%20el%20tema%20%22%3Cstrong%3EEnvejecer%20con%20dignidad:%20reforzar%20los%20sistemas%20de%20atenci%C3%B3n%20y%20asistencia%20a%20las%20personas%20mayores%20en%20todo%20el%20mundo%3C\/strong%3E%22.%3C\/p%3E%20%20%3Cp%3EEl%20acto%20de%20este%20a%C3%B1o%20reunir%C3%A1%20a%20expertos%20para%20debatir%20pol%C3%ADticas,%20legislaci%C3%B3n%20y%20pr%C3%A1cticas%20que%20refuercen%20los%20sistemas%20de%20atenci%C3%B3n%20y%20cuidados%20a%20las%20personas%20mayores.%20Se%20destacar%C3%A1%20la%20urgente%20necesidad%20de%20ampliar%20las%20oportunidades%20de%20formaci%C3%B3n%20y%20educaci%C3%B3n%20en%20geriatr%C3%ADa%20y%20gerontolog%C3%ADa,%20abordar%20la%20escasez%20mundial%20de%20cuidadores%20y%20reconocer%20las%20diversas%20contribuciones%20de%20los%20mismos.%3C\/p%3E%20%20%3Cdiv%20class=%22row%22%20style=%22margin:%203rem%203rem%203rem%200rem;%22%3E%20%3Cdiv%20class=%22col-lg-6%20col-md-6%20col-sm-12%22%3E%3Ca%20%20data-cke-saved-href=%22https:\/\/www.eventbrite.com\/e\/2024-34th-un-international-day-of-older-persons-celebration-tickets-957480498947?aff=oddtdtcreator%22%20href=%22https:\/\/www.eventbrite.com\/e\/2024-34th-un-international-day-of-older-persons-celebration-tickets-957480498947?aff=oddtdtcreator%22%3E%3Cimg%20alt=%22Registration%22%20class=%22responsive%22%20%20data-cke-saved-src=%22https:\/\/www.un.org\/sites\/un2.un.org\/files\/2024\/09\/1-flyer_1-1.png%22%20src=%22https:\/\/www.un.org\/sites\/un2.un.org\/files\/2024\/09\/1-flyer_1-1.png%22%3E%3C\/a%3E%3C\/div%3E%20%20%3Cdiv%20class=%22col-lg-6%20col-md-6%20col-sm-12%22%3E%20%3Cdiv%3E%20%3Ch3%3EEventos%20en%202024,%20Nueva%20York%3C\/h3%3E%20%20%3Cp%3E%3Cstrong%3E7%20de%20octubre%20de%202024,%20de%20las%2010%20a%20las%2013%20horas%3C\/strong%3E,%20Sal%C3%B3n%20del%20ECOSOC%3Cbr%3E%20La%20Conmemoraci%C3%B3n%202024%20del%20D%C3%ADa%20Internacional%20de%20las%20Personas%20de%20Edad%20de%20las%20Naciones%20Unidas%20reunir%C3%A1%20a%20expertos%20para%20debatir%20sobre%20pol%C3%ADticas,%20legislaci%C3%B3n%20y%20pr%C3%A1cticas%20que%20refuercen%20los%20sistemas%20de%20atenci%C3%B3n%20y%20apoyo%20a%20las%20personas%20de%20edad.%20Se%20lanzar%C3%A1,%20adem%C3%A1s,%20el%20sello%20conmemorativo%20de%20la%20Administraci%C3%B3n%20Postal%20de%20las%20Naciones%20Unidas%20para%20celebrar%20el%20D%C3%ADa%20Internacional%20de%20las%20Personas%20de%20Edad%20de%20las%20Naciones%20Unidas.%20%3Ca%20%20data-cke-saved-href=%22https:\/\/social.desa.un.org\/issues\/ageing\/events\/2024-unidop%22%20href=%22https:\/\/social.desa.un.org\/issues\/ageing\/events\/2024-unidop%22%3EM%C3%A1s%20informaci%C3%B3n%3C\/a%3E%3C\/p%3E%20%3Ca%20class=%22btn%20btn-default%20eventitem%22%20%20data-cke-saved-href=%22https:\/\/www.eventbrite.com\/e\/2024-34th-un-international-day-of-older-persons-celebration-tickets-957480498947?aff=oddtdtcreator%22%20href=%22https:\/\/www.eventbrite.com\/e\/2024-34th-un-international-day-of-older-persons-celebration-tickets-957480498947?aff=oddtdtcreator%22%20id=%22more_button%22%20role=%22button%22%3EInscribirse%3C\/a%3E%3C\/div%3E%20%3C\/div%3E%20%3C\/div%3E%20%20%3Ch3%3EAntecedentes%3C\/h3%3E%20%20%3Cp%3EEl%2014%20de%20diciembre%20de%201990,%20la%20Asamblea%20General%20de%20las%20Naciones%20Unidas,%20a%20trav%C3%A9s%20de%20la%20%3Ca%20%20data-cke-saved-href=%22http:\/\/undocs.org\/es\/A\/RES\/45\/106%22%20href=%22http:\/\/undocs.org\/es\/A\/RES\/45\/106%22%3Eresoluci%C3%B3n%2045\/106%3C\/a%3E,%20design%C3%B3%20el%201%20de%20octubre%20D%C3%ADa%20Internacional%20de%20las%20Personas%20de%20Edad.%3C\/p%3E%20%20%3Cp%3EAnteriormente%20a%20esto,%20exist%C3%ADan%20iniciativas%20como%20el%20Plan%20de%20Acci%C3%B3n%20Internacional%20de%20Viena%20sobre%20el%20Envejecimiento,%20que%20fue%20adoptado%20por%20la%20Asamblea%20Mundial%20sobre%20el%20Envejecimiento%20en%201982%20y%20que%20la%20Asamblea%20General%20de%20las%20Naciones%20Unidas%20aprob%C3%B3%20ese%20mismo%20a%C3%B1o.%3C\/p%3E%20%20%3Cp%3EEn%201991,%20la%20Asamblea%20General%20(por%20la%20%3Ca%20%20data-cke-saved-href=%22https:\/\/undocs.org\/es\/A\/RES\/46\/91%22%20href=%22https:\/\/undocs.org\/es\/A\/RES\/46\/91%22%3Eresoluci%C3%B3n%2046\/91%3C\/a%3E)%20adopt%C3%B3%20los%20Principios%20de%20las%20Naciones%20Unidas%20para%20las%20personas%20mayores.%3C\/p%3E%20%20%3Cp%3EEn%202002,%20la%20segunda%20Asamblea%20Mundial%20sobre%20el%20Envejecimiento%20adopt%C3%B3%20el%20Plan%20de%20Acci%C3%B3n%20Internacional%20de%20Madrid%20sobre%20el%20Envejecimiento,%20para%20responder%20a%20las%20oportunidades%20y%20desaf%C3%ADos%20del%20envejecimiento%20de%20la%20poblaci%C3%B3n%20en%20el%20siglo%20XXI%20y%20para%20promover%20el%20desarrollo%20de%20una%20sociedad%20para%20todas%20las%20edades.%3C\/p%3E%20{C}{C}{C}{C}%3C!--%20%3Cp%3ETodas%20estas%20citas%20y%20declaraciones%20resultan%20cada%20vez%20m%C3%A1s%20esenciales%20teniendo%20en%20cuenta%20los%20cambios%20a%20los%20que%20nuestras%20sociedades%20se%20exponen.%20La%20composici%C3%B3n%20de%20la%20poblaci%C3%B3n%20mundial%20ha%20cambiado%20dr%C3%A1sticamente%20en%20las%20%C3%BAltimas%20d%C3%A9cadas.%20Entre%201950%20y%202010,%20la%20esperanza%20de%20vida%20en%20todo%20el%20mundo%20aument%C3%B3%20de%2046%20a%2068%20a%C3%B1os.%20A%20nivel%20mundial,%20hab%C3%ADa%20703%20millones%20de%20personas%20de%2065%20a%C3%B1os%20o%20m%C3%A1s%20en%202019.%20La%20regi%C3%B3n%20de%20Asia%20oriental%20y%20sudoriental%20albergaba%20el%20mayor%20n%C3%BAmero%20de%20personas%20mayores%20(261%20millones),%20seguida%20de%20Europa%20y%20Am%C3%A9rica%20del%20Norte%20(m%C3%A1s%20de%20200%20millones).%3C\/p%3E%20%20%3Cp%3EDurante%20las%20pr%C3%B3ximas%20tres%20d%C3%A9cadas,%20se%20estima%20que%20el%20n%C3%BAmero%20de%20mayores&nbsp;aumente&nbsp;a%20m%C3%A1s%20del%20doble,%20llegando%20a%20m%C3%A1s%20de%201%20500%20millones%20de%20personas%20en%202050.%20Todas%20las%20regiones%20ver%C3%A1n%20un%20aumento%20en%20el%20tama%C3%B1o%20de%20la%20poblaci%C3%B3n%20mayor%20entre%202019%20y%202050.%3C\/p%3E%20%20%3Cp%3EEl%20mayor%20incremento%20en%20cifras&nbsp;(312%20millones)%20se%20producir%C3%A1%20en%20Asia%20oriental%20y%20sudoriental,%20pasando%20de%20261%20millones%20en%202019%20a%20573%20millones%20en%202050.%20Mientras,%20el%20aumento%20m%C3%A1s%20r%C3%A1pido%20en%20el%20n%C3%BAmero%20de%20personas%20mayores%20se%20espera%20en%20%C3%81frica%20septentrional%20y%20Asia%20occidental,%20pasando%20de%2029%20millones%20en%202019%20a%2096%20millones%20en%202050%20(226%%20de%20incremento).%20El%20segundo%20aumento%20m%C3%A1s%20r%C3%A1pido%20se%20prev%C3%A9%20para%20%C3%81frica%20subsahariana,%20donde%20la%20poblaci%C3%B3n%20de%2065%20a%C3%B1os%20o%20m%C3%A1s%20podr%C3%ADa%20crecer%20de%2032%20millones%20en%202019%20a%20101%20millones%20en%202050%20(218%).%20Por%20el%20contrario,%20se%20espera%20que%20el%20incremento%20sea%20relativamente%20peque%C3%B1o%20en%20Australia%20y%20Nueva%20Zelanda%20(84%),&nbsp;Europa%20y%20Am%C3%A9rica%20del%20Norte%20(48%),%20regiones%20donde%20la%20poblaci%C3%B3n%20ya%20es%20significativamente%20mayor%20que%20en%20otras%20partes%20del%20mundo.%3C\/p%3E%20%20%3Cp%3ELos%20pa%C3%ADses%20en%20desarrollo%20albergar%C3%A1n%20m%C3%A1s%20de%20dos%20tercios%20de%20la%20poblaci%C3%B3n%20de%20edad%20avanzada%20del%20mundo%20(1%20100%20millones)%20en%202050.%20Sin%20embargo,%20se%20prev%C3%A9%20que%20el%20aumento%20m%C3%A1s%20r%C3%A1pido%20se%20produzca%20en%20la%20divisi%C3%B3n%20de%20los%20pa%C3%ADses%20clasificados%20como%20pa%C3%ADses%20menos%20adelantados,%20donde%20el%20n%C3%BAmero%20de%20personas%20de%2065%20a%C3%B1os%20o%20m%C3%A1s%20podr%C3%ADa%20pasar%20de%2037%20millones%20en%202019%20a%20120%20millones%20en%202050%20(225%).%3C\/p%3E%20--%3E%20%20%3Cp%3E%3Cstrong%3EPor%20un%20envejecimiento%20saludable%3C\/strong%3E%3C\/p%3E%20%20%3Cdiv%20class=%22bottommargin-med%20%20embed-responsive%20embed-responsive-16by9%22%3E%3Ciframe%20allow=%22accelerometer;%20autoplay;%20encrypted-media;%20gyroscope;%20picture-in-picture%22%20allowfullscreen=%22%22%20frameborder=%220%22%20src=%22https:\/\/www.youtube.com\/embed\/CRS8cckd3vM%22%3E%3C\/iframe%3E%3C\/div%3E%20%3C\/div%3E%20%20%3Cdiv%20class=%22col-lg-4%22%3E%20%3Cdiv%20class=%22more-info%22%20style=%22padding:%202em%200em%200em%202em;%22%3E%20%3Ch3%20id=%22heading-border%22%3E%C2%BFSab%C3%ADas%20que...?%3C\/h3%3E%20%20%3Cdiv%20style=%22list-style:%20none;%20font-size:%2016px;%22%3E%20%3Cul%3E%20%3Cli%20style=%22border-bottom:%20#f2f2f2%202px%20solid;%20padding:%2010px;%20margin:%200;%22%3ESe%20prev%C3%A9%20que%20el%20n%C3%BAmero%20de%20personas%20de%2065%20a%C3%B1os%20o%20m%C3%A1s%20en%20todo%20el%20mundo%20se%20duplique%20con%20creces,%20pasando%20de%20761%20millones%20en%202021%20a%201600%20millones%20en%202050.%20El%20n%C3%BAmero%20de%20personas%20de%2080%20a%C3%B1os%20o%20m%C3%A1s%20est%C3%A1%20creciendo%20a%C3%BAn%20m%C3%A1s%20r%C3%A1pido.%3C\/li%3E%20%3Cli%20style=%22border-bottom:%20#f2f2f2%202px%20solid;%20padding:%2010px;%20margin:%200;%22%3EEn%20todo%20el%20mundo,%20se%20espera%20que%20los%20beb%C3%A9s%20nacidos%20en%202022%20vivan%2071,7%20a%C3%B1os%20de%20media,%2025%20a%C3%B1os%20m%C3%A1s%20que%20los%20nacidos%20en%201950.%3C\/li%3E%20%3Cli%20style=%22border-bottom:%20#f2f2f2%202px%20solid;%20padding:%2010px;%20margin:%200;%22%3ELas%20mujeres%20tienden%20a%20vivir%20m%C3%A1s%20que%20los%20hombres%20y,%20por%20tanto,%20representan%20la%20mayor%20parte%20de%20la%20poblaci%C3%B3n%20de%20edad%20avanzada.%20En%201950,%20las%20mujeres%20pod%C3%ADan%20llegar%20a%20vivir%20casi%20cuatro%20a%C3%B1os%20m%C3%A1s%20que%20los%20hombres%20en%20todo%20el%20mundo.%20En%202021,%20la%20diferencia%20entre%20ambos%20hab%C3%ADa%20aumentado%20a%20m%C3%A1s%20de%20cinco%20a%C3%B1os.%3C\/li%3E%20%3Cli%20style=%22border-bottom:%20#f2f2f2%202px%20solid;%20padding:%2010px;%20margin:%200;%22%3ESe%20prev%C3%A9%20que%20el%20n%C3%BAmero%20de%20personas%20en%20edad%20de%20trabajar%20(de%2055%20a%2064%20a%C3%B1os)%20aumente%20de%20723%20millones%20en%202021%20a%201075%20millones%20en%202050,%20y%20a%201218%20millones%20en%202100.%3C\/li%3E%20%3C\/ul%3E%20%3C\/div%3E%20%3C\/div%3E%20%20%3Cdiv%20class=%22more-info%22%20style=%22padding:%202em%200em%200em%202em;%22%3E%20%3Ch3%20id=%22heading-border%22%3ECambiar%20la%20manera%20de%20ver%20el%20envejecimiento%20(en%20ingl%C3%A9s)%3C\/h3%3E%20%20%3Cdiv%20class=%22embed-responsive%20embed-responsive-16by9%22%3E%3Ciframe%20allow=%22accelerometer;%20autoplay;%20encrypted-media;%20gyroscope;%20picture-in-picture%22%20allowfullscreen=%22%22%20frameborder=%220%22%20src=%22https:\/\/www.youtube.com\/embed\/JfmjAQLqwKI%22%3E%3C\/iframe%3E%3C\/div%3E%20%3C\/div%3E%20%20%3Cdiv%20class=%22more-info%22%20style=%22padding:%202em%200em%200em%202em;%22%3E%20%3Ch3%20id=%22heading-border%22%3EEnvejecimiento%20y%20salud%3C\/h3%3E%20%20%3Cdiv%20class=%22img%22%20style=%22padding:%201em%200em%201em%200em;%22%3E%3Ca%20%20data-cke-saved-href=%22https:\/\/www.who.int\/es\/news-room\/fact-sheets\/detail\/ageing-and-health%22%20href=%22https:\/\/www.who.int\/es\/news-room\/fact-sheets\/detail\/ageing-and-health%22%3E%3Cimg%20alt=%22%22%20class=%22responsive%22%20%20data-cke-saved-src=%22https:\/\/www.un.org\/sites\/un2.un.org\/files\/field\/image\/sdg3_-_good_health_and_well-being.jpg%22%20src=%22https:\/\/www.un.org\/sites\/un2.un.org\/files\/field\/image\/sdg3_-_good_health_and_well-being.jpg%22%20style=%22width:%20310px;%22%3E%3C\/a%3E%3C\/div%3E%20%20%3Cp%3EUna%20vida%20m%C3%A1s%20larga%20trae%20consigo%20oportunidades,%20no%20solo%20para%20las%20personas%20mayores%20y%20sus%20familias,%20sino%20tambi%C3%A9n%20para%20la%20sociedad%20en%20su%20conjunto.%20Los%20a%C3%B1os%20adicionales%20brindan%20la%20oportunidad%20de%20realizar%20nuevas%20actividades,%20como%20la%20educaci%C3%B3n%20superior,%20una%20nueva%20v%C3%ADa%20profesional&nbsp;o%20la%20b%C3%BAsqueda%20de%20una%20pasi%C3%B3n%20largamente%20olvidada.%20Las%20personas%20mayores%20tambi%C3%A9n%20contribuyen%20de%20muchas%20formas%20a%20sus%20familias%20y%20comunidades.%20Sin%20embargo,%20el%20alcance%20de%20estas%20oportunidades%20y%20contribuciones%20depende%20en%20gran%20medida%20de%20un%20factor:%20la%20salud.%20%3Ca%20%20data-cke-saved-href=%22https:\/\/www.who.int\/es\/news-room\/fact-sheets\/detail\/ageing-and-health%22%20href=%22https:\/\/www.who.int\/es\/news-room\/fact-sheets\/detail\/ageing-and-health%22%3EAprende%20m%C3%A1s%3C\/a%3E.%3C\/p%3E%20%3C\/div%3E%20{C}{C}{C}{C}%3C!--%3Cdiv%20class=%22more-info%22%20style=%22padding:%202em%200em%200em%202em;%22%3E%20%3Ch3%20id=%22heading-border%22%3EEventos%3C\/h3%3E%20%20%3Cp%3E%22Equidad%20digital%20para%20todas%20las%20edades%E2%80%9D%3C\/p%3E%20%20%3Cp%3EWebinar%20virtul%20,%20Zoom%20y%20Facebook%3Cbr%3E%20viernes,%201%20de%20octubre%20de%202021%3Cbr%3E%20Evento%20de%20Viena:%20de%20las%207:30%20horas%20a%20las%209:15%20horas%20(hora%20de%20Nueva%20York).%3C\/p%3E%20%20%3Cul%3E%20%3Cli%3E%3Cspan%20class=%22english-link%22%3E%3Ca%20href=%22https:\/\/us06web.zoom.us\/webinar\/register\/WN_GqD_gJ4OTtymbzNWk5x-rw%22%3EReg%C3%ADstrate%3C\/a%3E%3C\/span%3E.%3C\/li%3E%20%3C\/ul%3E%20%20%3Cp%3EEvento%20en%20Nueva%20York:%20de%20las%2010:00%20a%20las%2011:30%20horas%20(hora%20de%20Nueva%20York).%3C\/p%3E%20%20%3Cul%3E%20%3Cli%3E%3Cspan%20class=%22english-link%22%3E%3Ca%20href=%22https:\/\/www.un.org\/development\/desa\/ageing\/wp-content\/uploads\/sites\/24\/2021\/08\/UNIDOP2021_concept-statement-1.pdf%22%3EDeclaraci%C3%B3n%20sobre%20la%20misi%C3%B3n%3C\/a%3E.%3C\/span%3E%3C\/li%3E%20%3Cli%3E%3Cspan%20class=%22english-link%22%3E%3Ca%20href=%22https:\/\/docs.google.com\/forms\/d\/e\/1FAIpQLSe6cE7POAkqrbuCIgY3L2HFJghTde6BlqlF2HrEayaE4gwoCA\/viewform%22%3EReg%C3%ADstrate%3C\/a%3E%3C\/span%3E.%3C\/li%3E%20%3C\/ul%3E%20%3C\/div%3E--%3E%20%20%3Cdiv%20class=%22more-info%22%20style=%22padding:%202em%200em%200em%202em;%22%3E%20%3Ch3%20id=%22heading-border%22%3ERecursos%3C\/h3%3E%20%20%3Ch4%3EDocumentos%20clave%3C\/h4%3E%20%20%3Cul%3E%20%3Cli%3E%3Ca%20%20data-cke-saved-href=%22https:\/\/undocs.org\/es\/A\/RES\/45\/106%22%20href=%22https:\/\/undocs.org\/es\/A\/RES\/45\/106%22%3EResoluci%C3%B3n%20de%20la%20Asamblea%20General%20sobre%20el%20D%C3%ADa%20Internacional%20de%20las%20Personas%20de%20Edad%3C\/a%3E&nbsp;(A\/RES\/45\/106)%3C\/li%3E%20%3Cli%3E%3Ca%20%20data-cke-saved-href=%22https:\/\/undocs.org\/es\/A\/RES\/65\/182%22%20href=%22https:\/\/undocs.org\/es\/A\/RES\/65\/182%22%3ESeguimiento%20de%20la%20Segunda%20Asamblea%20Mundial%20sobre%20el%20Envejecimiento%20%3C\/a%3E&nbsp;(A\/RES\/65\/182)%3C\/li%3E%20{C}{C}{C}{C}%3C!--%20%3Cli%3E%20%3Ca%20href=%22https:\/\/www.un.org\/en\/sections\/documents\/general-assembly-resolutions\/%22%3EOther%20%20General%20Assembly%20Resolutions%3C\/a%3E%3C\/li%3E%20--%3E%20%3Cli%3E%3Ca%20%20data-cke-saved-href=%22https:\/\/www.un.org\/development\/desa\/ageing\/resources\/general-assembly-reports.html%22%20href=%22https:\/\/www.un.org\/development\/desa\/ageing\/resources\/general-assembly-reports.html%22%3EInformes%20de%20la%20Asamblea%20General%3C\/a%3E%3C\/li%3E%20%3Cli%3E%3Ca%20%20data-cke-saved-href=%22https:\/\/www.un.org\/development\/desa\/ageing\/resources\/commission-for-social-development-reports.html%22%20href=%22https:\/\/www.un.org\/development\/desa\/ageing\/resources\/commission-for-social-development-reports.html%22%3EComisi%C3%B3n%20de%20Desarrollo%20Social:%20Informes%20sobre%20el%20envejecimiento%3C\/a%3E%3C\/li%3E%20%3C\/ul%3E%20%20%3Ch4%3EDeclaraciones%20y%20otros%20instrumentos%3C\/h4%3E%20%20%3Cul%3E%20%3Cli%3E%3Ca%20%20data-cke-saved-href=%22https:\/\/undocs.org\/es\/A\/CONF.197\/9%22%20href=%22https:\/\/undocs.org\/es\/A\/CONF.197\/9%22%3EDeclaraci%C3%B3n%20pol%C3%ADtica%20y%20Plan%20de%20Acci%C3%B3n%20Internacional%20en%20Madrid%20sobre%20el%20Envejecimiento%20%3C\/a%3E&nbsp;(2002)%3C\/li%3E%20%3Cli%3E%3Ca%20%20data-cke-saved-href=%22http:\/\/undocs.org\/ECE\/AC.23\/2002\/9%22%20href=%22http:\/\/undocs.org\/ECE\/AC.23\/2002\/9%22%3EDeclaraci%C3%B3n%20Ministerial%20de%20Berl%C3%ADn%3C\/a%3E&nbsp;(2002)%3C\/li%3E%20%3Cli%3E%3Ca%20%20data-cke-saved-href=%22https:\/\/undocs.org\/es\/A\/RES\/47\/5%22%20href=%22https:\/\/undocs.org\/es\/A\/RES\/47\/5%22%3EProclamaci%C3%B3n%20sobre%20el%20Envejecimiento%3C\/a%3E&nbsp;(1992)%3C\/li%3E%20%3Cli%3E%3Ca%20%20data-cke-saved-href=%22https:\/\/undocs.org\/es\/A\/RES\/46\/91%22%20href=%22https:\/\/undocs.org\/es\/A\/RES\/46\/91%22%3EPrincipios%20de%20las%20Naciones%20Unidas%20sobre%20el%20envejcimiento%3C\/a%3E&nbsp;(1991)%3C\/li%3E%20%3Cli%3E%3Ca%20%20data-cke-saved-href=%22https:\/\/www.un.org\/development\/desa\/ageing\/resources\/vienna-international-plan-of-action.html%22%20href=%22https:\/\/www.un.org\/development\/desa\/ageing\/resources\/vienna-international-plan-of-action.html%22%3EPlan%20de%20Acci%C3%B3n%20Internacional%20de%20Viena%3C\/a%3E&nbsp;(1982)%3C\/li%3E%20%3C\/ul%3E%20%20%3Ch4%3EEnlaces%20de%20inter%C3%A9s%3C\/h4%3E%20%20%3Cul%3E%20%3Cli%3E%3Ca%20%20data-cke-saved-href=%22https:\/\/www.un.org\/development\/desa\/ageing\/international-day-of-older-persons-homepage.html%22%20href=%22https:\/\/www.un.org\/development\/desa\/ageing\/international-day-of-older-persons-homepage.html%22%3ED%C3%ADa%20Internacional%20de%20las%20Personas%20de%20Edad%3C\/a%3E%20(DESA)%3C\/li%3E%20%3Cli%3E%3Ca%20%20data-cke-saved-href=%22https:\/\/www.un.org\/es\/global-issues\/ageing%22%20href=%22https:\/\/www.un.org\/es\/global-issues\/ageing%22%3EAsuntos%20que%20nos%20importan:%20Envejecimiento%3C\/a%3E%3C\/li%3E%20%3Cli%3E%3Ca%20%20data-cke-saved-href=%22https:\/\/www.who.int\/es\/health-topics\/ageing#tab=tab_1%22%20href=%22https:\/\/www.who.int\/es\/health-topics\/ageing#tab=tab_1%22%3EOrganizaci%C3%B3n%20Mundial%20de%20la%20Salud%3C\/a%3E&nbsp;(OMS)%3C\/li%3E%20%3Cli%3E%3Ca%20%20data-cke-saved-href=%22https:\/\/www.un.org\/development\/desa\/ageing\/%22%20href=%22https:\/\/www.un.org\/development\/desa\/ageing\/%22%3EONU%20DESA%20-%20envejecimiento%20%3C\/a%3E&nbsp;(OMS)%3C\/li%3E%20%3C\/ul%3E%20%20%3Ch4%3ED%C3%ADas%20Internacionales%20relacionados%3C\/h4%3E%20%20%3Cul%3E%20%3Cli%3E%3Ca%20%20data-cke-saved-href=%22https:\/\/www.who.int\/es\/initiatives\/ageing\/decade-of-healthy-ageing%22%20href=%22https:\/\/www.who.int\/es\/initiatives\/ageing\/decade-of-healthy-ageing%22%3EDecenio%20del%20Envejecimiento%20Saludable%3C\/a%3E%20(2020-2030)%3C\/li%3E%20%3Cli%3E%3Ca%20%20data-cke-saved-href=%22https:\/\/www.un.org\/development\/desa\/ageing\/resources\/international-year-of-older-persons-1999.html%22%20href=%22https:\/\/www.un.org\/development\/desa\/ageing\/resources\/international-year-of-older-persons-1999.html%22%3EA%C3%B1o%20Internacional%20de%20las%20Personas%20de%20Edad%3C\/a%3E&nbsp;(1999)%3C\/li%3E%20%3Cli%3E%3Ca%20%20data-cke-saved-href=%22https:\/\/www.un.org\/es\/observances\/elder-abuse-awareness-day%22%20href=%22https:\/\/www.un.org\/es\/observances\/elder-abuse-awareness-day%22%3ED%C3%ADa%20Mundial%20de%20Toma%20de%20Conciencia%20del%20Abuso%20y%20Maltrato%20en%20la%20Vejez%3C\/a%3E&nbsp;(15%20junio)%3C\/li%3E%20%3Cli%3E%3Ca%20%20data-cke-saved-href=%22https:\/\/www.un.org\/es\/observances\/world-population-day%22%20href=%22https:\/\/www.un.org\/es\/observances\/world-population-day%22%3ED%C3%ADa%20Mundial%20de%20la%20Poblaci%C3%B3n%3C\/a%3E&nbsp;(11%20julio)%3C\/li%3E%20%3Cli%3E%3Ca%20%20data-cke-saved-href=%22https:\/\/www.un.org\/es\/observances\/universal-health-coverage-day%22%20href=%22https:\/\/www.un.org\/es\/observances\/universal-health-coverage-day%22%3ED%C3%ADa%20Internacional%20de%20la%20Cobertura%20Sanitaria%20Universal%3C\/a%3E%20(12%20diciembre)%3C\/li%3E%20%3C\/ul%3E%20%3C\/div%3E%20%3C\/div%3E%20%3C\/div%3E\"><img data-recalc-dims=\"1\" decoding=\"async\" src=\"https:\/\/i0.wp.com\/www.un.org\/sites\/un2.un.org\/files\/2024\/09\/1-flyer_1-1.png?w=640&#038;ssl=1\" alt=\"Registration\"\/><\/a><\/figure>\n\n\n\n<h3 class=\"wp-block-heading\">Eventos en 2024, Nueva York<\/h3>\n\n\n\n<p><strong>7 de octubre de 2024, de las 10 a las 13 horas<\/strong>, Sal\u00f3n del ECOSOC<br \/>La Conmemoraci\u00f3n 2024 del D\u00eda Internacional de las Personas de Edad de las Naciones Unidas reunir\u00e1 a expertos para debatir sobre pol\u00edticas, legislaci\u00f3n y pr\u00e1cticas que refuercen los sistemas de atenci\u00f3n y apoyo a las personas de edad. Se lanzar\u00e1, adem\u00e1s, el sello conmemorativo de la Administraci\u00f3n Postal de las Naciones Unidas para celebrar el D\u00eda Internacional de las Personas de Edad de las Naciones Unidas.&nbsp;<a href=\"https:\/\/social.desa.un.org\/issues\/ageing\/events\/2024-unidop\">M\u00e1s informaci\u00f3n<\/a><a href=\"https:\/\/www.eventbrite.com\/e\/2024-34th-un-international-day-of-older-persons-celebration-tickets-957480498947?aff=oddtdtcreator\">Inscribirse<\/a><\/p>\n\n\n\n<h3 class=\"wp-block-heading\">Antecedentes<\/h3>\n\n\n\n<p>El 14 de diciembre de 1990, la Asamblea General de las Naciones Unidas, a trav\u00e9s de la&nbsp;<a href=\"http:\/\/undocs.org\/es\/A\/RES\/45\/106\">resoluci\u00f3n 45\/106<\/a>, design\u00f3 el 1 de octubre D\u00eda Internacional de las Personas de Edad.<\/p>\n\n\n\n<p>Anteriormente a esto, exist\u00edan iniciativas como el Plan de Acci\u00f3n Internacional de Viena sobre el Envejecimiento, que fue adoptado por la Asamblea Mundial sobre el Envejecimiento en 1982 y que la Asamblea General de las Naciones Unidas aprob\u00f3 ese mismo a\u00f1o.<\/p>\n\n\n\n<p>En 1991, la Asamblea General (por la&nbsp;<a href=\"https:\/\/undocs.org\/es\/A\/RES\/46\/91\">resoluci\u00f3n 46\/91<\/a>) adopt\u00f3 los Principios de las Naciones Unidas para las personas mayores.<\/p>\n\n\n\n<p>En 2002, la segunda Asamblea Mundial sobre el Envejecimiento adopt\u00f3 el Plan de Acci\u00f3n Internacional de Madrid sobre el Envejecimiento, para responder a las oportunidades y desaf\u00edos del envejecimiento de la poblaci\u00f3n en el siglo XXI y para promover el desarrollo de una sociedad para todas las edades.<\/p>\n\n\n\n<p><strong>Por un envejecimiento saludable<\/strong><\/p>\n\n\n\n<p>https:\/\/youtube.com\/watch?v=CRS8cckd3vM%3Fenablejsapi%3D1%26origin%3Dhttps%253A%252F%252Fwww.un.org<\/p>\n","protected":false},"excerpt":{"rendered":"<p>El envejecimiento de la poblaci\u00f3n es un fen\u00f3meno universal. Pr\u00e1cticamente todos los pa\u00edses del mundo est\u00e1n experimentando un crecimiento tanto del tama\u00f1o como de la proporci\u00f3n de personas mayores en la poblaci\u00f3n. Foto:\u00a9 Benny Manser\/UNFPA, Marcel Crozet \/ OIT, OIT\/Apex Image, J. Aliling \/ OIT, Rajindra Ariyabandu\/ESCAP, Amer Kapetanovic\/UNFPA Bosnia y Herzegovina En este D\u00eda [&hellip;]<\/p>\n","protected":false},"author":1,"featured_media":173321,"comment_status":"closed","ping_status":"closed","sticky":false,"template":"","format":"standard","meta":{"_acf_changed":false,"_jetpack_memberships_contains_paid_content":false,"footnotes":"","jetpack_publicize_message":"","jetpack_publicize_feature_enabled":true,"jetpack_social_post_already_shared":true,"jetpack_social_options":{"image_generator_settings":{"template":"highway","default_image_id":0,"font":"","enabled":false},"version":2}},"categories":[6],"tags":[],"class_list":["post-173319","post","type-post","status-publish","format-standard","has-post-thumbnail","hentry","category-ecologia"],"acf":[],"jetpack_publicize_connections":[],"jetpack_featured_media_url":"https:\/\/i0.wp.com\/sportseco.com\/wp-content\/uploads\/2024\/10\/older_persons_index-2023_0.png?fit=1350%2C500&ssl=1","jetpack_sharing_enabled":true,"_links":{"self":[{"href":"https:\/\/sportseco.com\/index.php?rest_route=\/wp\/v2\/posts\/173319","targetHints":{"allow":["GET"]}}],"collection":[{"href":"https:\/\/sportseco.com\/index.php?rest_route=\/wp\/v2\/posts"}],"about":[{"href":"https:\/\/sportseco.com\/index.php?rest_route=\/wp\/v2\/types\/post"}],"author":[{"embeddable":true,"href":"https:\/\/sportseco.com\/index.php?rest_route=\/wp\/v2\/users\/1"}],"replies":[{"embeddable":true,"href":"https:\/\/sportseco.com\/index.php?rest_route=%2Fwp%2Fv2%2Fcomments&post=173319"}],"version-history":[{"count":1,"href":"https:\/\/sportseco.com\/index.php?rest_route=\/wp\/v2\/posts\/173319\/revisions"}],"predecessor-version":[{"id":173320,"href":"https:\/\/sportseco.com\/index.php?rest_route=\/wp\/v2\/posts\/173319\/revisions\/173320"}],"wp:featuredmedia":[{"embeddable":true,"href":"https:\/\/sportseco.com\/index.php?rest_route=\/wp\/v2\/media\/173321"}],"wp:attachment":[{"href":"https:\/\/sportseco.com\/index.php?rest_route=%2Fwp%2Fv2%2Fmedia&parent=173319"}],"wp:term":[{"taxonomy":"category","embeddable":true,"href":"https:\/\/sportseco.com\/index.php?rest_route=%2Fwp%2Fv2%2Fcategories&post=173319"},{"taxonomy":"post_tag","embeddable":true,"href":"https:\/\/sportseco.com\/index.php?rest_route=%2Fwp%2Fv2%2Ftags&post=173319"}],"curies":[{"name":"wp","href":"https:\/\/api.w.org\/{rel}","templated":true}]}}