{"id":173357,"date":"2024-10-02T09:27:00","date_gmt":"2024-10-02T13:27:00","guid":{"rendered":"https:\/\/sportseco.com\/?p=173357"},"modified":"2024-10-02T09:27:05","modified_gmt":"2024-10-02T13:27:05","slug":"en-medellin-se-disputara-esta-semana-el-campeonato-nacional-elite-de-pista-2024","status":"publish","type":"post","link":"https:\/\/sportseco.com\/?p=173357","title":{"rendered":"En Medell\u00edn se disputar\u00e1 esta semana el Campeonato Nacional \u00c9lite de Pista 2024"},"content":{"rendered":"\n<figure class=\"wp-block-image\"><img data-recalc-dims=\"1\" decoding=\"async\" src=\"https:\/\/i0.wp.com\/efbt585jris.exactdn.com\/wp-content\/uploads\/2024\/10\/Nacional-Pista-2023.jpg?w=640&#038;ssl=1\" alt=\"\"\/><\/figure>\n\n\n\n<p>El vel\u00f3dromo Mart\u00edn Emilio \u2018Cochise\u2019 Rodr\u00edguez de Medell\u00edn ser\u00e1 el escenario del 3 al 6 de octubre del Campeonato Nacional de Pista \u00c9lite, evento organizado por la Federaci\u00f3n Colombiana de Ciclismo y la Liga de Ciclismo de Antioquia.<\/p>\n\n\n\n<p>El certamen, que reunir\u00e1 a los mejores pisteros del pa\u00eds en la categor\u00eda \u00e9lite y juveniles de segundo a\u00f1o, tendr\u00e1 diez pruebas en acci\u00f3n en ambas ramas, entre las que se encuentran el keirin, velocidad, velocidad por equipos, \u00f3mnium, persecuci\u00f3n individual, persecuci\u00f3n por equipos, prueba por puntos, scratch, madison y eliminaci\u00f3n, adem\u00e1s del kil\u00f3metro masculino y los 500 metros femenino.<\/p>\n\n\n\n<p>El evento abrir\u00e1 su programaci\u00f3n oficial este mi\u00e9rcoles 2 de octubre, a las 2:30 de la tarde, con la revisi\u00f3n de licencias y confirmaci\u00f3n de corredores, y con la reuni\u00f3n t\u00e9cnica, que se llevar\u00e1 a cabo a las 6:00 pm, en el Hotel San Pedro del Fuerte (Calle 46# 80-23 La Floresta).<\/p>\n\n\n\n<p>El jueves 3, desde las 10:00 de la ma\u00f1ana, empezar\u00e1n las competencias con las clasificaciones de la persecuci\u00f3n por equipos y la velocidad por equipos, en ambas ramas.<\/p>\n\n\n\n<p>En la tarde se disputar\u00e1n las cuatro finales de las pruebas grupales a partir de las 4:00 de la tarde, adem\u00e1s del scratch en ambas categor\u00edas.<\/p>\n\n\n\n<p>El viernes se celebrar\u00e1n las pruebas de velocidad, persecuci\u00f3n individual y prueba por puntos en la rama masculina, y los 500 metros y el \u00f3mnium, en la femenina.<\/p>\n\n\n\n<p>El s\u00e1bado el turno ser\u00e1 para la velocidad, persecuci\u00f3n individual y prueba por puntos en damas, y el kil\u00f3metro y el \u00f3mnium en los varones.<\/p>\n\n\n\n<p>Finalmente, el domingo 6 de octubre se cerrar\u00e1n las competencias con la eliminaci\u00f3n, el keirin y el madison, en ambas ramas.<\/p>\n\n\n\n<p>A continuaci\u00f3n, conozca la&nbsp;<strong>programaci\u00f3n del Campeonato Nacional de Pista \u00c9lite 2024<\/strong>:<\/p>\n\n\n\n<figure class=\"wp-block-image size-large\"><img data-recalc-dims=\"1\" loading=\"lazy\" decoding=\"async\" width=\"640\" height=\"904\" src=\"https:\/\/i0.wp.com\/sportseco.com\/wp-content\/uploads\/2024\/10\/download.png?resize=640%2C904&#038;ssl=1\" alt=\"\" class=\"wp-image-173358\" srcset=\"https:\/\/i0.wp.com\/sportseco.com\/wp-content\/uploads\/2024\/10\/download.png?resize=729%2C1030&amp;ssl=1 729w, https:\/\/i0.wp.com\/sportseco.com\/wp-content\/uploads\/2024\/10\/download.png?resize=212%2C300&amp;ssl=1 212w, https:\/\/i0.wp.com\/sportseco.com\/wp-content\/uploads\/2024\/10\/download.png?resize=768%2C1085&amp;ssl=1 768w, https:\/\/i0.wp.com\/sportseco.com\/wp-content\/uploads\/2024\/10\/download.png?resize=1087%2C1536&amp;ssl=1 1087w, https:\/\/i0.wp.com\/sportseco.com\/wp-content\/uploads\/2024\/10\/download.png?w=1376&amp;ssl=1 1376w, https:\/\/i0.wp.com\/sportseco.com\/wp-content\/uploads\/2024\/10\/download.png?w=1280&amp;ssl=1 1280w\" sizes=\"auto, (max-width: 640px) 100vw, 640px\" \/><\/figure>\n\n\n\n<p><canvas width=\"1376\" height=\"1944\"><\/canvas><\/p>\n","protected":false},"excerpt":{"rendered":"<p>El vel\u00f3dromo Mart\u00edn Emilio \u2018Cochise\u2019 Rodr\u00edguez de Medell\u00edn ser\u00e1 el escenario del 3 al 6 de octubre del Campeonato Nacional de Pista \u00c9lite, evento organizado por la Federaci\u00f3n Colombiana de Ciclismo y la Liga de Ciclismo de Antioquia. El certamen, que reunir\u00e1 a los mejores pisteros del pa\u00eds en la categor\u00eda \u00e9lite y juveniles de [&hellip;]<\/p>\n","protected":false},"author":1,"featured_media":173359,"comment_status":"closed","ping_status":"closed","sticky":false,"template":"","format":"standard","meta":{"_acf_changed":false,"_jetpack_memberships_contains_paid_content":false,"footnotes":"","jetpack_publicize_message":"","jetpack_publicize_feature_enabled":true,"jetpack_social_post_already_shared":true,"jetpack_social_options":{"image_generator_settings":{"template":"highway","default_image_id":0,"font":"","enabled":false},"version":2}},"categories":[14],"tags":[],"class_list":["post-173357","post","type-post","status-publish","format-standard","has-post-thumbnail","hentry","category-ciclismo"],"acf":[],"jetpack_publicize_connections":[],"jetpack_featured_media_url":"https:\/\/i0.wp.com\/sportseco.com\/wp-content\/uploads\/2024\/10\/Nacional-Pista-2023-1536x864-1.webp?fit=1536%2C864&ssl=1","jetpack_sharing_enabled":true,"_links":{"self":[{"href":"https:\/\/sportseco.com\/index.php?rest_route=\/wp\/v2\/posts\/173357","targetHints":{"allow":["GET"]}}],"collection":[{"href":"https:\/\/sportseco.com\/index.php?rest_route=\/wp\/v2\/posts"}],"about":[{"href":"https:\/\/sportseco.com\/index.php?rest_route=\/wp\/v2\/types\/post"}],"author":[{"embeddable":true,"href":"https:\/\/sportseco.com\/index.php?rest_route=\/wp\/v2\/users\/1"}],"replies":[{"embeddable":true,"href":"https:\/\/sportseco.com\/index.php?rest_route=%2Fwp%2Fv2%2Fcomments&post=173357"}],"version-history":[{"count":1,"href":"https:\/\/sportseco.com\/index.php?rest_route=\/wp\/v2\/posts\/173357\/revisions"}],"predecessor-version":[{"id":173360,"href":"https:\/\/sportseco.com\/index.php?rest_route=\/wp\/v2\/posts\/173357\/revisions\/173360"}],"wp:featuredmedia":[{"embeddable":true,"href":"https:\/\/sportseco.com\/index.php?rest_route=\/wp\/v2\/media\/173359"}],"wp:attachment":[{"href":"https:\/\/sportseco.com\/index.php?rest_route=%2Fwp%2Fv2%2Fmedia&parent=173357"}],"wp:term":[{"taxonomy":"category","embeddable":true,"href":"https:\/\/sportseco.com\/index.php?rest_route=%2Fwp%2Fv2%2Fcategories&post=173357"},{"taxonomy":"post_tag","embeddable":true,"href":"https:\/\/sportseco.com\/index.php?rest_route=%2Fwp%2Fv2%2Ftags&post=173357"}],"curies":[{"name":"wp","href":"https:\/\/api.w.org\/{rel}","templated":true}]}}