{"id":173373,"date":"2024-10-02T16:39:00","date_gmt":"2024-10-02T20:39:00","guid":{"rendered":"https:\/\/sportseco.com\/?p=173373"},"modified":"2024-10-02T16:39:07","modified_gmt":"2024-10-02T20:39:07","slug":"da-comienzo-una-gran-conferencia-internacional-para-promover-la-resiliencia-ante-la-sequia","status":"publish","type":"post","link":"https:\/\/sportseco.com\/?p=173373","title":{"rendered":"Da comienzo una gran conferencia internacional para promover la resiliencia ante la sequ\u00eda"},"content":{"rendered":"\n<p>El cambio clim\u00e1tico sigue exacerbando el riesgo de sequ\u00eda en todo el mundo. En esa coyuntura, se ha organizado una gran conferencia internacional en la que se procurar\u00e1 incrementar la resiliencia ante uno de los peligros m\u00e1s mort\u00edferos del planeta, que con frecuencia solo suscita la atenci\u00f3n necesaria cuando ya es demasiado tarde.<\/p>\n\n\n\n<figure class=\"wp-block-image\"><img data-recalc-dims=\"1\" decoding=\"async\" src=\"https:\/\/i0.wp.com\/wmo.int\/sites\/default\/files\/styles\/featured_image_x1_768x512\/public\/2024-09\/Drought%20Conf%201.jpg?w=640&#038;ssl=1\" alt=\"A dry, cracked landscape with a single dried plant and a close-up of a faucet with a single droplet of water, symbolizing drought and water scarcity.\"\/><\/figure>\n\n\n\n<p>Expertos, encargados de la formulaci\u00f3n de pol\u00edticas y profesionales se congregar\u00e1n en la sede de la Organizaci\u00f3n Meteorol\u00f3gica Mundial (OMM) en el marco de la&nbsp;<a href=\"https:\/\/www.droughtmanagement.info\/hmndp10\/\" target=\"_blank\" rel=\"noreferrer noopener\">conferencia Resiliencia ante la Sequ\u00eda +10<\/a>, un nombre que evoca el decenio transcurrido desde que se celebr\u00f3 la Reuni\u00f3n de Alto Nivel sobre las Pol\u00edticas Nacionales relativas a la Sequ\u00eda.<\/p>\n\n\n\n<p>La conferencia brindar\u00e1 a partes interesadas de todo el mundo la oportunidad de reflexionar sobre un decenio de avances en la preparaci\u00f3n frente a la sequ\u00eda y las correspondientes medidas de respuesta y adaptaci\u00f3n, as\u00ed como de analizar nuevas formas de convertir los conocimientos en soluciones pr\u00e1cticas que puedan ayudar a los pa\u00edses a ser m\u00e1s resilientes ante la sequ\u00eda.<\/p>\n\n\n\n<p>\u00abLas sequ\u00edas son un peligro de \u00edndole clim\u00e1tica insidioso y funesto: adem\u00e1s de socavar la seguridad alimentaria de las personas, son una de las principales causas de desplazamientos internos en los pa\u00edses m\u00e1s afectados. Pueden acarrear efectos devastadores para el medioambiente y las econom\u00edas y revertir los avances logrados en materia de desarrollo sostenible\u00bb, declar\u00f3 Celeste Saulo, Secretaria General de la OMM.<\/p>\n\n\n\n<p>\u00abNecesitamos soluciones sostenibles, basadas en conocimientos cient\u00edficos y pol\u00edticas adaptadas que promuevan pr\u00e1cticas y pol\u00edticas de gesti\u00f3n integrada de las sequ\u00edas. Tenemos los conocimientos y las herramientas, pero con demasiada frecuencia carecemos de la voluntad pol\u00edtica y la inversi\u00f3n financiera necesarias para construir sociedades resilientes a la sequ\u00eda\u00bb, afirm\u00f3 Celeste Saulo.<\/p>\n\n\n\n<p>La conferencia se centrar\u00e1 en los crecientes riesgos relacionados con la sequ\u00eda que plantean el cambio clim\u00e1tico y el aumento de las vulnerabilidades estructurales en muchas sociedades. En ella se estudiar\u00e1 c\u00f3mo acelerar la transici\u00f3n de los actuales planteamientos reactivos \u2014adoptados en respuesta a episodios de crisis\u2014 a otros m\u00e1s proactivos, que aprovechen los servicios clim\u00e1ticos, como los pron\u00f3sticos estacionales, y se sirvan de los instrumentos que permiten una acci\u00f3n anticipatoria, en especial los mecanismos de financiaci\u00f3n innovadores.<\/p>\n\n\n\n<p>En la conferencia se examinar\u00e1n los avances en materia de pron\u00f3stico y monitoreo de la sequ\u00eda y se debatir\u00e1n estrategias encaminadas, por un lado, a reforzar el monitoreo de la sequ\u00eda en pro de la seguridad alimentaria y la salud en el contexto de las alertas tempranas y, por otro, a integrar la esfera de las pol\u00edticas en la iniciativa internacional Alertas Tempranas para Todos. Se har\u00e1 especial hincapi\u00e9 en los estudios de casos y las medidas lideradas por la comunidad.<\/p>\n\n\n\n<p>Tambi\u00e9n se examinar\u00e1n los avances cient\u00edficos y en materia de formulaci\u00f3n de pol\u00edticas, en particular los progresos en los \u00e1mbitos de la tecnolog\u00eda satelital y las herramientas de inteligencia artificial, que aportan nuevas perspectivas a las esferas del pron\u00f3stico, el monitoreo y la evaluaci\u00f3n de los impactos.<\/p>\n\n\n\n<p>La sequ\u00eda no es un fen\u00f3meno nuevo, e hist\u00f3ricamente ha sido fruto de la variabilidad clim\u00e1tica natural. Sin embargo, el cambio clim\u00e1tico est\u00e1 intensificando el ciclo del agua, y ello potenciar\u00e1 las precipitaciones, con las consiguientes inundaciones, y exacerbar\u00e1 la sequ\u00eda en muchas regiones, seg\u00fan el Grupo Intergubernamental de Expertos sobre el Cambio Clim\u00e1tico (IPCC).<\/p>\n\n\n\n<p>Los cambios en el uso de la tierra y la cubierta terrestre agravan el problema.<\/p>\n\n\n\n<p>\u00abSin tierras sanas no puede haber econom\u00edas pr\u00f3speras. Debemos reconocer sin demora que, en nuestro af\u00e1n por dar respuesta al cambio clim\u00e1tico y la sequ\u00eda, los sistemas terrestres y naturales est\u00e1n de nuestro lado y, por tanto, debemos aprovecharlos para gestionar la sequ\u00eda de forma integrada y proactiva. La conferencia Resiliencia ante la Sequ\u00eda +10 es una oportunidad crucial para intercambiar conocimientos e impulsar el 16\u00ba per\u00edodo de sesiones de la Conferencia de las Partes (CP 16) en la Convenci\u00f3n de las Naciones Unidas de Lucha contra la Desertificaci\u00f3n (CNULD), que tendr\u00e1 lugar en Riad (Arabia Saudita) del 2 al 13 de diciembre\u00bb, se\u00f1al\u00f3 la Secretaria Ejecutiva Adjunta de la CNULD, Andrea Meza.<\/p>\n\n\n\n<p>Temas relacionados:<\/p>\n\n\n\n<ul class=\"wp-block-list\">\n<li><a href=\"https:\/\/wmo.int\/topics\/drought\">Drought<\/a><\/li>\n\n\n\n<li><a href=\"https:\/\/wmo.int\/topics\/climate\">Climate<\/a><\/li>\n<\/ul>\n\n\n\n<p>Publicaciones relacionadas:<\/p>\n\n\n\n<ul class=\"wp-block-list\">\n<li><a href=\"https:\/\/library.wmo.int\/records\/item\/57564-wmo-atlas-of-mortality-and-economic-losses-from-weather-climate-and-water-extremes-1970-2019#.YS4KedP7TX0\">WMO Atlas of Mortality and Economic Losses from Weather, Climate and Water Extremes (1970\u20132019)\u00a0<\/a><\/li>\n<\/ul>\n\n\n\n<ul id=\"footnotes_group\" class=\"wp-block-list\">\n<li><\/li>\n<\/ul>\n\n\n\n<p><\/p>\n\n\n\n<p>wmo.int<\/p>\n\n\n\n<p><a href=\"https:\/\/wmo.int\/es\/news\/media-centre\/da-comienzo-una-gran-conferencia-internacional-para-promover-la-resiliencia-ante-la-sequia\"><\/a><\/p>\n","protected":false},"excerpt":{"rendered":"<p>El cambio clim\u00e1tico sigue exacerbando el riesgo de sequ\u00eda en todo el mundo. En esa coyuntura, se ha organizado una gran conferencia internacional en la que se procurar\u00e1 incrementar la resiliencia ante uno de los peligros m\u00e1s mort\u00edferos del planeta, que con frecuencia solo suscita la atenci\u00f3n necesaria cuando ya es demasiado tarde. Expertos, encargados [&hellip;]<\/p>\n","protected":false},"author":1,"featured_media":173374,"comment_status":"closed","ping_status":"closed","sticky":false,"template":"","format":"standard","meta":{"_acf_changed":false,"_jetpack_memberships_contains_paid_content":false,"footnotes":"","jetpack_publicize_message":"","jetpack_publicize_feature_enabled":true,"jetpack_social_post_already_shared":true,"jetpack_social_options":{"image_generator_settings":{"template":"highway","default_image_id":0,"font":"","enabled":false},"version":2}},"categories":[6],"tags":[],"class_list":["post-173373","post","type-post","status-publish","format-standard","has-post-thumbnail","hentry","category-ecologia"],"acf":[],"jetpack_publicize_connections":[],"jetpack_featured_media_url":"https:\/\/i0.wp.com\/sportseco.com\/wp-content\/uploads\/2024\/10\/Drought-Conf-1.jpg?fit=1536%2C1024&ssl=1","jetpack_sharing_enabled":true,"_links":{"self":[{"href":"https:\/\/sportseco.com\/index.php?rest_route=\/wp\/v2\/posts\/173373","targetHints":{"allow":["GET"]}}],"collection":[{"href":"https:\/\/sportseco.com\/index.php?rest_route=\/wp\/v2\/posts"}],"about":[{"href":"https:\/\/sportseco.com\/index.php?rest_route=\/wp\/v2\/types\/post"}],"author":[{"embeddable":true,"href":"https:\/\/sportseco.com\/index.php?rest_route=\/wp\/v2\/users\/1"}],"replies":[{"embeddable":true,"href":"https:\/\/sportseco.com\/index.php?rest_route=%2Fwp%2Fv2%2Fcomments&post=173373"}],"version-history":[{"count":1,"href":"https:\/\/sportseco.com\/index.php?rest_route=\/wp\/v2\/posts\/173373\/revisions"}],"predecessor-version":[{"id":173375,"href":"https:\/\/sportseco.com\/index.php?rest_route=\/wp\/v2\/posts\/173373\/revisions\/173375"}],"wp:featuredmedia":[{"embeddable":true,"href":"https:\/\/sportseco.com\/index.php?rest_route=\/wp\/v2\/media\/173374"}],"wp:attachment":[{"href":"https:\/\/sportseco.com\/index.php?rest_route=%2Fwp%2Fv2%2Fmedia&parent=173373"}],"wp:term":[{"taxonomy":"category","embeddable":true,"href":"https:\/\/sportseco.com\/index.php?rest_route=%2Fwp%2Fv2%2Fcategories&post=173373"},{"taxonomy":"post_tag","embeddable":true,"href":"https:\/\/sportseco.com\/index.php?rest_route=%2Fwp%2Fv2%2Ftags&post=173373"}],"curies":[{"name":"wp","href":"https:\/\/api.w.org\/{rel}","templated":true}]}}