{"id":173403,"date":"2024-10-03T08:20:18","date_gmt":"2024-10-03T12:20:18","guid":{"rendered":"https:\/\/sportseco.com\/?p=173403"},"modified":"2024-10-03T08:20:22","modified_gmt":"2024-10-03T12:20:22","slug":"gobierno-nacional-hizo-anuncios-para-avanzar-en-la-ruta-de-la-transicion-socioecologica-del-pais","status":"publish","type":"post","link":"https:\/\/sportseco.com\/?p=173403","title":{"rendered":"Gobierno Nacional hizo anuncios para avanzar en la ruta de la transici\u00f3n socioecol\u00f3gica\u00a0del\u00a0pa\u00eds"},"content":{"rendered":"\n<figure class=\"wp-block-image\"><img data-recalc-dims=\"1\" decoding=\"async\" src=\"https:\/\/i0.wp.com\/www.minambiente.gov.co\/wp-content\/uploads\/2024\/10\/FEV.jpg?w=640&#038;ssl=1\" alt=\"Gobierno Nacional hizo anuncios para avanzar en la ruta de la transici\u00f3n socioecol\u00f3gica\u00a0del\u00a0pa\u00eds\" title=\"Gobierno Nacional hizo anuncios para avanzar en la ruta de la transici\u00f3n socioecol\u00f3gica\u00a0del\u00a0pa\u00eds\"\/><\/figure>\n\n\n\n<ul class=\"wp-block-list\">\n<li>En la Feria de Econom\u00edas para la Vida, frente a 2.700 asistentes, se traz\u00f3 la ruta econ\u00f3mica del Gobierno Nacional.<\/li>\n\n\n\n<li>Soacha ser\u00e1 la primera ciudad en Colombia que llevar\u00e1 a cabo la transici\u00f3n energ\u00e9tica en el transporte p\u00fablico.<\/li>\n\n\n\n<li>Anuncian pacto por el cr\u00e9dito en los pr\u00f3ximos 18 meses para grandes, medianas, peque\u00f1as y microempresas en el pa\u00eds.<\/li>\n\n\n\n<li>La Reforma Agraria ser\u00e1 la base de la transici\u00f3n energ\u00e9tica desde el Ministerio de Agricultura.<\/li>\n<\/ul>\n\n\n\n<p><strong>Barranquilla, 2 de octubre de 2024&nbsp;<\/strong>\u2013 En el marco del primer d\u00eda de la&nbsp;Feria de las Econom\u00edas para la Vida, frente a 2.700 asistentes en Barranquilla,&nbsp;la ministra de Ambiente y Desarrollo Sostenible, Susana Muhamad; la ministra de Transporte, Mar\u00eda Constanza Garc\u00eda; el ministro de Comercio, Industria y Turismo, Luis Carlos Reyes; el ministro de Minas y Energ\u00eda, Andr\u00e9s Camacho; y la ministra de Agricultura y Desarrollo Rural, Martha Viviana Carvajalino, anunciaron el camino que van a tomar sus proyectos de \u201cEconom\u00edas para la Vida\u201d en los pr\u00f3ximos dos a\u00f1os.<\/p>\n\n\n\n<p>Tras 18 meses de trabajo, los ministerios generaron un portafolio de proyectos de inversi\u00f3n para la transici\u00f3n socioecol\u00f3gica, que integra pol\u00edticas de conservaci\u00f3n de la biodiversidad, desarrollo econ\u00f3mico y acci\u00f3n clim\u00e1tica, todo alineado con los compromisos internacionales de la COP16.<\/p>\n\n\n\n<p>\u201cLa mina de oro de este pa\u00eds se llama biodiversidad y agua. Esa es la mina de oro de este pa\u00eds, s\u00ed podemos aplicar la innovaci\u00f3n, el conocimiento, la ciencia, para generar una reindustrializaci\u00f3n que reproduzca estos activos\u201d, asegur\u00f3 la ministra Susana Muhamad durante su intervenci\u00f3n.<\/p>\n\n\n\n<p>Adem\u00e1s, Muhamad agreg\u00f3 que \u201ceste portafolio tiene unos pilares iniciales y los proyectos p\u00fablicos ya estructurados. Se calcula que esta transici\u00f3n por lo menos implica una inversi\u00f3n en los pr\u00f3ximos 10 a\u00f1os de unos 40.000 millones de d\u00f3lares, el Gobierno del Cambio ha empezado ya con ese proceso de estructuraci\u00f3n. Eso incluye el turismo de naturaleza, los sistemas productivos sostenibles y econom\u00eda de la biodiversidad, la transici\u00f3n energ\u00e9tica justa, la conservaci\u00f3n y restauraci\u00f3n de ecosistemas, la adaptaci\u00f3n al cambio clim\u00e1tico y los mecanismos habilitantes\u201d.<\/p>\n\n\n\n<p>Por lo tanto, en esta \u2018Feria de las Econom\u00edas para la Vida\u2019, afirm\u00f3 Muhamad, se busca articular a todos los sectores de la sociedad, instituciones p\u00fablicas, privadas y comunidades para generar los ecosistemas del cambio en estas \u00e1reas.<\/p>\n\n\n\n<p>\u201cEn la COP16, vamos a llevar este portafolio a una negociaci\u00f3n internacional de un paquete de financiamiento mundial, porque el mundo debe valorar que nuestra resoluci\u00f3n de cuidar este territorio genera servicios ambientales estrat\u00e9gicos para el mundo en esta crisis ambiental, y eso debe ser reconocido\u201d, puntualiz\u00f3 la jefe de la cartera ambiental.<\/p>\n\n\n\n<p>Por su parte, el ministro de Minas y Energ\u00eda, Andr\u00e9s Camacho, dio inicio a la FEV indicando que es responsabilidad del Gobierno empezar a tomar decisiones para hacer la transici\u00f3n energ\u00e9tica justa y para todos<\/p>\n\n\n\n<p>\u201cEl Gobierno del Cambio lanz\u00f3 hoy la Estrategia Nacional de Carga, \u201desto implica entonces tener una infraestructura a nivel nacional que permita que todos los veh\u00edculos puedan a medida que crece el parque automotor el\u00e9ctrico, las posibilidades de carga, aqu\u00ed est\u00e1 entonces nuestra estrategia para el despliegue de la infraestructura de carga que incluye esta interoperabilidad, pero que tambi\u00e9n incluye una serie de medidas para la electro movilidad y la eficiencia energ\u00e9tica\u201d, asegur\u00f3 el ministro donde reforz\u00f3 que la transici\u00f3n va de la mano de las empresas de carga que en este momento han sido empresas f\u00f3siles, conocidas como gasolineras o estaciones de servicio con la intenci\u00f3n de pasarlas a estaciones de energ\u00eda, abriendo caminos m\u00e1s rentables y sostenibles.<\/p>\n\n\n\n<p>Camacho inst\u00f3 a los asistentes a ser parte de la transformaci\u00f3n que necesita el planeta, \u201cEstamos en este momento enfrentando las consecuencias de la crisis clim\u00e1tica. Nos aproximamos muy r\u00e1pidamente a que este sea el a\u00f1o m\u00e1s caluroso de la historia desde que hay registro. Y adem\u00e1s de eso, las consecuencias para pa\u00edses como el nuestro, que no tienen las grandes responsabilidades sobre las emisiones de gases efecto invernadero, un fen\u00f3meno que tiene consecuencias locales, y por lo tanto nos corresponde como gobierno y como sociedad tomar medidas en el asunto y adaptarnos a ese cambio clim\u00e1tico, pero, sobre todo, construir soluciones donde la transici\u00f3n energ\u00e9tica es fundamental\u201d.<\/p>\n\n\n\n<p><strong>Soacha, la primera ciudad que har\u00e1 la transici\u00f3n energ\u00e9tica en transporte p\u00fablico junto al Gobierno con 300 taxis&nbsp;<\/strong><\/p>\n\n\n\n<p>La ministra de Transporte, Mar\u00eda Constanza Garc\u00eda Alicastro, anunci\u00f3 la firma de un convenio de la cartera con el municipio de Soacha para que sea la primera ciudad en realizar la transici\u00f3n energ\u00e9tica de veh\u00edculos de transporte p\u00fablico.<\/p>\n\n\n\n<p>De acuerdo con lo manifestado en la FEV, la ministra revel\u00f3 la magnitud que tendr\u00e1 esta transici\u00f3n en el municipio vecino a Bogot\u00e1:<\/p>\n\n\n\n<p>\u201cSuscribimos un convenio con Soacha, la primera ciudad con la que se har\u00e1 la transici\u00f3n energ\u00e9tica de los taxis. Son 300 que empiezan el proceso para ser cero emisiones\u201d, Mar\u00eda Garc\u00eda Alicastro, ministra del Transporte.<\/p>\n\n\n\n<p>Sin embargo, el reto es a\u00fan m\u00e1s grande desde el punto de vista del transporte. La transformaci\u00f3n energ\u00e9tica desde&nbsp;Mintransporte&nbsp;no solo tiene que ver con el cambio del parque automotor del pa\u00eds, sino tambi\u00e9n fomentar los cambios sustentables para que la transici\u00f3n se haga de la mejor forma<\/p>\n\n\n\n<p>\u201cEl reto es generar una infraestructura que permita la sostenibilidad, la conectividad y el desarrollo. Hay una gran oportunidad en este sector para poder contribuir en la reducci\u00f3n de emisiones en el pa\u00eds\u201d, Mar\u00eda Garc\u00eda Alicastro, Mintransporte.<\/p>\n\n\n\n<p>Adem\u00e1s del convenio, la ministra anunci\u00f3 el lanzamiento del Fondo de Adaptaci\u00f3n Tecnol\u00f3gica en el sector, el cual tendr\u00e1 tres portafolios para desarrollar: un portafolio que promueve la sostenibilidad e intermodalidad, otro portafolio que lleve al ascenso tecnol\u00f3gico del parque vehicular y un nuevo concepto de la ingenier\u00eda.<\/p>\n\n\n\n<p><strong>Ministro de Comercio, Industria y Turismo destaca el impacto del Pacto por el Cr\u00e9dito para la reactivaci\u00f3n del sector productivo<\/strong><\/p>\n\n\n\n<p>El ministro de Comercio, Industria y Turismo, Luis Carlos Reyes Hern\u00e1ndez, present\u00f3 una de las herramientas en las que apoyar\u00e1 su cartera para las \u201cEconom\u00edas para la Vida\u201d y destac\u00f3 la importancia que tiene el Pacto por el Cr\u00e9dito, alcanzado por el Gobierno junto con la banca privada, para impulsar a las micro, peque\u00f1as y medianas empresas, las unidades productivas y las que integran la cadena de valor del turismo.<\/p>\n\n\n\n<p>Destac\u00f3 que el pacto por el cr\u00e9dito estar\u00e1 vigente durante los pr\u00f3ximos 18 meses, para apoyar la reactivaci\u00f3n econ\u00f3mica del pa\u00eds.<\/p>\n\n\n\n<p>Gracias a este acuerdo alcanzado por el Gobierno del presidente Gustavo Petro y los bancos privados, el sector productivo podr\u00e1 contar con una bolsa de $249 billones adicionales, como oportunidad de cr\u00e9dito para apalancar la reactivaci\u00f3n del tejido empresarial nacional\u201d, afirm\u00f3 el ministro.<\/p>\n\n\n\n<p>Las micro, peque\u00f1as y medianas empresas (Mipymes) tambi\u00e9n tendr\u00e1n acceso a este tipo de cr\u00e9ditos. El ministro Reyes Hern\u00e1ndez resalt\u00f3 que ser\u00e1n $4,1 billones que tendr\u00e1n disponibles, y que representar\u00e1n alrededor de 500.000 desembolsos.<\/p>\n\n\n\n<p>El turismo tambi\u00e9n podr\u00e1 acceder a estos pr\u00e9stamos. De acuerdo con lo afirmado por el ministro, habr\u00e1 $8,1 billones para priorizar el turismo, con un enfoque especial en turismo comunitario sostenible en el pa\u00eds.<\/p>\n\n\n\n<p>\u201cVamos a seguir buscando que Colombia sea un referente mundial en la protecci\u00f3n de la vida y el medio ambiente. El progreso no puede darse a costa de la subsistencia\u201d, agreg\u00f3 Reyes Hern\u00e1ndez.<\/p>\n\n\n\n<p><strong>Ministra de Agricultura ratifica que la Reforma Agraria ser\u00e1 la base de la transici\u00f3n energ\u00e9tica y sostenible<\/strong><\/p>\n\n\n\n<p>La ministra Martha Viviana Carvajalino revel\u00f3 cu\u00e1l ser\u00e1 la estrategia desde su cartera para las \u201cEconom\u00edas para la Vida\u201d, y el camino que deber\u00e1 andar con miras para la transici\u00f3n energ\u00e9tica.<\/p>\n\n\n\n<p>\u201cEl Ministerio de Agricultura presenta la Reforma Agraria como eje central de las \u201cEconom\u00edas para la Vida\u201d, pues para poder hacer la transici\u00f3n energ\u00e9tica se necesita fortalecer el sector y hacer cambios en sus emisiones. Trece millones de hect\u00e1reas est\u00e1n subutilizadas en Colombia que podr\u00edan estar generando de una forma sostenible. Esta es la esencia de la redistribuci\u00f3n de la tierra en el pa\u00eds\u201d, afirm\u00f3 la ministra.<\/p>\n\n\n\n<p>Adem\u00e1s, hizo \u00e9nfasis en cerrar la frontera agropecuaria para evitar que las emisiones crecieran desde su sector.<\/p>\n\n\n\n<p>La redistribuci\u00f3n de la tierra, el cierre de la frontera agropecuaria y la consolidaci\u00f3n de la ganader\u00eda sostenible son algunas de las grandes apuestas del ministerio en esta transici\u00f3n de econom\u00edas extractivistas a econom\u00edas para la Vida.<\/p>\n\n\n\n<p>\u00abSi la deforestaci\u00f3n es una de las causas que m\u00e1s nos ha afectado frente al cambio clim\u00e1tico, frente a nuestras metas de emisiones, es el cierre de la frontera agropecuaria y la restauraci\u00f3n de los suelos y los bosques la herramienta que necesitamos para poder reconstruir\u00bb, asegur\u00f3.<\/p>\n\n\n\n<p><strong>Invitados internacionales apoyaron el proyecto<\/strong><\/p>\n\n\n\n<p>El expresidente del Gobierno de Espa\u00f1a Jos\u00e9 Luis Rodr\u00edguez Zapatero fue uno de los principales invitados internacionales al evento. El exmandatario, dej\u00f3 un mensaje positivo y destac\u00f3 el proyecto de la transici\u00f3n energ\u00e9tica en Colombia gracias al ejemplo que se ha podido vivir en Espa\u00f1a.<\/p>\n\n\n\n<p>\u201cLa Europa del futuro es la Europa del sur porque es la que est\u00e1 haciendo la transici\u00f3n energ\u00e9tica m\u00e1s r\u00e1pida. Nosotros depend\u00edamos de otros, pero ahora somos nosotros quienes tenemos m\u00e1s fuentes energ\u00e9ticas limpias y lo hacemos a un ritmo m\u00e1s r\u00e1pido. Ese es el gran cambio y Colombia tiene todas las condiciones para hacerlo\u201d, afirm\u00f3.<\/p>\n\n\n\n<p>Por su parte, Mary Bruce, directora adjunta de la Agencia Internacional de Energ\u00eda (AIE), revel\u00f3 las bondades de la transici\u00f3n energ\u00e9tica y c\u00f3mo la agencia se enfoca en que se haga de una forma justa.<\/p>\n\n\n\n<p>\u201cLa energ\u00eda afecta todos los aspectos de la vida diaria y la AIE favorece y se enfoca en las personas cuando se habla de la transici\u00f3n energ\u00e9tica. Ese enfoque garantiza que los beneficios y costos se distribuyan de forma justa y que todos se beneficien de estas transformaciones\u201d, afirm\u00f3.<\/p>\n\n\n\n<p>Este jueves se llevar\u00e1 a cabo el segundo d\u00eda de la Feria de las Econom\u00edas para la Vida, en Barranquilla, en el centro de eventos Puerta de Oro, con los mejores proyectos de la empresa privada y el Gobierno.<\/p>\n\n\n\n<p><\/p>\n\n\n\n<p>minambiente.gov.co<\/p>\n","protected":false},"excerpt":{"rendered":"<p>Barranquilla, 2 de octubre de 2024&nbsp;\u2013 En el marco del primer d\u00eda de la&nbsp;Feria de las Econom\u00edas para la Vida, frente a 2.700 asistentes en Barranquilla,&nbsp;la ministra de Ambiente y Desarrollo Sostenible, Susana Muhamad; la ministra de Transporte, Mar\u00eda Constanza Garc\u00eda; el ministro de Comercio, Industria y Turismo, Luis Carlos Reyes; el ministro de Minas [&hellip;]<\/p>\n","protected":false},"author":1,"featured_media":173404,"comment_status":"closed","ping_status":"closed","sticky":false,"template":"","format":"standard","meta":{"_acf_changed":false,"_jetpack_memberships_contains_paid_content":false,"footnotes":"","jetpack_publicize_message":"","jetpack_publicize_feature_enabled":true,"jetpack_social_post_already_shared":true,"jetpack_social_options":{"image_generator_settings":{"template":"highway","default_image_id":0,"font":"","enabled":false},"version":2}},"categories":[6],"tags":[],"class_list":["post-173403","post","type-post","status-publish","format-standard","has-post-thumbnail","hentry","category-ecologia"],"acf":[],"jetpack_publicize_connections":[],"jetpack_featured_media_url":"https:\/\/i0.wp.com\/sportseco.com\/wp-content\/uploads\/2024\/10\/FEV.jpg?fit=800%2C533&ssl=1","jetpack_sharing_enabled":true,"_links":{"self":[{"href":"https:\/\/sportseco.com\/index.php?rest_route=\/wp\/v2\/posts\/173403","targetHints":{"allow":["GET"]}}],"collection":[{"href":"https:\/\/sportseco.com\/index.php?rest_route=\/wp\/v2\/posts"}],"about":[{"href":"https:\/\/sportseco.com\/index.php?rest_route=\/wp\/v2\/types\/post"}],"author":[{"embeddable":true,"href":"https:\/\/sportseco.com\/index.php?rest_route=\/wp\/v2\/users\/1"}],"replies":[{"embeddable":true,"href":"https:\/\/sportseco.com\/index.php?rest_route=%2Fwp%2Fv2%2Fcomments&post=173403"}],"version-history":[{"count":1,"href":"https:\/\/sportseco.com\/index.php?rest_route=\/wp\/v2\/posts\/173403\/revisions"}],"predecessor-version":[{"id":173405,"href":"https:\/\/sportseco.com\/index.php?rest_route=\/wp\/v2\/posts\/173403\/revisions\/173405"}],"wp:featuredmedia":[{"embeddable":true,"href":"https:\/\/sportseco.com\/index.php?rest_route=\/wp\/v2\/media\/173404"}],"wp:attachment":[{"href":"https:\/\/sportseco.com\/index.php?rest_route=%2Fwp%2Fv2%2Fmedia&parent=173403"}],"wp:term":[{"taxonomy":"category","embeddable":true,"href":"https:\/\/sportseco.com\/index.php?rest_route=%2Fwp%2Fv2%2Fcategories&post=173403"},{"taxonomy":"post_tag","embeddable":true,"href":"https:\/\/sportseco.com\/index.php?rest_route=%2Fwp%2Fv2%2Ftags&post=173403"}],"curies":[{"name":"wp","href":"https:\/\/api.w.org\/{rel}","templated":true}]}}