{"id":173426,"date":"2024-10-03T18:31:58","date_gmt":"2024-10-03T22:31:58","guid":{"rendered":"https:\/\/sportseco.com\/?p=173426"},"modified":"2024-10-03T18:32:03","modified_gmt":"2024-10-03T22:32:03","slug":"clasificatorias-a-la-copa-mundial-de-la-fifa-2026-convocatoria-de-la-seleccion-colombia-de-mayores-para-las-fechas-9-y-10","status":"publish","type":"post","link":"https:\/\/sportseco.com\/?p=173426","title":{"rendered":"Clasificatorias a la Copa Mundial de la FIFA 2026: Convocatoria de la Selecci\u00f3n Colombia de Mayores para las fechas 9 y 10"},"content":{"rendered":"\n<p>El Departamento Deportivo de la Federaci\u00f3n Colombiana de F\u00fatbol \u2013 FCF y el Cuerpo T\u00e9cnico de la Selecci\u00f3n Colombia de Mayores, liderado por&nbsp;<strong>el director t\u00e9cnico N\u00e9stor Lorenzo, se permiten informar la lista de jugadores convocados para las fechas 9 y 10&nbsp;<\/strong>de las Clasificatorias al Mundial 2026.<\/p>\n\n\n\n<p>La S<strong>elecci\u00f3n se concentrar\u00e1 en Cochabamba desde el 4 de octubre hasta el 10, d\u00eda en el que viajar\u00e1n a El Alto para enfrentar a su primer rival: Bolivia<\/strong>. Una vez finalizado el encuentro, el combinado nacional viajar\u00e1 a Barranquilla para preparar el partido ante Chile.<\/p>\n\n\n\n<p>A continuaci\u00f3n, el listado de los&nbsp;<strong>29 seleccionados:<\/strong><\/p>\n\n\n\n<p>\u20071.\u2060 \u2060\u00c1lvaro Montero \u2013 Millonarios F.C. (COL)<br \/>\u20072.\u2060 \u2060Camilo Vargas \u2013 Atlas F.C. (M\u00c9X)<br \/>\u20073.\u2060 \u2060Cristian Borja \u2013 Club Am\u00e9rica (M\u00c9X)<br \/>\u20074.\u2060 \u2060Daniel Mu\u00f1oz \u2013 Crystal Palace F.C. (ENG)<br \/>\u20075.\u2060 \u2060Davinson S\u00e1nchez \u2013 Galatasaray S.K. (TUR)<br \/>\u20076.\u2060 \u2060James Rodr\u00edguez \u2013 Rayo Vallecano (ESP)<br \/>\u20077.\u2060 \u2060Jefferson Lerma \u2013 Crystal Palace F.C. (ENG)<br \/>\u20078.\u2060 \u2060Jhon Arias \u2013 Fluminense (BRA)<br \/>\u20079.\u2060 \u2060Jhon C\u00f3rdoba \u2013 F.C. Krasnodar (RUS)<br \/>10.\u2060 \u2060Jhon J\u00e1der Dur\u00e1n \u2013 Aston Villa F.C. (ENG)<br \/>11.\u2060 \u2060Jhon Lucum\u00ed \u2013 Bologna F.C. (ITA)<br \/>12.\u2060 \u2060Johan Moj\u00edca \u2013 R.C.D. Mallorca (ESP)<br \/>13.\u2060 \u2060Jorge Carrascal \u2013 F.C. Dinamo Mosc\u00fa (RUS)<br \/>14.\u2060 \u2060Juan David Cabal \u2013 Juventus (ITA)<br \/>15.\u2060 \u2060Juan Camilo Hern\u00e1ndez \u2013 Columbus Crew (USA)<br \/>16.\u2060 \u2060Juan Camilo Portilla \u2013 C.A. Talleres (ARG)<br \/>17.\u2060 \u2060Juan Fernando Quintero \u2013 Racing Club (ARG)<br \/>18.\u2060 \u2060Kevin Casta\u00f1o \u2013 F.C. Krasnodar (RUS)<br \/>19.\u2060 \u2060Kevin Mier \u2013 Cruz Azul (M\u00c9X)<br \/>20.\u2060 \u2060Luis D\u00edaz \u2013 Liverpool F.C. (ENG)<br \/>21.\u2060 \u2060Luis Sinisterra \u2013 A.F.C. Bournemouth (ENG)<br \/>22.\u2060 \u2060Matheus Uribe \u2013 Al-Sadd S.C. (QAT)<br \/>23.\u2060 \u2060Nelson Deossa \u2013 C.F. Pachuca (M\u00c9X)<br \/>24.\u2060 \u2060Richard R\u00edos \u2013 Palmeiras (BRA)<br \/>25.\u2060 \u2060Roger Mart\u00ednez \u2013 Racing Club (ARG)<br \/>26.\u2060 \u2060Santiago Arias \u2013 E.C. Bah\u00eda (BRA)<br \/>27.\u2060 \u2060Willer Ditta \u2013 C.F. Cruz Azul (M\u00c9X)<br \/>28.\u2060 \u2060Y\u00e1ser Asprilla \u2013 Girona F.C. (ESP)<br \/>29.\u2060 \u2060Yerry Mina \u2013 Cagliari Calcio (ITA)<\/p>\n\n\n\n<p>Les recordamos los horarios y fechas de los compromisos:<\/p>\n\n\n\n<p><strong>10 de octubre<\/strong><\/p>\n\n\n\n<p><strong>Bolivia vs. Colombia<\/strong><\/p>\n\n\n\n<p>Hora: 3:00 pm (HORA COL) 4:00 PM (HORA LOCAL)<\/p>\n\n\n\n<p>Estadio Municipal El Alto<\/p>\n\n\n\n<p>Transmisi\u00f3n: F\u00fatbol RCN y Gol Caracol<\/p>\n\n\n\n<p><strong>15 de octubre<\/strong><\/p>\n\n\n\n<p><strong>Colombia vs. Chile<\/strong><\/p>\n\n\n\n<p>Hora: 3:30 p.m.<\/p>\n\n\n\n<p>Estadio Metropolitano de Barranquilla<\/p>\n\n\n\n<p>Transmisi\u00f3n: F\u00fatbol RCN y Gol Caracol<\/p>\n\n\n\n<figure class=\"wp-block-image\"><img data-recalc-dims=\"1\" height=\"360\" width=\"640\" decoding=\"async\" src=\"https:\/\/i0.wp.com\/fcf.com.co\/wp-content\/uploads\/2024\/10\/image-1-1024x576.png?resize=640%2C360&#038;ssl=1\" alt=\"\" class=\"wp-image-110939\"\/><\/figure>\n\n\n\n<ul id=\"brxe-rhjwuc\" class=\"wp-block-list\">\n<li>fcf.com.co<a href=\"https:\/\/www.facebook.com\/sharer.php?u=https%3A%2F%2Ffcf.com.co%2F2024%2F10%2F03%2Fclasificatorias-a-la-copa-mundial-de-la-fifa-2026-convocatoria-de-la-seleccion-colombia-de-mayores-para-las-fechas-9-y-10%2F&amp;picture=https%3A%2F%2Ffcf.com.co%2Fwp-content%2Fuploads%2F2024%2F10%2FKV-HORIZONTAL-1.png&amp;title=Clasificatorias%20a%20la%20Copa%20Mundial%20de%20la%20FIFA%202026%3A%20Convocatoria%20de%20la%20Selecci%C3%B3n%20Colombia%20de%20Mayores%20para%20las%20fechas%209%20y%2010\"><\/a><\/li>\n<\/ul>\n","protected":false},"excerpt":{"rendered":"<p>El Departamento Deportivo de la Federaci\u00f3n Colombiana de F\u00fatbol \u2013 FCF y el Cuerpo T\u00e9cnico de la Selecci\u00f3n Colombia de Mayores, liderado por&nbsp;el director t\u00e9cnico N\u00e9stor Lorenzo, se permiten informar la lista de jugadores convocados para las fechas 9 y 10&nbsp;de las Clasificatorias al Mundial 2026. La Selecci\u00f3n se concentrar\u00e1 en Cochabamba desde el 4 [&hellip;]<\/p>\n","protected":false},"author":1,"featured_media":173427,"comment_status":"closed","ping_status":"closed","sticky":false,"template":"","format":"standard","meta":{"_acf_changed":false,"_jetpack_memberships_contains_paid_content":false,"footnotes":"","jetpack_publicize_message":"","jetpack_publicize_feature_enabled":true,"jetpack_social_post_already_shared":true,"jetpack_social_options":{"image_generator_settings":{"template":"highway","default_image_id":0,"font":"","enabled":false},"version":2}},"categories":[5],"tags":[],"class_list":["post-173426","post","type-post","status-publish","format-standard","has-post-thumbnail","hentry","category-futbol"],"acf":[],"jetpack_publicize_connections":[],"jetpack_featured_media_url":"https:\/\/i0.wp.com\/sportseco.com\/wp-content\/uploads\/2024\/10\/KV-HORIZONTAL-1.png?fit=1920%2C1080&ssl=1","jetpack_sharing_enabled":true,"_links":{"self":[{"href":"https:\/\/sportseco.com\/index.php?rest_route=\/wp\/v2\/posts\/173426","targetHints":{"allow":["GET"]}}],"collection":[{"href":"https:\/\/sportseco.com\/index.php?rest_route=\/wp\/v2\/posts"}],"about":[{"href":"https:\/\/sportseco.com\/index.php?rest_route=\/wp\/v2\/types\/post"}],"author":[{"embeddable":true,"href":"https:\/\/sportseco.com\/index.php?rest_route=\/wp\/v2\/users\/1"}],"replies":[{"embeddable":true,"href":"https:\/\/sportseco.com\/index.php?rest_route=%2Fwp%2Fv2%2Fcomments&post=173426"}],"version-history":[{"count":1,"href":"https:\/\/sportseco.com\/index.php?rest_route=\/wp\/v2\/posts\/173426\/revisions"}],"predecessor-version":[{"id":173428,"href":"https:\/\/sportseco.com\/index.php?rest_route=\/wp\/v2\/posts\/173426\/revisions\/173428"}],"wp:featuredmedia":[{"embeddable":true,"href":"https:\/\/sportseco.com\/index.php?rest_route=\/wp\/v2\/media\/173427"}],"wp:attachment":[{"href":"https:\/\/sportseco.com\/index.php?rest_route=%2Fwp%2Fv2%2Fmedia&parent=173426"}],"wp:term":[{"taxonomy":"category","embeddable":true,"href":"https:\/\/sportseco.com\/index.php?rest_route=%2Fwp%2Fv2%2Fcategories&post=173426"},{"taxonomy":"post_tag","embeddable":true,"href":"https:\/\/sportseco.com\/index.php?rest_route=%2Fwp%2Fv2%2Ftags&post=173426"}],"curies":[{"name":"wp","href":"https:\/\/api.w.org\/{rel}","templated":true}]}}