{"id":173432,"date":"2024-10-03T18:39:17","date_gmt":"2024-10-03T22:39:17","guid":{"rendered":"https:\/\/sportseco.com\/?p=173432"},"modified":"2024-10-03T18:39:22","modified_gmt":"2024-10-03T22:39:22","slug":"con-promotores-mi-cali-bella-y-de-cara-a-la-cop16-la-ciudad-implementa-modelo-suizo-para-la-disposicion-de-residuos-domiciliarios","status":"publish","type":"post","link":"https:\/\/sportseco.com\/?p=173432","title":{"rendered":"Con \u2018Promotores Mi Cali Bella\u2019 y de cara a la COP16, la ciudad implementa modelo suizo para la disposici\u00f3n de residuos domiciliarios"},"content":{"rendered":"\n<figure class=\"wp-block-image\"><img data-recalc-dims=\"1\" decoding=\"async\" src=\"https:\/\/i0.wp.com\/www.cali.gov.co\/serviciospublicos\/publicaciones\/183131\/con-promotores-mi-cali-bella-y-de-cara-a-la-cop16-la-ciudad-implementa-modelo-suizo-para-la-disposicion-de-residuos-domiciliarios\/info\/principal\/media\/pubInt\/thumbs\/thpub_700X400_183131.jpg?w=640&#038;ssl=1\" alt=\"Con \u2018Promotores Mi Cali Bella\u2019 y de cara a la COP16, la ciudad implementa modelo suizo para la disposici\u00f3n de residuos domiciliarios\"\/><\/figure>\n\n\n\n<p>Cali est\u00e1 recibiendo apoyo internacional para implementar un modelo de econom\u00eda circular<\/p>\n\n\n\n<blockquote class=\"wp-block-quote is-layout-flow wp-block-quote-is-layout-flow\">\n<ul class=\"wp-block-list\">\n<li><em>Cali fue seleccionada para la implementaci\u00f3n del proyecto \u2018Ciudades Circulares\u2019, un plan de cooperaci\u00f3n entre Z\u00farich (Suiza), Santa Cruz de la Sierra (Bolivia) y Santiago de Cali (Colombia), que se propone mejorar el sistema de gesti\u00f3n integral de residuos s\u00f3lidos con un enfoque de econom\u00eda circular.<\/em><br \/>\u00a0<\/li>\n\n\n\n<li><em>En el marco de este proyecto, 100 \u2018Promotores Mi Cali Bella\u2019 fueron certificados en habilidades de comunicaci\u00f3n en torno al manejo de residuos s\u00f3lidos, para mejorar su labor de pedagog\u00eda ciudadana.<\/em><br \/>\u00a0<\/li>\n\n\n\n<li><em>Esta es una de las acciones con las que el gobierno del alcalde Alejandro Eder pretende duplicar la tasa de aprovechamiento de residuos en Cali, del 7,8% al 15% al cierre del cuatrienio 2024-2027.<\/em><\/li>\n<\/ul>\n<\/blockquote>\n\n\n\n<p><strong>Santiago de Cali, 3 octubre de 2024<\/strong><br \/><br \/>Con alianzas internacionales, Cali sigue apostando por estrategias que permitan avanzar hacia una ciudad sostenible. Esta vez, un grupo de 100\u00a0<em>\u2018Promotores Mi Cali Bella\u2019<\/em>\u00a0fueron certificados en habilidades de comunicaci\u00f3n en torno al manejo de residuos s\u00f3lidos, en el marco de la cooperaci\u00f3n t\u00e9cnica\u00a0<em>\u2018Ciudades Circulares\u2019.<\/em><br \/><br \/>El proyecto, que tiene como aliado a Santa Cruz de la Sierra (<em>Bolivia<\/em>) y que es financiado por el gobierno de Z\u00farich (<em>Suiza<\/em>) a trav\u00e9s de la organizaci\u00f3n\u00a0<em>Swisscontact<\/em>, se direcciona a mejorar el sistema de gesti\u00f3n integral de los residuos s\u00f3lidos con un enfoque de econom\u00eda circular.<br \/><br \/><em>\u201cEn Z\u00farich, aprovechamos el 95 % de los residuos. Esto ha sido posible gracias un largo proceso de casi 100 a\u00f1os. La idea es promover a otros pa\u00edses del mundo, el conocimiento que hemos acumulado en Suiza en temas de reciclaje y econom\u00eda circular\u201d<\/em>, indic\u00f3 Julien Robert, director de cooperaci\u00f3n econ\u00f3mica de la Embajada de Suiza.<br \/><br \/>Sa\u00fal D\u00edaz, director de\u00a0<em>Swisscontact<\/em>\u00a0para Am\u00e9rica Latina, explic\u00f3 que la formaci\u00f3n de los promotores se bas\u00f3 en la metodolog\u00eda\u00a0<em>\u2018Ranas\u2019<\/em>, cuya sigla en espa\u00f1ol traduce\u00a0<em>Riesgo, Actitud, Normas, Habilidad y Autoeficacia<\/em>. La misma, busca cambiar el comportamiento de los ciudadanos, motiv\u00e1ndolos a separar en la fuente los residuos y a entregar los materiales aprovechables a los recicladores de oficio.<br \/><br \/><em>\u201cAl cierre del cuatrienio 2024-2027, queremos consolidar estas acciones en resultados palpables, como lo es\u00a0duplicar la tasa de aprovechamiento de residuos s\u00f3lidos en Cali del 7% al 15 %\u201d<\/em>, subray\u00f3 D\u00edaz. Actualmente en la capital vallecaucana se aprovechan 40.000 toneladas de residuos anuales y se pretende llegar a la cifra de 75.000.<br \/><br \/>Camilo Murcia, director t\u00e9cnico de la Unidad Administrativa Especial de Servicios P\u00fablicos (<em>Uaesp<\/em>), organismo de la Alcald\u00eda de Cali que apoya la implementaci\u00f3n del proyecto\u00a0<em>\u2018Ciudades Circulares\u2019<\/em>, destac\u00f3 que este tipo de iniciativas tambi\u00e9n hacen parte de las acciones del gobierno de Alejandro Eder para preparar a la ciudad con miras a la\u00a0<em>COP16<\/em>.<br \/><br \/><em>\u201cLos \u2018Promotores Mi Cali Bella\u2019 van a ser replicadores de cultura ciudadana. Y aqu\u00ed tenemos una oportunidad inmensa de mostrarle al mundo que en Cali queremos hacer las cosas bien y transformar nuestra cultura en torno al manejo de residuos s\u00f3lidos\u201d<\/em>, se\u00f1al\u00f3 el funcionario.<br \/><br \/><strong>\u2018Cali Circular\u2019<\/strong><br \/><br \/>En el marco de la certificaci\u00f3n de los 100<em>\u00a0\u2018Promotores Mi Cali Bella\u2019<\/em>\u00a0tambi\u00e9n se lanz\u00f3 la estrategia\u00a0<em>\u2018Cali Circular\u2019<\/em>, que hace parte de la primera fase del proyecto\u00a0<em>\u2018Ciudades Circulares\u2019<\/em>.<br \/><br \/>Los promotores aportaron en la creaci\u00f3n de piezas gr\u00e1ficas, videos y otros productos comunicacionales, que ser\u00e1n entregados a la ciudadan\u00eda para motivar un cambio en su comportamiento con respecto al manejo de los residuos s\u00f3lidos.<br \/><br \/><em>\u201cEstamos comprometidos con seguir trabajando por recuperar nuestros espacios p\u00fablicos, motivando a la ciudadan\u00eda a separar en la fuente sus residuos y a entregarlos a los recicladores\u201d<\/em>, asegur\u00f3 Diego Mart\u00ednez, uno de los promotores certificados.<br \/><br \/>Paola Andrea Pinchado, otra promotora certificada, destac\u00f3 que los talleres fueron muy pr\u00e1cticos y din\u00e1micos.\u00a0<em>\u201cEsto ha permitido que las personas entiendan con mayor claridad y puedan aplicar estos conocimientos en sus casas, con respecto al manejo de los residuos s\u00f3lidos y al cuidado del medio ambiente\u201d<\/em>, cont\u00f3.<br \/><br \/>El desaf\u00edo para los cale\u00f1os ser\u00e1 poner en pr\u00e1ctica todas las ense\u00f1anzas de los\u00a0<em>\u2018Promotores Mi Cali Bella\u2019<\/em>, que permitir\u00e1n avanzar hacia una ciudad circular, que busca ser ejemplo en Colombia y el mundo en la gesti\u00f3n integral de residuos s\u00f3lidos.<br \/><br \/><\/p>\n\n\n\n<p><strong>Comunicaciones Unidad Administrativa Especial de Servicios P\u00fablicos<\/strong><\/p>\n\n\n\n<p><\/p>\n\n\n\n<p><\/p>\n\n\n\n<p>cali.gov.co<\/p>\n","protected":false},"excerpt":{"rendered":"<p>Cali est\u00e1 recibiendo apoyo internacional para implementar un modelo de econom\u00eda circular Santiago de Cali, 3 octubre de 2024 Con alianzas internacionales, Cali sigue apostando por estrategias que permitan avanzar hacia una ciudad sostenible. Esta vez, un grupo de 100\u00a0\u2018Promotores Mi Cali Bella\u2019\u00a0fueron certificados en habilidades de comunicaci\u00f3n en torno al manejo de residuos s\u00f3lidos, [&hellip;]<\/p>\n","protected":false},"author":1,"featured_media":173433,"comment_status":"closed","ping_status":"closed","sticky":false,"template":"","format":"standard","meta":{"_acf_changed":false,"_jetpack_memberships_contains_paid_content":false,"footnotes":"","jetpack_publicize_message":"","jetpack_publicize_feature_enabled":true,"jetpack_social_post_already_shared":true,"jetpack_social_options":{"image_generator_settings":{"template":"highway","default_image_id":0,"font":"","enabled":false},"version":2}},"categories":[6],"tags":[],"class_list":["post-173432","post","type-post","status-publish","format-standard","has-post-thumbnail","hentry","category-ecologia"],"acf":[],"jetpack_publicize_connections":[],"jetpack_featured_media_url":"https:\/\/i0.wp.com\/sportseco.com\/wp-content\/uploads\/2024\/10\/thgaleria_700X400_310158.jpg?fit=600%2C400&ssl=1","jetpack_sharing_enabled":true,"_links":{"self":[{"href":"https:\/\/sportseco.com\/index.php?rest_route=\/wp\/v2\/posts\/173432","targetHints":{"allow":["GET"]}}],"collection":[{"href":"https:\/\/sportseco.com\/index.php?rest_route=\/wp\/v2\/posts"}],"about":[{"href":"https:\/\/sportseco.com\/index.php?rest_route=\/wp\/v2\/types\/post"}],"author":[{"embeddable":true,"href":"https:\/\/sportseco.com\/index.php?rest_route=\/wp\/v2\/users\/1"}],"replies":[{"embeddable":true,"href":"https:\/\/sportseco.com\/index.php?rest_route=%2Fwp%2Fv2%2Fcomments&post=173432"}],"version-history":[{"count":1,"href":"https:\/\/sportseco.com\/index.php?rest_route=\/wp\/v2\/posts\/173432\/revisions"}],"predecessor-version":[{"id":173434,"href":"https:\/\/sportseco.com\/index.php?rest_route=\/wp\/v2\/posts\/173432\/revisions\/173434"}],"wp:featuredmedia":[{"embeddable":true,"href":"https:\/\/sportseco.com\/index.php?rest_route=\/wp\/v2\/media\/173433"}],"wp:attachment":[{"href":"https:\/\/sportseco.com\/index.php?rest_route=%2Fwp%2Fv2%2Fmedia&parent=173432"}],"wp:term":[{"taxonomy":"category","embeddable":true,"href":"https:\/\/sportseco.com\/index.php?rest_route=%2Fwp%2Fv2%2Fcategories&post=173432"},{"taxonomy":"post_tag","embeddable":true,"href":"https:\/\/sportseco.com\/index.php?rest_route=%2Fwp%2Fv2%2Ftags&post=173432"}],"curies":[{"name":"wp","href":"https:\/\/api.w.org\/{rel}","templated":true}]}}