{"id":173473,"date":"2024-10-04T19:49:31","date_gmt":"2024-10-04T23:49:31","guid":{"rendered":"https:\/\/sportseco.com\/?p=173473"},"modified":"2024-10-04T19:49:36","modified_gmt":"2024-10-04T23:49:36","slug":"a-partir-del-10-de-octubre-el-centro-de-cali-se-convierte-en-zona-peatonal-y-epicentro-de-biodiversidad","status":"publish","type":"post","link":"https:\/\/sportseco.com\/?p=173473","title":{"rendered":"A partir del 10 de octubre, el centro de Cali se convierte en zona peatonal y epicentro de biodiversidad"},"content":{"rendered":"\n<figure class=\"wp-block-image\"><img data-recalc-dims=\"1\" decoding=\"async\" src=\"https:\/\/i0.wp.com\/www.cali.gov.co\/movilidad\/publicaciones\/183139\/a-partir-del-10-de-octubre-el-centro-de-cali-se-convierte-en-zona--peatonal-y-epicentro-de-biodiversidad\/info\/principal\/media\/pubInt\/thumbs\/thpub_700X400_183139.jpg?w=640&#038;ssl=1\" alt=\"A partir del 10 de octubre, el centro de Cali se convierte en zona  peatonal y epicentro de biodiversidad\"\/><\/figure>\n\n\n\n<p>Plaza de Cayzedo, epicentro de la Zona Verde de la COP16.<\/p>\n\n\n\n<blockquote class=\"wp-block-quote is-layout-flow wp-block-quote-is-layout-flow\">\n<ul class=\"wp-block-list\">\n<li><em>Con miras a la COP16, la Conferencia de Naciones Unidas sobre Biodiversidad (21 de octubre al 1 de noviembre), la ic\u00f3nica Plaza de Cayzedo y sus alrededores se convertir\u00e1n en una gran Zona Verde peatonalizada que conectar\u00e1 con el CAM y el Bulevar del R\u00edo.<\/em><br \/>\u00a0<\/li>\n\n\n\n<li><em>Se trata de un cambio temporal que beneficiar\u00e1 a toda la ciudad y que inicia el 10 de octubre.<\/em><\/li>\n<\/ul>\n<\/blockquote>\n\n\n\n<p><strong>Santiago de Cali, 4 de octubre de 2024<br \/><br \/><em>\u00a1Atenci\u00f3n, cale\u00f1os!<\/em><\/strong>&nbsp;A partir del 10 de octubre de 2024, el centro hist\u00f3rico de Cali se transformar\u00e1 para recibir la&nbsp;<strong><em>COP16<\/em><\/strong>, el evento de biodiversidad m\u00e1s importante del mundo. La&nbsp;<strong><em>Plaza de Cayzedo<\/em><\/strong>&nbsp;y sus alrededores se convertir\u00e1n en la&nbsp;<strong><em>Zona Verde<\/em><\/strong>, un espacio peatonal repleto de actividades, stands y escenarios que conectar\u00e1n a todos con la riqueza natural de nuestro planeta.<br \/><br \/>Para hacer esto posible, varias calles del centro se cerrar\u00e1n al tr\u00e1fico y se convertir\u00e1n en \u00e1reas peatonales, permitiendo a los visitantes moverse libremente y disfrutar de este evento \u00fanico.&nbsp;<em>\u00a1Es un cambio temporal que beneficiar\u00e1 a toda la ciudad!<\/em><br \/><br \/><strong>Calles peatonales: para vivir el centro de una forma diferente<\/strong><br \/><br \/>Las siguientes calles estar\u00e1n&nbsp;<em>peatonalizadas:<\/em><\/p>\n\n\n\n<ul class=\"wp-block-list\">\n<li>Carrera 4 entre calles 13 y 10.<\/li>\n\n\n\n<li>Carrera 5 entre calles 13 y 10.<\/li>\n\n\n\n<li>Calle 7 entre carreras 1 y 5.<\/li>\n\n\n\n<li>Calle 10 entre carreras 1 y 3.<\/li>\n\n\n\n<li>Calle 11 entre carreras 3 y 6.<\/li>\n\n\n\n<li>Calle 12 entre carreras 5 y 6.<\/li>\n<\/ul>\n\n\n\n<p><br \/>Estos cambios permitir\u00e1n que cale\u00f1os y visitantes recorran la&nbsp;<em>Zona Verde<\/em>&nbsp;a pie, sin veh\u00edculos, conectando con el CAM, el Bulevar del R\u00edo y la Plaza de Cayzedo.<br \/><br \/><strong>Rutas alternas y movilidad inteligente<\/strong><br \/><br \/>Si necesita moverse cerca del centro, le recomendamos usar las siguientes&nbsp;<em>rutas alternas:<\/em><\/p>\n\n\n\n<ul class=\"wp-block-list\">\n<li>Avenida Circunvalaci\u00f3n.<\/li>\n\n\n\n<li>Calle 5.<\/li>\n\n\n\n<li>Calle 15.<\/li>\n\n\n\n<li>Avenida 2N.<\/li>\n<\/ul>\n\n\n\n<p>Para quienes deban acceder al centro por razones laborales, podr\u00e1n hacerlo por v\u00edas habilitadas como las&nbsp;<em>calles 8 y 9<\/em>&nbsp;y la&nbsp;<em>carrera 8<\/em>.&nbsp;<em>\u00a1Planifique su ruta y evite contratiempos!<br \/><br \/>\u201cContaremos con m\u00e1s de 350 agentes de tr\u00e1nsito para garantizar una movilidad segura y ordenada durante la COP16. Invitamos a la ciudadan\u00eda a tomar rutas alternas y a disfrutar del evento sin preocuparse por el tr\u00e1fico\u201d<\/em>, asegur\u00f3 Gustavo Orozco, secretario (e) de Movilidad Distrital.<br \/><br \/><strong>Seguridad y excepciones<\/strong><br \/><br \/>De acuerdo con la Secretar\u00eda de Movilidad de Cali, se aplicar\u00e1n&nbsp;<em>excepciones<\/em>&nbsp;para aquellas personas que trabajan o viven en el \u00e1rea peatonal, as\u00ed como para los veh\u00edculos de emergencia y empresas de log\u00edstica, quienes tendr\u00e1n acceso controlado con miras a garantizar el buen funcionamiento de la ciudad. Adem\u00e1s, las actividades de cargue y descargue se podr\u00e1n realizar entre las 10:00 de la noche y las 7:00 de la ma\u00f1ana.<br \/><br \/><strong>De su inter\u00e9s\u2026<\/strong><br \/>&#8211;&nbsp;<a href=\"https:\/\/www.cali.gov.co\/movilidad\/publicaciones\/183104\/cali-avanza-en-seguridad-vial-se-registran-34-dias-sin-eventos-fatales--con-ciclistas-y-13-para-peatones\/\" target=\"_blank\" rel=\"noreferrer noopener\">Cali avanza en seguridad vial: se registran 34 d\u00edas sin eventos fatales con ciclistas y 13 para peatones<\/a><\/p>\n\n\n\n<p><strong>Calle peatonales:&nbsp; &nbsp; &nbsp; &nbsp; &nbsp; &nbsp; &nbsp; &nbsp; &nbsp; &nbsp; &nbsp; &nbsp; &nbsp; &nbsp; &nbsp; &nbsp; &nbsp; &nbsp; &nbsp; &nbsp; &nbsp; &nbsp; &nbsp; &nbsp; &nbsp; &nbsp; &nbsp; &nbsp; &nbsp; &nbsp; &nbsp; &nbsp; &nbsp; &nbsp; &nbsp; &nbsp; &nbsp; &nbsp; &nbsp; &nbsp; &nbsp; &nbsp; &nbsp; &nbsp; &nbsp; &nbsp; &nbsp; Rutas Alternas Norte &#8211; Oeste<\/strong><br \/><img data-recalc-dims=\"1\" decoding=\"async\" alt=\"Peatonalizacion Centro\" src=\"https:\/\/i0.wp.com\/www.cali.gov.co\/movilidad\/publicaciones\/183139\/a-partir-del-10-de-octubre-el-centro-de-cali-se-convierte-en-zona--peatonal-y-epicentro-de-biodiversidad\/info\/principal\/media\/galeria310232.jpg?w=640&#038;ssl=1\"\/>&nbsp;&nbsp;<img data-recalc-dims=\"1\" decoding=\"async\" alt=\"Rutas Alternas Norte-Oeste\" src=\"https:\/\/i0.wp.com\/www.cali.gov.co\/movilidad\/publicaciones\/183139\/a-partir-del-10-de-octubre-el-centro-de-cali-se-convierte-en-zona--peatonal-y-epicentro-de-biodiversidad\/info\/principal\/media\/galeria310233.jpg?w=640&#038;ssl=1\"\/><\/p>\n\n\n\n<p><strong>Rutas Alternas Sur-Oriente:&nbsp; &nbsp; &nbsp; &nbsp; &nbsp; &nbsp; &nbsp; &nbsp; &nbsp; &nbsp; &nbsp; &nbsp; &nbsp; &nbsp; &nbsp; &nbsp; &nbsp; &nbsp; &nbsp; &nbsp; &nbsp; &nbsp; &nbsp; &nbsp; &nbsp; &nbsp; &nbsp; &nbsp; &nbsp; &nbsp; &nbsp; &nbsp; &nbsp; &nbsp; &nbsp; &nbsp; &nbsp; &nbsp; &nbsp; &nbsp;Alternativas Viales:<\/strong><br \/><img data-recalc-dims=\"1\" decoding=\"async\" alt=\"Rutas Alternas Sur-Oriente\" src=\"https:\/\/i0.wp.com\/www.cali.gov.co\/movilidad\/publicaciones\/183139\/a-partir-del-10-de-octubre-el-centro-de-cali-se-convierte-en-zona--peatonal-y-epicentro-de-biodiversidad\/info\/principal\/media\/galeria310234.jpg?w=640&#038;ssl=1\"\/>&nbsp;&nbsp;<img data-recalc-dims=\"1\" decoding=\"async\" alt=\"Vias alternas Peatonalizacion Centro COP16\" src=\"https:\/\/i0.wp.com\/www.cali.gov.co\/movilidad\/publicaciones\/183139\/a-partir-del-10-de-octubre-el-centro-de-cali-se-convierte-en-zona--peatonal-y-epicentro-de-biodiversidad\/info\/principal\/media\/galeria310236.jpg?w=640&#038;ssl=1\"\/><br \/>&nbsp;<\/p>\n\n\n\n<p><strong>Comunicaciones Secretar\u00eda de Movilidad Distrital<\/strong><\/p>\n\n\n\n<p><\/p>\n\n\n\n<p><\/p>\n\n\n\n<p>cali.gov.co<\/p>\n","protected":false},"excerpt":{"rendered":"<p>Plaza de Cayzedo, epicentro de la Zona Verde de la COP16. Santiago de Cali, 4 de octubre de 2024 \u00a1Atenci\u00f3n, cale\u00f1os!&nbsp;A partir del 10 de octubre de 2024, el centro hist\u00f3rico de Cali se transformar\u00e1 para recibir la&nbsp;COP16, el evento de biodiversidad m\u00e1s importante del mundo. La&nbsp;Plaza de Cayzedo&nbsp;y sus alrededores se convertir\u00e1n en la&nbsp;Zona [&hellip;]<\/p>\n","protected":false},"author":1,"featured_media":173474,"comment_status":"closed","ping_status":"closed","sticky":false,"template":"","format":"standard","meta":{"_acf_changed":false,"_jetpack_memberships_contains_paid_content":false,"footnotes":"","jetpack_publicize_message":"","jetpack_publicize_feature_enabled":true,"jetpack_social_post_already_shared":true,"jetpack_social_options":{"image_generator_settings":{"template":"highway","default_image_id":0,"font":"","enabled":false},"version":2}},"categories":[6],"tags":[],"class_list":["post-173473","post","type-post","status-publish","format-standard","has-post-thumbnail","hentry","category-ecologia"],"acf":[],"jetpack_publicize_connections":[],"jetpack_featured_media_url":"https:\/\/i0.wp.com\/sportseco.com\/wp-content\/uploads\/2024\/10\/thpub_700X400_183139.jpg?fit=669%2C400&ssl=1","jetpack_sharing_enabled":true,"_links":{"self":[{"href":"https:\/\/sportseco.com\/index.php?rest_route=\/wp\/v2\/posts\/173473","targetHints":{"allow":["GET"]}}],"collection":[{"href":"https:\/\/sportseco.com\/index.php?rest_route=\/wp\/v2\/posts"}],"about":[{"href":"https:\/\/sportseco.com\/index.php?rest_route=\/wp\/v2\/types\/post"}],"author":[{"embeddable":true,"href":"https:\/\/sportseco.com\/index.php?rest_route=\/wp\/v2\/users\/1"}],"replies":[{"embeddable":true,"href":"https:\/\/sportseco.com\/index.php?rest_route=%2Fwp%2Fv2%2Fcomments&post=173473"}],"version-history":[{"count":1,"href":"https:\/\/sportseco.com\/index.php?rest_route=\/wp\/v2\/posts\/173473\/revisions"}],"predecessor-version":[{"id":173475,"href":"https:\/\/sportseco.com\/index.php?rest_route=\/wp\/v2\/posts\/173473\/revisions\/173475"}],"wp:featuredmedia":[{"embeddable":true,"href":"https:\/\/sportseco.com\/index.php?rest_route=\/wp\/v2\/media\/173474"}],"wp:attachment":[{"href":"https:\/\/sportseco.com\/index.php?rest_route=%2Fwp%2Fv2%2Fmedia&parent=173473"}],"wp:term":[{"taxonomy":"category","embeddable":true,"href":"https:\/\/sportseco.com\/index.php?rest_route=%2Fwp%2Fv2%2Fcategories&post=173473"},{"taxonomy":"post_tag","embeddable":true,"href":"https:\/\/sportseco.com\/index.php?rest_route=%2Fwp%2Fv2%2Ftags&post=173473"}],"curies":[{"name":"wp","href":"https:\/\/api.w.org\/{rel}","templated":true}]}}