{"id":173491,"date":"2024-10-05T08:31:40","date_gmt":"2024-10-05T12:31:40","guid":{"rendered":"https:\/\/sportseco.com\/?p=173491"},"modified":"2024-10-05T08:31:56","modified_gmt":"2024-10-05T12:31:56","slug":"dia-mundial-de-las-y-los-docentes-5-de-octubre-3","status":"publish","type":"post","link":"https:\/\/sportseco.com\/?p=173491","title":{"rendered":"D\u00eda mundial de las y los docentes, 5 de octubre"},"content":{"rendered":"\n<p>Celebrado anualmente el 5 de octubre desde 1994, el D\u00eda mundial de las y los docentes conmemora el aniversario de la suscripci\u00f3n de la&nbsp;<a href=\"https:\/\/www.unesco.org\/es\/legal-affairs\/recommendation-concerning-status-teachers?hub=66722\">Recomendaci\u00f3n de la OIT y la UNESCO relativa a la Situaci\u00f3n del Personal Docente (1966)<\/a>.&nbsp;Esta Recomendaci\u00f3n establece criterios de referencia en cuanto a los derechos y responsabilidades del personal docente y normas para su formaci\u00f3n inicial y perfeccionamiento, la contrataci\u00f3n, el empleo, y las condiciones de ense\u00f1anza y aprendizaje. La&nbsp;<a href=\"https:\/\/www.unesco.org\/es\/legal-affairs\/recommendation-concerning-status-higher-education-teaching-personnel?hub=66722\">Recomendaci\u00f3n relativa a la Condici\u00f3n del Personal Docente de la Ense\u00f1anza Superior<\/a>&nbsp;fue adoptada en 1997 para completar la Recomendaci\u00f3n de 1966, abarcando as\u00ed el personal docente y de investigaci\u00f3n de la ense\u00f1anza superior.<\/p>\n\n\n\n<p>Es un d\u00eda para celebrar c\u00f3mo los y las docentes est\u00e1n transformando la educaci\u00f3n, para reflexionar sobre el apoyo que necesitan para desplegar plenamente su talento y vocaci\u00f3n, y para repensar el camino que queda por delante con respecto a la profesi\u00f3n a nivel mundial.&nbsp;<\/p>\n\n\n\n<p>El D\u00eda mundial de las y los docentes se convoca en colaboraci\u00f3n con el UNICEF, la Organizaci\u00f3n Internacional del Trabajo y la Internacional de la Educaci\u00f3n.<\/p>\n\n\n\n<figure class=\"wp-block-image\"><img data-recalc-dims=\"1\" decoding=\"async\" src=\"https:\/\/i0.wp.com\/www.unesco.org\/sites\/default\/files\/styles\/paragraph_medium_desktop\/public\/2023-09\/Prey_Veng_Teachers.jpg?w=640&#038;ssl=1\" alt=\"Teacher in Cambodia\"\/><\/figure>\n\n\n\n<p>\u00a9 UNESCO\/Erika Pineros<\/p>\n\n\n\n<p><strong>Mensaje conjunto dela Sra. Audrey Azoulay, Directora General de la UNESCO,el Sr. Gilbert F. Houngbo, Director General de la Organizaci\u00f3n Internacional del Trabajo,la Sra. Catherine Russell, Directora Ejecutiva del UNICEF,y el Sr. David Edwards, Secretario General de la Internacional de la Educaci\u00f3n,con motivo del D\u00eda Mundial de los Docentes 2024.<\/strong><\/p>\n\n\n\n<blockquote class=\"wp-block-quote is-layout-flow wp-block-quote-is-layout-flow\">\n<p><em>\u00abAl empoderar a los docentes para cumplir su funci\u00f3n de intelectuales transformadores y l\u00edderes comunitarios, podemos construir sistemas educativos resilientes y equitativos que est\u00e9n al servicio del bien p\u00fablico y mejoren las comunidades en las que trabajan. Juntos podemos crear un nuevo contrato social para la educaci\u00f3n que realmente valore y refuerce las voces de quienes son indispensables para su \u00e9xito.\u00bb<\/em><\/p>\n<\/blockquote>\n\n\n\n<ul class=\"wp-block-list\">\n<li>\u00a0Descarga el mensaje completo:\u00a0<a href=\"https:\/\/unesdoc.unesco.org\/ark:\/48223\/pf0000391448\">English<\/a>\u00a0&#8211;\u00a0<a href=\"https:\/\/unesdoc.unesco.org\/ark:\/48223\/pf0000391448_fre\">Fran\u00e7ais<\/a>\u00a0&#8211;\u00a0<a href=\"https:\/\/unesdoc.unesco.org\/ark:\/48223\/pf0000391448_spa\">Espa\u00f1ol\u00a0<\/a>&#8211;\u00a0<a href=\"https:\/\/unesdoc.unesco.org\/ark:\/48223\/pf0000391448_rus\">\u0420\u0443\u0441\u0441\u043a\u0438\u0439<\/a>\u00a0&#8211;\u00a0<a href=\"https:\/\/unesdoc.unesco.org\/ark:\/48223\/pf0000391448_chi\">\u0627\u0644\u0639\u0631\u0628\u064a\u0629<\/a>\u00a0&#8211;\u00a0<a href=\"https:\/\/unesdoc.unesco.org\/ark:\/48223\/pf0000391448_chi\">\u4e2d\u6587<\/a><\/li>\n<\/ul>\n\n\n\n<h2 class=\"wp-block-heading\">Celebraciones 2024<\/h2>\n\n\n\n<p>Los profesores desempe\u00f1an una funci\u00f3n esencial a la hora de forjar el futuro, mediante la formaci\u00f3n de los alumnos y el impulso del progreso educativo. Sin embargo, para aprovechar todo su potencial, es crucial que sus voces sean escuchadas y valoradas en los procesos de toma de decisiones que afectan a su profesi\u00f3n. El D\u00eda Mundial de los Docentes de este a\u00f1o pone de relieve la necesidad de abordar los retos sist\u00e9micos a los que se enfrentan los profesores y de establecer un di\u00e1logo m\u00e1s inclusivo sobre su papel en la educaci\u00f3n.<\/p>\n\n\n\n<p>Las celebraciones de 2024 se centrar\u00e1n en \u00ab<strong>Valorar la voz de docente: hacia un nuevo contrato social para la educaci\u00f3n<\/strong>\u00ab. El acto har\u00e1 hincapi\u00e9 en la importancia de integrar las perspectivas de los profesores en las pol\u00edticas educativas y de fomentar un entorno propicio para su desarrollo profesional. Este tema responde a los importantes desaf\u00edos destacados por el&nbsp;<a href=\"https:\/\/unesdoc.unesco.org\/ark:\/48223\/pf0000389913\">Grupo de Alto Nivel sobre la Profesi\u00f3n Docente del Secretario General de las Naciones Unidas<\/a>&nbsp;y nuestro reciente&nbsp;<a href=\"https:\/\/unesdoc.unesco.org\/ark:\/48223\/pf0000388832\">Informe Mundial sobre los Docentes<\/a>, que aporta nuevos datos clave sobre la creciente escasez de docentes y el deterioro de las condiciones de trabajo.<\/p>\n\n\n\n<p>La jornada incluir\u00e1 una ceremonia de apertura con mensajes de alto nivel de la UNESCO, la OIT, el UNICEF y la Internacional de la Educaci\u00f3n. Tambi\u00e9n se presentar\u00e1 un discurso inaugural sobre la necesidad de un nuevo contrato social en la educaci\u00f3n y un apartado en el que se dar\u00e1n a conocer las opiniones de los profesores de la sala y de todo el mundo, que compartir\u00e1n sus puntos de vista sobre la mejora de las pol\u00edticas y las pr\u00e1cticas. Adem\u00e1s, se otorgar\u00e1 el Premio UNESCO-Hamdan para el Perfeccionamiento de los Docentes, que recompensa las contribuciones destacadas al desarrollo del profesorado.<\/p>\n\n\n\n<p><\/p>\n\n\n\n<p><\/p>\n\n\n\n<p>unesco.org<\/p>\n\n\n\n<ul class=\"wp-block-list\">\n<li><\/li>\n<\/ul>\n","protected":false},"excerpt":{"rendered":"<p>Celebrado anualmente el 5 de octubre desde 1994, el D\u00eda mundial de las y los docentes conmemora el aniversario de la suscripci\u00f3n de la&nbsp;Recomendaci\u00f3n de la OIT y la UNESCO relativa a la Situaci\u00f3n del Personal Docente (1966).&nbsp;Esta Recomendaci\u00f3n establece criterios de referencia en cuanto a los derechos y responsabilidades del personal docente y normas [&hellip;]<\/p>\n","protected":false},"author":1,"featured_media":173492,"comment_status":"closed","ping_status":"closed","sticky":false,"template":"","format":"standard","meta":{"_acf_changed":false,"_jetpack_memberships_contains_paid_content":false,"footnotes":"","jetpack_publicize_message":"","jetpack_publicize_feature_enabled":true,"jetpack_social_post_already_shared":true,"jetpack_social_options":{"image_generator_settings":{"template":"highway","default_image_id":0,"font":"","enabled":false},"version":2}},"categories":[6],"tags":[],"class_list":["post-173491","post","type-post","status-publish","format-standard","has-post-thumbnail","hentry","category-ecologia"],"acf":[],"jetpack_publicize_connections":[],"jetpack_featured_media_url":"https:\/\/i0.wp.com\/sportseco.com\/wp-content\/uploads\/2024\/10\/wtd-2024-banner.jpg.webp?fit=1920%2C792&ssl=1","jetpack_sharing_enabled":true,"_links":{"self":[{"href":"https:\/\/sportseco.com\/index.php?rest_route=\/wp\/v2\/posts\/173491","targetHints":{"allow":["GET"]}}],"collection":[{"href":"https:\/\/sportseco.com\/index.php?rest_route=\/wp\/v2\/posts"}],"about":[{"href":"https:\/\/sportseco.com\/index.php?rest_route=\/wp\/v2\/types\/post"}],"author":[{"embeddable":true,"href":"https:\/\/sportseco.com\/index.php?rest_route=\/wp\/v2\/users\/1"}],"replies":[{"embeddable":true,"href":"https:\/\/sportseco.com\/index.php?rest_route=%2Fwp%2Fv2%2Fcomments&post=173491"}],"version-history":[{"count":1,"href":"https:\/\/sportseco.com\/index.php?rest_route=\/wp\/v2\/posts\/173491\/revisions"}],"predecessor-version":[{"id":173493,"href":"https:\/\/sportseco.com\/index.php?rest_route=\/wp\/v2\/posts\/173491\/revisions\/173493"}],"wp:featuredmedia":[{"embeddable":true,"href":"https:\/\/sportseco.com\/index.php?rest_route=\/wp\/v2\/media\/173492"}],"wp:attachment":[{"href":"https:\/\/sportseco.com\/index.php?rest_route=%2Fwp%2Fv2%2Fmedia&parent=173491"}],"wp:term":[{"taxonomy":"category","embeddable":true,"href":"https:\/\/sportseco.com\/index.php?rest_route=%2Fwp%2Fv2%2Fcategories&post=173491"},{"taxonomy":"post_tag","embeddable":true,"href":"https:\/\/sportseco.com\/index.php?rest_route=%2Fwp%2Fv2%2Ftags&post=173491"}],"curies":[{"name":"wp","href":"https:\/\/api.w.org\/{rel}","templated":true}]}}