{"id":173497,"date":"2024-10-05T08:56:54","date_gmt":"2024-10-05T12:56:54","guid":{"rendered":"https:\/\/sportseco.com\/?p=173497"},"modified":"2024-10-05T08:56:58","modified_gmt":"2024-10-05T12:56:58","slug":"la-federacion-colombiana-de-ciclismo-lamenta-el-fallecimiento-del-excampeon-mundial-marlon-perez","status":"publish","type":"post","link":"https:\/\/sportseco.com\/?p=173497","title":{"rendered":"La Federaci\u00f3n Colombiana de Ciclismo lamenta el fallecimiento del excampe\u00f3n mundial Marlon P\u00e9rez"},"content":{"rendered":"\n<figure class=\"wp-block-image\"><img data-recalc-dims=\"1\" decoding=\"async\" src=\"https:\/\/i0.wp.com\/efbt585jris.exactdn.com\/wp-content\/uploads\/2024\/10\/Marlon-Perez-2011-01.jpg?w=640&#038;ssl=1\" alt=\"\"\/><\/figure>\n\n\n\n<ul class=\"wp-block-list\">\n<li><\/li>\n\n\n\n<li><\/li>\n\n\n\n<li><\/li>\n\n\n\n<li><\/li>\n<\/ul>\n\n\n\n<p>Con profundo dolor y consternaci\u00f3n, la Federaci\u00f3n Colombiana de Ciclismo, presidida por el Dr. Jorge Mauricio Vargas Carre\u00f1o, el comit\u00e9 ejecutivo y sus funcionarios, se unen al luto por el fallecimiento de Marlon P\u00e9rez, destacado ciclista y excampe\u00f3n mundial en la pista y el paracycling, quien tristemente perdi\u00f3 la vida en un hecho violento durante un intento de robo en la noche del jueves, en el municipio de Carmen de Viboral, Antioquia.<\/p>\n\n\n\n<p>Marlon no solo fue un referente en el ciclismo colombiano, sino tambi\u00e9n un ejemplo de dedicaci\u00f3n, disciplina y pasi\u00f3n por el deporte. Su trayectoria dej\u00f3 huella en cada una de las competencias en las que particip\u00f3, llevando en alto los colores de nuestro pa\u00eds y llen\u00e1ndonos de orgullo con sus logros.<\/p>\n\n\n\n<p>El antioque\u00f1o fue campe\u00f3n mundial de la prueba por puntos en 1994; campe\u00f3n mundial del t\u00e1ndem paracycling como gu\u00eda de Javier Serna en 2017; campe\u00f3n panamericano de la contrarreloj en los Juegos Panamericanos de Guadalajara 2011; tres veces campe\u00f3n nacional de la contrarreloj (96, 99 y 01), ganador de seis etapas en la Vuelta a Colombia, adem\u00e1s de representar a nuestro pa\u00eds en tres Juegos Ol\u00edmpicos (Atlanta 1996, Sidney 2000 y Atenas 2004) y en unos Juegos Paral\u00edmpicos (Tokio 2020).<\/p>\n\n\n\n<p>Hoy despedimos a un gran campe\u00f3n, pero sobre todo a una persona excepcional, cuya sonrisa, compa\u00f1erismo y esp\u00edritu de lucha siempre ser\u00e1n recordados por quienes tuvimos el honor de conocerlo y trabajar junto a \u00e9l. Su legado vivir\u00e1 en cada pedalazo de los ciclistas que inspir\u00f3 y en el coraz\u00f3n de todos los colombianos.<\/p>\n\n\n\n<p>Extendemos nuestras m\u00e1s sentidas condolencias a su familia, amigos, colegas y toda la comunidad del ciclismo en este momento tan dif\u00edcil. Nos unimos a su dolor y elevamos una oraci\u00f3n por el eterno descanso de Marlon.<\/p>\n\n\n\n<p>Que su memoria siga siendo fuente de inspiraci\u00f3n y motivaci\u00f3n para futuras generaciones de ciclistas.<\/p>\n\n\n\n<p>Paz en su tumba.<\/p>\n\n\n\n<p><\/p>\n\n\n\n<p>federacioncolombianadeciclismo.com<\/p>\n","protected":false},"excerpt":{"rendered":"<p>Con profundo dolor y consternaci\u00f3n, la Federaci\u00f3n Colombiana de Ciclismo, presidida por el Dr. Jorge Mauricio Vargas Carre\u00f1o, el comit\u00e9 ejecutivo y sus funcionarios, se unen al luto por el fallecimiento de Marlon P\u00e9rez, destacado ciclista y excampe\u00f3n mundial en la pista y el paracycling, quien tristemente perdi\u00f3 la vida en un hecho violento durante [&hellip;]<\/p>\n","protected":false},"author":1,"featured_media":173498,"comment_status":"closed","ping_status":"closed","sticky":false,"template":"","format":"standard","meta":{"_acf_changed":false,"_jetpack_memberships_contains_paid_content":false,"footnotes":"","jetpack_publicize_message":"","jetpack_publicize_feature_enabled":true,"jetpack_social_post_already_shared":true,"jetpack_social_options":{"image_generator_settings":{"template":"highway","default_image_id":0,"font":"","enabled":false},"version":2}},"categories":[14],"tags":[],"class_list":["post-173497","post","type-post","status-publish","format-standard","has-post-thumbnail","hentry","category-ciclismo"],"acf":[],"jetpack_publicize_connections":[],"jetpack_featured_media_url":"https:\/\/i0.wp.com\/sportseco.com\/wp-content\/uploads\/2024\/10\/Marlon-Perez-2011-01-1536x864-1.webp?fit=1536%2C864&ssl=1","jetpack_sharing_enabled":true,"_links":{"self":[{"href":"https:\/\/sportseco.com\/index.php?rest_route=\/wp\/v2\/posts\/173497","targetHints":{"allow":["GET"]}}],"collection":[{"href":"https:\/\/sportseco.com\/index.php?rest_route=\/wp\/v2\/posts"}],"about":[{"href":"https:\/\/sportseco.com\/index.php?rest_route=\/wp\/v2\/types\/post"}],"author":[{"embeddable":true,"href":"https:\/\/sportseco.com\/index.php?rest_route=\/wp\/v2\/users\/1"}],"replies":[{"embeddable":true,"href":"https:\/\/sportseco.com\/index.php?rest_route=%2Fwp%2Fv2%2Fcomments&post=173497"}],"version-history":[{"count":1,"href":"https:\/\/sportseco.com\/index.php?rest_route=\/wp\/v2\/posts\/173497\/revisions"}],"predecessor-version":[{"id":173499,"href":"https:\/\/sportseco.com\/index.php?rest_route=\/wp\/v2\/posts\/173497\/revisions\/173499"}],"wp:featuredmedia":[{"embeddable":true,"href":"https:\/\/sportseco.com\/index.php?rest_route=\/wp\/v2\/media\/173498"}],"wp:attachment":[{"href":"https:\/\/sportseco.com\/index.php?rest_route=%2Fwp%2Fv2%2Fmedia&parent=173497"}],"wp:term":[{"taxonomy":"category","embeddable":true,"href":"https:\/\/sportseco.com\/index.php?rest_route=%2Fwp%2Fv2%2Fcategories&post=173497"},{"taxonomy":"post_tag","embeddable":true,"href":"https:\/\/sportseco.com\/index.php?rest_route=%2Fwp%2Fv2%2Ftags&post=173497"}],"curies":[{"name":"wp","href":"https:\/\/api.w.org\/{rel}","templated":true}]}}