{"id":173561,"date":"2024-10-06T10:01:15","date_gmt":"2024-10-06T14:01:15","guid":{"rendered":"https:\/\/sportseco.com\/?p=173561"},"modified":"2024-10-06T10:01:20","modified_gmt":"2024-10-06T14:01:20","slug":"david-alonso-campeon-de-moto3-a-lo-bestia-ganando-su-10o-gp","status":"publish","type":"post","link":"https:\/\/sportseco.com\/?p=173561","title":{"rendered":"David Alonso, campe\u00f3n de Moto3 a lo bestia, ganando su 10\u00ba GP"},"content":{"rendered":"\n<p>Empieza a ser especial, empieza a ser \u00fanico, empieza dejar boquiabierto a todo el mundo. Todo el \u2018paddock\u2019 del&nbsp;<strong>Mundial de motociclismo<\/strong>&nbsp;sabe que est\u00e1 frente a un muchacho especial, diferente, elegido.&nbsp;<strong>David Alonso G\u00f3mez<\/strong>&nbsp;acaba de proclamarse nuevo, flamante y muy, muy, arrollador&nbsp;<strong>campe\u00f3n del mundo de Moto3<\/strong>, de momento con los n\u00fameros m\u00e1s alucinantes de la historia<strong>&nbsp;(10 victorias y 11 podios en las 16 carreras disputadas)<\/strong>&nbsp;y a\u00fan le restan cuatro grandes premios (Australia, Tailandia, Malasia y Valencia) para subir a\u00fan m\u00e1s alto. Lo nunca visto. Ha ganado en Catar, EEUU, Francia, Catalunya, Italia, Alemania, Austria y la tres \u00faltimas: Emilia Romagna, Indonesia y Jap\u00f3n.<\/p>\n\n\n\n<p><\/p>\n\n\n\n<p>Son\u00f3 el<strong>&nbsp;himno de Colombia<\/strong>&nbsp;en el podio, pues el muchacho de Madrid corre bajo la bandera de ese pa\u00eds, de donde es su&nbsp;<strong>madre Sandra<\/strong>, pero \u00e9ste tambi\u00e9n es un t\u00edtulo que debe contabilizarse para el motociclismo espa\u00f1ol y, en ese caso, ser\u00eda, digo ser\u00eda, el&nbsp;<strong>n\u00ba 23<\/strong>. Y es, por descontado, el s\u00e9ptimo campe\u00f3n que crea, que acuna, que mece, que fabrica el gran campe\u00f3n&nbsp;<strong>Jorge Mart\u00ednez<\/strong><em><strong>&nbsp;\u2018Aspar\u2019<\/strong><\/em>, la aut\u00e9ntica escuela de campeones de Espa\u00f1a.<\/p>\n\n\n\n<blockquote class=\"wp-block-quote is-layout-flow wp-block-quote-is-layout-flow\">\n<h3 class=\"wp-block-heading\">\u00abEs muy, muy, inteligente en la pista, sabe muy bien lo que debe hacer en cada instante, es un estudioso y se merece ser campe\u00f3n del mundo. Es un prodigio. Solo dir\u00e9 una cosa que lo define: es a\u00fan mejor persona que piloto, con eso ya lo digo todo\u00bb<\/h3>\n\n\n\n<p>Nico Terol<\/p>\n\n\n\n<p>\u2014 Campe\u00f3n de Moto 3, descubridor y tuto de David Alonso<\/p>\n<\/blockquote>\n\n\n\n<p>\u201cTen\u00eda claro que un campe\u00f3n debe ganar, ganando y, aunque no ha sido nada f\u00e1cil, he peleado como siempre en las \u00faltimas vueltas para conseguir\u201d, comenta Alonso, que celebr\u00f3 el t\u00edtulo con dos banderas, la espa\u00f1ola y la colombiana, colgadas del mismo m\u00e1stil y que se divirti\u00f3, en la pista de Motegi (Jap\u00f3n) con la minimoto que estren\u00f3, con solo 6 a\u00f1os. Luego, a los 11 llegar\u00eda a la escuela de Aspar, descubierto por el tambi\u00e9n excampe\u00f3n (y desde entonces tutor) Nico Terol para convertirse, con 18 a\u00f1os y 164 d\u00edas, en el tercer campe\u00f3n m\u00e1s joven de la historia de la peque\u00f1a cilindrada por detr\u00e1s de<strong>&nbsp;Izan Guevara<\/strong>&nbsp;y&nbsp;<strong>Pedro Acosta<\/strong>.<\/p>\n\n\n\n<p>La carrera fue comandada siempre, siempre, por un fabuloso Adrian Fern\u00e1ndez, que, con su Honda, quiso hacer honor a correr en el circuito de su marca. Alonso (CFMOTO) estuvo siempre en sexta posici\u00f3n hasta que, faltando nueve vueltas, \u201cme dije, no toca llevar esto a Australia, venga, David, trata de ganarlo aqu\u00ed y procl\u00e1mate campe\u00f3n como se proclaman los campeones, ganando\u201d.<\/p>\n\n\n\n<figure class=\"wp-block-image\"><img data-recalc-dims=\"1\" decoding=\"async\" src=\"https:\/\/i0.wp.com\/estaticos-cdn.prensaiberica.es\/clip\/f2a872a3-f5e8-4403-8b9f-4f006bc2865e_alta-libre-aspect-ratio_default_0.jpg?w=640&#038;ssl=1\" alt=\"David Alonso celebra el t\u00edtulo de Moto 3\"\/><figcaption class=\"wp-element-caption\">David Alonso celebra el t\u00edtulo de Moto 3&nbsp;<strong>\/ EFE<\/strong><\/figcaption><\/figure>\n\n\n\n<p>Dicho y hecho. A falta de nueve vueltas, super\u00f3 al japon\u00e9s Ryusel Yamanaka (KTM); a falta de ocho, pas\u00f3 a \u00c1ngel Piqueras (Honda); a falta de siete tuvo que luchar mucho y bien para pasar a Daniel Holgado (GasGas), uno de sus rivales por el t\u00edtulo; a falta de seis, super\u00f3 al otro, Ivan Ortola) y, a falta de cuatro vueltas, dio cuenta del otro protagonista del d\u00eda, un gran, un inmenso, Adrian Fern\u00e1ndez (Honda), que acab\u00f3 tercero tras Collin Veijer (Husqvarna).<\/p>\n\n\n\n<p>Y, a partir de ah\u00ed, un mont\u00f3n de gritos de felicidad, un mont\u00f3n de fotos, paseo con la minimoto, n\u00ba 1 en su c\u00fapula, palo con las dos banderas y, sobre todo, paseo por el \u2018pit lane\u2019 donde todos, todos, los campeones del mundo de Marc M\u00e1rquez a \u2018Pecco Bagnaia, le felicitaron.<\/p>\n\n\n\n<blockquote class=\"wp-block-quote is-layout-flow wp-block-quote-is-layout-flow\">\n<h3 class=\"wp-block-heading\">\u00abAntes de acostarme, me fui al ba\u00f1o, me mir\u00e9 al espejo y escrib\u00ed un texto que empezaba &#8216;me miro a mi mismo y me digo, ma\u00f1ana vas a ser campe\u00f3n del mundo y se me aguaron los ojos&#8230;&#8217; Y, s\u00ed, por fin, he cumplido el sue\u00f1o de mi vida. No s\u00e9 si estoy preparado para todo esto, la verdad\u00bb<\/h3>\n\n\n\n<p>David Alonso<\/p>\n\n\n\n<p>\u2014 Nuevo campe\u00f3n de Moto 3<\/p>\n<\/blockquote>\n\n\n\n<p>Muchas l\u00e1grimas de emoci\u00f3n, por parte de Aspar, que reconoci\u00f3 sentirse \u201cmuy orgulloso por haber cogido un ni\u00f1o y convertirlo en campe\u00f3n, con una mentalidad ganadora y, pese a decirle que no pensase en el t\u00edtulo, estoy seguro que \u00e9l solo ten\u00eda en su mente ganar ganando\u201d.<\/p>\n\n\n\n<p>Y l\u00e1grimas, claro que s\u00ed, de sus dos maestros, primero Gino Borsoi, ahora en Prima Pramac de MotoGP, que asegur\u00f3 que \u201clo mejor de David son las ganas que tiene de aprender, de investigar, de trabajar duro, de preguntarlo todo para aprender y ser mejor cada d\u00eda\u201d. \u201cYo solo quiero decir una cosa: es much\u00edsimo mejor persona que piloto, as\u00ed que imaginaros c\u00f3mo es este muchach: una maravilla, un aut\u00e9ntico encanto\u201d.<\/p>\n\n\n\n<p>Tan encantador que, nada m\u00e1s bajar del podio, se acerc\u00f3 a Izaskun Ruiz, estrella de DAZN, le plant\u00f3 dos besazos y le dijo \u201choy es el d\u00eda de romper el protocolo\u201d. Y lo rompi\u00f3 tanto que ya, tras la primera pregunta, le solt\u00f3 a Izaskun todo lo que le quer\u00eda soltar.<\/p>\n\n\n\n<figure class=\"wp-block-image\"><img data-recalc-dims=\"1\" decoding=\"async\" src=\"https:\/\/i0.wp.com\/estaticos-cdn.prensaiberica.es\/clip\/ac93ee09-7c42-4685-89d4-8a0bb95e8ffc_alta-libre-aspect-ratio_default_0.jpg?w=640&#038;ssl=1\" alt=\"Motorcycling Grand Prix of Japan - Race\"\/><figcaption class=\"wp-element-caption\">Motorcycling Grand Prix of Japan &#8211; Race&nbsp;<strong>\/ EFE<\/strong><\/figcaption><\/figure>\n\n\n\n<p>\u201cAnoche, antes de irme a la cama en el hotel, empec\u00e9 a sentirme nervioso. Me fui al ba\u00f1o, me mir\u00e9 al espejo y, luego, me sent\u00e9 para escribir este texto, que le pas\u00e9 de inmediato a Vicente, mi jefe de prensa. \u00bfLo leo?\u201d, solt\u00f3 el nuevo y flamante campe\u00f3n. E Izaskun, claro, le dijo que por supuesto. Y lo ley\u00f3, pues lo ten\u00eda en su m\u00f3vil.<\/p>\n\n\n\n<p><\/p>\n\n\n\n<p>sport.es<\/p>\n","protected":false},"excerpt":{"rendered":"<p>Empieza a ser especial, empieza a ser \u00fanico, empieza dejar boquiabierto a todo el mundo. Todo el \u2018paddock\u2019 del&nbsp;Mundial de motociclismo&nbsp;sabe que est\u00e1 frente a un muchacho especial, diferente, elegido.&nbsp;David Alonso G\u00f3mez&nbsp;acaba de proclamarse nuevo, flamante y muy, muy, arrollador&nbsp;campe\u00f3n del mundo de Moto3, de momento con los n\u00fameros m\u00e1s alucinantes de la historia&nbsp;(10 victorias [&hellip;]<\/p>\n","protected":false},"author":1,"featured_media":173562,"comment_status":"closed","ping_status":"closed","sticky":false,"template":"","format":"standard","meta":{"_acf_changed":false,"_jetpack_memberships_contains_paid_content":false,"footnotes":"","jetpack_publicize_message":"","jetpack_publicize_feature_enabled":true,"jetpack_social_post_already_shared":true,"jetpack_social_options":{"image_generator_settings":{"template":"highway","default_image_id":0,"font":"","enabled":false},"version":2}},"categories":[10],"tags":[],"class_list":["post-173561","post","type-post","status-publish","format-standard","has-post-thumbnail","hentry","category-motos"],"acf":[],"jetpack_publicize_connections":[],"jetpack_featured_media_url":"https:\/\/i0.wp.com\/sportseco.com\/wp-content\/uploads\/2024\/10\/f2a872a3-f5e8-4403-8b9f-4f006bc2865e_source-aspect-ratio_default_0.webp?fit=2000%2C1333&ssl=1","jetpack_sharing_enabled":true,"_links":{"self":[{"href":"https:\/\/sportseco.com\/index.php?rest_route=\/wp\/v2\/posts\/173561","targetHints":{"allow":["GET"]}}],"collection":[{"href":"https:\/\/sportseco.com\/index.php?rest_route=\/wp\/v2\/posts"}],"about":[{"href":"https:\/\/sportseco.com\/index.php?rest_route=\/wp\/v2\/types\/post"}],"author":[{"embeddable":true,"href":"https:\/\/sportseco.com\/index.php?rest_route=\/wp\/v2\/users\/1"}],"replies":[{"embeddable":true,"href":"https:\/\/sportseco.com\/index.php?rest_route=%2Fwp%2Fv2%2Fcomments&post=173561"}],"version-history":[{"count":1,"href":"https:\/\/sportseco.com\/index.php?rest_route=\/wp\/v2\/posts\/173561\/revisions"}],"predecessor-version":[{"id":173563,"href":"https:\/\/sportseco.com\/index.php?rest_route=\/wp\/v2\/posts\/173561\/revisions\/173563"}],"wp:featuredmedia":[{"embeddable":true,"href":"https:\/\/sportseco.com\/index.php?rest_route=\/wp\/v2\/media\/173562"}],"wp:attachment":[{"href":"https:\/\/sportseco.com\/index.php?rest_route=%2Fwp%2Fv2%2Fmedia&parent=173561"}],"wp:term":[{"taxonomy":"category","embeddable":true,"href":"https:\/\/sportseco.com\/index.php?rest_route=%2Fwp%2Fv2%2Fcategories&post=173561"},{"taxonomy":"post_tag","embeddable":true,"href":"https:\/\/sportseco.com\/index.php?rest_route=%2Fwp%2Fv2%2Ftags&post=173561"}],"curies":[{"name":"wp","href":"https:\/\/api.w.org\/{rel}","templated":true}]}}