{"id":173970,"date":"2024-10-13T13:40:24","date_gmt":"2024-10-13T17:40:24","guid":{"rendered":"https:\/\/sportseco.com\/?p=173970"},"modified":"2024-10-13T13:40:30","modified_gmt":"2024-10-13T17:40:30","slug":"el-segundo-puesto-por-detras-de-tadej-sigue-siendo-un-resultado-remco-evenepoel-termina-2024-entre-lagrimas-con-una-gran-carrera-en-il-lombardia","status":"publish","type":"post","link":"https:\/\/sportseco.com\/?p=173970","title":{"rendered":"El segundo puesto por detr\u00e1s de Tadej sigue siendo un resultado\u00bb: Remco Evenepoel termina 2024 entre l\u00e1grimas con una gran carrera en Il Lombardia"},"content":{"rendered":"\n<p>Remco Evenepoel (Soudal-QuickStep) llor\u00f3 al cruzar la l\u00ednea de meta de Il Lombardia en Como. Las emociones de una temporada larga, dura pero enormemente satisfactoria salieron a la luz despu\u00e9s de un abrazo de su compa\u00f1ero Oumi, que viaj\u00f3 por sorpresa a Italia para verlo.<\/p>\n\n\n\n<p>El belga termin\u00f3 segundo a mucha distancia de Tadej Poga\u010dar (UAE Team Emirates), pero fue el mejor del resto. No pudo seguir a Poga\u010dar cuando atac\u00f3 en la Colma di Sormano, pero control\u00f3 su esfuerzo y luego distanci\u00f3 a Enric Mas (Movistar) y Lennert Van Eetvelt (Lotto-Dstny) antes de completar su propia carrera hasta la meta.<\/p>\n\n\n\n<p>Hace cuatro a\u00f1os, Evenepoel se estrell\u00f3 en el descenso de Sormano y vol\u00f3 sobre un puente hasta el lecho del r\u00edo. Espa\u00f1olSe fractur\u00f3 la cadera, pero podr\u00eda haberse lesionado gravemente.<\/p>\n\n\n\n<p>\u00abBrama, esto es para ti. Me salvaste la vida hace cuatro a\u00f1os\u00bb, le dijo Evenepoel al director deportivo Davide Bramati, que lo segu\u00eda de nuevo en el coche del equipo Soudal Quick-Step.<\/p>\n\n\n\n<p>\u00abCuando terminas segundo en una carrera tan dura pero tan prestigiosa, siempre hay muchas emociones\u00bb, explic\u00f3 Evenepoel m\u00e1s all\u00e1 de la l\u00ednea de meta.<\/p>\n\n\n\n<p>\u00abQuedar segundo aqu\u00ed se siente como una victoria personal. El segundo puesto detr\u00e1s de Tadej sigue siendo un resultado y confirma lo que puedo hacer y lo que he hecho esta temporada.<\/p>\n\n\n\n<p>\u00abEstoy contento con el segundo puesto. Predije que Tadej atacar\u00eda a unos seis kil\u00f3metros de la cima, en la parte m\u00e1s empinada del Cormano. No hab\u00eda nada que nadie pudiera hacer y no quer\u00eda arruinar la carrera intentando ir con \u00e9l. Control\u00e9 mi esfuerzo, pas\u00e9 por encima con Mas y Van Eetvelt y luego me fui solo en el descenso.<\/p>\n\n\n\n<p>\u00abFue dif\u00edcil mantener la potencia en los pedales y fue como una contrarreloj larga, pero disfrut\u00e9 del recorrido hasta la meta, eso despert\u00f3 mis emociones m\u00e1s all\u00e1 de la l\u00ednea de meta\u00bb.<\/p>\n\n\n\n<p>Evenepoel se dio un nueve sobre diez para su temporada 2024, destacando su actuaci\u00f3n y podio en el Tour de Francia, sus dos medallas de oro ol\u00edmpicas en Par\u00eds y su capacidad para recuperarse de su fractura de clav\u00edcula en Itzulia Basque Country en abril.<\/p>\n\n\n\n<p>No hay nada que Evenepoel, o aparentemente nadie, pueda hacer para vencer a Pog\u010dar, pero seguir\u00e1 trabajando y seguir\u00e1 intent\u00e1ndolo en 2025.<\/p>\n\n\n\n<p>\u00abLos resultados han sido los mismos desde el verano, desde el Tour de Francia hasta ahora\u00bb, dijo Evenepoel. \u00abLa actuaci\u00f3n de Tadej en Il Lombardia demostr\u00f3 lo fuerte que es. Solo estaba tratando de correr lo mejor que pod\u00eda\u00bb.<\/p>\n\n\n\n<p>El Soudal-QuickStep se reunir\u00e1 del 21 al 25 de octubre para planificar la temporada 2025, pero Evenepoel quiere disfrutar de unas merecidas vacaciones de final de temporada antes de pensar en 2025.<\/p>\n\n\n\n<p>\u00abTengo que seguir trabajando en mi escalada para las Grandes Vueltas. Esa es la primera tarea\u00bb, afirm\u00f3. \u00abTodav\u00eda no estoy pensando en 2025, quiero saborear mi temporada 2024 y disfrutar de mis vacaciones antes de pensar en 2025. El \u00fanico objetivo es tener otra gran temporada\u00bb.<\/p>\n\n\n\n<p><\/p>\n\n\n\n<p>cyclingnews.com<\/p>\n","protected":false},"excerpt":{"rendered":"<p>Remco Evenepoel (Soudal-QuickStep) llor\u00f3 al cruzar la l\u00ednea de meta de Il Lombardia en Como. Las emociones de una temporada larga, dura pero enormemente satisfactoria salieron a la luz despu\u00e9s de un abrazo de su compa\u00f1ero Oumi, que viaj\u00f3 por sorpresa a Italia para verlo. El belga termin\u00f3 segundo a mucha distancia de Tadej Poga\u010dar [&hellip;]<\/p>\n","protected":false},"author":1,"featured_media":173971,"comment_status":"closed","ping_status":"closed","sticky":false,"template":"","format":"standard","meta":{"_acf_changed":false,"_jetpack_memberships_contains_paid_content":false,"footnotes":"","jetpack_publicize_message":"","jetpack_publicize_feature_enabled":true,"jetpack_social_post_already_shared":true,"jetpack_social_options":{"image_generator_settings":{"template":"highway","default_image_id":0,"font":"","enabled":false},"version":2}},"categories":[14],"tags":[],"class_list":["post-173970","post","type-post","status-publish","format-standard","has-post-thumbnail","hentry","category-ciclismo"],"acf":[],"jetpack_publicize_connections":[],"jetpack_featured_media_url":"https:\/\/i0.wp.com\/sportseco.com\/wp-content\/uploads\/2024\/10\/4ZmtLCDqWMUDeYjcQA8GKJ-1024-80.jpg.webp?fit=1024%2C683&ssl=1","jetpack_sharing_enabled":true,"_links":{"self":[{"href":"https:\/\/sportseco.com\/index.php?rest_route=\/wp\/v2\/posts\/173970","targetHints":{"allow":["GET"]}}],"collection":[{"href":"https:\/\/sportseco.com\/index.php?rest_route=\/wp\/v2\/posts"}],"about":[{"href":"https:\/\/sportseco.com\/index.php?rest_route=\/wp\/v2\/types\/post"}],"author":[{"embeddable":true,"href":"https:\/\/sportseco.com\/index.php?rest_route=\/wp\/v2\/users\/1"}],"replies":[{"embeddable":true,"href":"https:\/\/sportseco.com\/index.php?rest_route=%2Fwp%2Fv2%2Fcomments&post=173970"}],"version-history":[{"count":1,"href":"https:\/\/sportseco.com\/index.php?rest_route=\/wp\/v2\/posts\/173970\/revisions"}],"predecessor-version":[{"id":173972,"href":"https:\/\/sportseco.com\/index.php?rest_route=\/wp\/v2\/posts\/173970\/revisions\/173972"}],"wp:featuredmedia":[{"embeddable":true,"href":"https:\/\/sportseco.com\/index.php?rest_route=\/wp\/v2\/media\/173971"}],"wp:attachment":[{"href":"https:\/\/sportseco.com\/index.php?rest_route=%2Fwp%2Fv2%2Fmedia&parent=173970"}],"wp:term":[{"taxonomy":"category","embeddable":true,"href":"https:\/\/sportseco.com\/index.php?rest_route=%2Fwp%2Fv2%2Fcategories&post=173970"},{"taxonomy":"post_tag","embeddable":true,"href":"https:\/\/sportseco.com\/index.php?rest_route=%2Fwp%2Fv2%2Ftags&post=173970"}],"curies":[{"name":"wp","href":"https:\/\/api.w.org\/{rel}","templated":true}]}}