{"id":174422,"date":"2024-10-21T08:39:14","date_gmt":"2024-10-21T12:39:14","guid":{"rendered":"https:\/\/sportseco.com\/?p=174422"},"modified":"2024-10-21T08:39:20","modified_gmt":"2024-10-21T12:39:20","slug":"sara-lopez-conquisto-su-noveno-titulo-mundial-en-tiro-con-arco","status":"publish","type":"post","link":"https:\/\/sportseco.com\/?p=174422","title":{"rendered":"Sara L\u00f3pez conquist\u00f3 su noveno t\u00edtulo mundial en tiro con arco\u00a0"},"content":{"rendered":"\n<figure class=\"wp-block-image\"><img data-recalc-dims=\"1\" height=\"360\" width=\"640\" decoding=\"async\" src=\"https:\/\/i0.wp.com\/olimpicocol.co\/web\/wp-content\/uploads\/2024\/10\/463786759_967467092081037_3024329963954309740_n-1200x675.jpg?resize=640%2C360&#038;ssl=1\" alt=\"\"\/><\/figure>\n\n\n\n<p>A sus 29 a\u00f1os, la arquera pereirana Sara L\u00f3pez ha vuelto a hacer historia en el Campeonato Mundial de Tiro con Arco, al conseguir su noveno t\u00edtulo mundial en la modalidad de arco compuesto. El torneo se celebr\u00f3 este fin de semana en Tlaxcala, M\u00e9xico, y la final fue un verdadero espect\u00e1culo en el que L\u00f3pez venci\u00f3 a la estonia Meeri-Marita Paas con un marcador de 147-146.&nbsp;<\/p>\n\n\n\n<p>Sara, que comenz\u00f3 a competir en los mundiales de arquer\u00eda en 2012 cuando ten\u00eda apenas 17 a\u00f1os, se mostr\u00f3 visiblemente emocionada al subir al podio, con l\u00e1grimas en los ojos mientras sonaba el himno de Colombia.&nbsp;<\/p>\n\n\n\n<p>En los primeros sets de la final, la colombiana no estuvo tan precisa y qued\u00f3 por detr\u00e1s en el marcador. Sin embargo, su experiencia y habilidad le permitieron remontar en las \u00faltimas rondas, logrando un tiro perfecto en el desenlace que sell\u00f3 su victoria. \u201cNo s\u00e9 realmente qu\u00e9 pas\u00f3 con esa \u00faltima flecha, la dispar\u00e9 sin pensar. Solo cuando escuch\u00e9 a mi entrenador gritar \u2018\u00a110!\u2019 me di cuenta de que le hab\u00eda dado al centro de la diana\u201d, coment\u00f3 L\u00f3pez tras la final.&nbsp;<\/p>\n\n\n\n<p>El triunfo de Sara L\u00f3pez no solo suma otro t\u00edtulo a su impresionante trayectoria, sino que tambi\u00e9n plantea la pregunta: \u00bfir\u00e1 por el d\u00e9cimo campeonato mundial? Aunque su futuro es incierto, L\u00f3pez mencion\u00f3 que planea centrarse m\u00e1s en competencias en espacios cerrados (Indoor) y no sabe si continuar\u00e1 compitiendo en exteriores. \u201cTal vez el pr\u00f3ximo a\u00f1o busque otro t\u00edtulo, pero para ser sincera no estoy segura\u201d, admiti\u00f3 la arquera.&nbsp;<\/p>\n\n\n\n<p>Desde su debut mundial en 2012, Sara ha conquistado finales en Lausana 2014, Ciudad de M\u00e9xico 2015, Roma 2017, Samsun 2018, Mosc\u00fa 2019, Yankton 2021, Tlaxcala 2022, Hermosillo 2023 y ahora Tlaxcala 2024. Adem\u00e1s de sus nueve&nbsp;t\u00edtulos mundiales, su palmar\u00e9s incluye cinco&nbsp;medallas de oro en campeonatos del mundoy dos&nbsp;en Juegos Mundiales Sara L\u00f3pez, con cada flecha que dispara, sigue escribiendo su leyenda en el mundo del tiro con arco.&nbsp;<\/p>\n\n\n\n<p><\/p>\n\n\n\n<p>olimpicocol.co<\/p>\n","protected":false},"excerpt":{"rendered":"<p>A sus 29 a\u00f1os, la arquera pereirana Sara L\u00f3pez ha vuelto a hacer historia en el Campeonato Mundial de Tiro con Arco, al conseguir su noveno t\u00edtulo mundial en la modalidad de arco compuesto. El torneo se celebr\u00f3 este fin de semana en Tlaxcala, M\u00e9xico, y la final fue un verdadero espect\u00e1culo en el que [&hellip;]<\/p>\n","protected":false},"author":1,"featured_media":174423,"comment_status":"closed","ping_status":"closed","sticky":false,"template":"","format":"standard","meta":{"_acf_changed":false,"_jetpack_memberships_contains_paid_content":false,"footnotes":"","jetpack_publicize_message":"","jetpack_publicize_feature_enabled":true,"jetpack_social_post_already_shared":true,"jetpack_social_options":{"image_generator_settings":{"template":"highway","default_image_id":0,"font":"","enabled":false},"version":2}},"categories":[15],"tags":[],"class_list":["post-174422","post","type-post","status-publish","format-standard","has-post-thumbnail","hentry","category-atletismo"],"acf":[],"jetpack_publicize_connections":[],"jetpack_featured_media_url":"https:\/\/i0.wp.com\/sportseco.com\/wp-content\/uploads\/2024\/10\/463786759_967467092081037_3024329963954309740_n.jpg?fit=1213%2C682&ssl=1","jetpack_sharing_enabled":true,"_links":{"self":[{"href":"https:\/\/sportseco.com\/index.php?rest_route=\/wp\/v2\/posts\/174422","targetHints":{"allow":["GET"]}}],"collection":[{"href":"https:\/\/sportseco.com\/index.php?rest_route=\/wp\/v2\/posts"}],"about":[{"href":"https:\/\/sportseco.com\/index.php?rest_route=\/wp\/v2\/types\/post"}],"author":[{"embeddable":true,"href":"https:\/\/sportseco.com\/index.php?rest_route=\/wp\/v2\/users\/1"}],"replies":[{"embeddable":true,"href":"https:\/\/sportseco.com\/index.php?rest_route=%2Fwp%2Fv2%2Fcomments&post=174422"}],"version-history":[{"count":1,"href":"https:\/\/sportseco.com\/index.php?rest_route=\/wp\/v2\/posts\/174422\/revisions"}],"predecessor-version":[{"id":174424,"href":"https:\/\/sportseco.com\/index.php?rest_route=\/wp\/v2\/posts\/174422\/revisions\/174424"}],"wp:featuredmedia":[{"embeddable":true,"href":"https:\/\/sportseco.com\/index.php?rest_route=\/wp\/v2\/media\/174423"}],"wp:attachment":[{"href":"https:\/\/sportseco.com\/index.php?rest_route=%2Fwp%2Fv2%2Fmedia&parent=174422"}],"wp:term":[{"taxonomy":"category","embeddable":true,"href":"https:\/\/sportseco.com\/index.php?rest_route=%2Fwp%2Fv2%2Fcategories&post=174422"},{"taxonomy":"post_tag","embeddable":true,"href":"https:\/\/sportseco.com\/index.php?rest_route=%2Fwp%2Fv2%2Ftags&post=174422"}],"curies":[{"name":"wp","href":"https:\/\/api.w.org\/{rel}","templated":true}]}}