{"id":174486,"date":"2024-10-22T09:32:11","date_gmt":"2024-10-22T13:32:11","guid":{"rendered":"https:\/\/sportseco.com\/?p=174486"},"modified":"2024-10-22T09:32:18","modified_gmt":"2024-10-22T13:32:18","slug":"primoz-roglic-no-se-da-por-vencido-ante-pogacar-y-vingegaard-en-el-tour-estara-sin-duda-en-mi-calendario","status":"publish","type":"post","link":"https:\/\/sportseco.com\/?p=174486","title":{"rendered":"Primoz Roglic no se da por vencido ante Pogacar y Vingegaard en el Tour: \u00abEstar\u00e1 sin duda en mi calendario\u00bb"},"content":{"rendered":"\n<p>Por<strong>Eurosport<\/strong><\/p>\n\n\n\n<h2 class=\"wp-block-heading\">Primoz Roglic no renuncia al Tour de Francia en 2025, pese a que recientemente brome\u00f3 sobre su pr\u00f3ximo calendario diciendo que har\u00eda lo posible por no coincidir con Tadej Pogacar. El esloveno afirma en una entrevista con el canal italiano Rai que volver\u00e1 a la gran vuelta que se le resiste, aunque tal vez no sea su gran objetivo del pr\u00f3ximo curso.<\/h2>\n\n\n\n<p>Del golpe en Villuercas a la reconquista en Moncalvillo: Los mejores momentos del ganador Roglic<\/p>\n\n\n\n<p>\u00abEl Tour estar\u00e1 sin duda en el calendario, pero no puedo decir si ser\u00e1 el objetivo principal. Quiz\u00e1 sea mejor que elija alguna otra carrera como objetivo y que el Tour simplemente pase. Hay suficientes carreras, encontrar\u00e9 mis retos\u00bb, comenta Roglic en el canal italiano.<\/p>\n\n\n\n<blockquote class=\"wp-block-quote is-layout-flow wp-block-quote-is-layout-flow\">\n<p>El Tour estar\u00e1 sin duda en el calendario, pero no puedo decir si ser\u00e1 el objetivo principal<\/p>\n<\/blockquote>\n\n\n\n<p>La ronda gala le es esquiva desde que perdiera el maillot amarillo ante Pogacar en 2020, en aquella fat\u00eddica contrarreloj en La Planche ante Tadej Pogacar. En sucesivas ediciones\u00a0<strong>las ca\u00eddas han sido una constante para \u00e9l<\/strong>, renunciando a cualquier posibilidad de victoria.<a href=\"https:\/\/espanol.eurosport.com\/ciclismo\/tour-de-francia\/2024\/presentacion-recorrido-fechas-horarios-perfiles-etapas-favortios-horario-donde-ver-tv-online-streaming_sto20043970\/story.shtml\"><\/a><\/p>\n\n\n\n<p>Entretanto, Roglic ha ganado la Vuelta a Espa\u00f1a en cuatro ocasiones y el Giro de Italia. En en esta entrevista en la Rai no desvela si acudir\u00e1 a la corsa rosa en 2025 o si por el contrario regresar\u00e1 a La Vuelta para intentar ser el \u00fanico ciclista en tener cinco t\u00edtulos.<\/p>\n\n\n\n<p>Respecto a su mal fario con las ca\u00eddas, Roglic mantiene mentalidad positiva: \u00abHay que intentarlo una y otra vez, pero sobre todo creo que tengo que tener en mente que las cosas volver\u00e1n a su sitio. As\u00ed es m\u00e1s f\u00e1cil seguir adelante\u00bb.<\/p>\n\n\n\n<h2 class=\"wp-block-heading\">No piensa en la retirada<\/h2>\n\n\n\n<p>\u00abNo pienso en la retirada, no es algo que me persiga. No pienso en d\u00f3nde ni en cu\u00e1nto, estoy aqu\u00ed y correr\u00e9 mientras tenga la motivaci\u00f3n para hacerlo, mientras correr me haga feliz. No quiero proyectar mis pensamientos demasiado lejos, vivo este momento d\u00eda a d\u00eda\u00bb, sostiene convencido Primoz Roglic.<\/p>\n\n\n\n<p><\/p>\n\n\n\n<p>eurosport.com<\/p>\n","protected":false},"excerpt":{"rendered":"<p>PorEurosport Primoz Roglic no renuncia al Tour de Francia en 2025, pese a que recientemente brome\u00f3 sobre su pr\u00f3ximo calendario diciendo que har\u00eda lo posible por no coincidir con Tadej Pogacar. El esloveno afirma en una entrevista con el canal italiano Rai que volver\u00e1 a la gran vuelta que se le resiste, aunque tal vez [&hellip;]<\/p>\n","protected":false},"author":1,"featured_media":174487,"comment_status":"closed","ping_status":"closed","sticky":false,"template":"","format":"standard","meta":{"_acf_changed":false,"_jetpack_memberships_contains_paid_content":false,"footnotes":"","jetpack_publicize_message":"","jetpack_publicize_feature_enabled":true,"jetpack_social_post_already_shared":true,"jetpack_social_options":{"image_generator_settings":{"template":"highway","default_image_id":0,"font":"","enabled":false},"version":2}},"categories":[14],"tags":[],"class_list":["post-174486","post","type-post","status-publish","format-standard","has-post-thumbnail","hentry","category-ciclismo"],"acf":[],"jetpack_publicize_connections":[],"jetpack_featured_media_url":"https:\/\/sportseco.com\/wp-content\/uploads\/2024\/10\/primoz-roglic-retrrato-ciclismo-scaled.avif","jetpack_sharing_enabled":true,"_links":{"self":[{"href":"https:\/\/sportseco.com\/index.php?rest_route=\/wp\/v2\/posts\/174486","targetHints":{"allow":["GET"]}}],"collection":[{"href":"https:\/\/sportseco.com\/index.php?rest_route=\/wp\/v2\/posts"}],"about":[{"href":"https:\/\/sportseco.com\/index.php?rest_route=\/wp\/v2\/types\/post"}],"author":[{"embeddable":true,"href":"https:\/\/sportseco.com\/index.php?rest_route=\/wp\/v2\/users\/1"}],"replies":[{"embeddable":true,"href":"https:\/\/sportseco.com\/index.php?rest_route=%2Fwp%2Fv2%2Fcomments&post=174486"}],"version-history":[{"count":1,"href":"https:\/\/sportseco.com\/index.php?rest_route=\/wp\/v2\/posts\/174486\/revisions"}],"predecessor-version":[{"id":174488,"href":"https:\/\/sportseco.com\/index.php?rest_route=\/wp\/v2\/posts\/174486\/revisions\/174488"}],"wp:featuredmedia":[{"embeddable":true,"href":"https:\/\/sportseco.com\/index.php?rest_route=\/wp\/v2\/media\/174487"}],"wp:attachment":[{"href":"https:\/\/sportseco.com\/index.php?rest_route=%2Fwp%2Fv2%2Fmedia&parent=174486"}],"wp:term":[{"taxonomy":"category","embeddable":true,"href":"https:\/\/sportseco.com\/index.php?rest_route=%2Fwp%2Fv2%2Fcategories&post=174486"},{"taxonomy":"post_tag","embeddable":true,"href":"https:\/\/sportseco.com\/index.php?rest_route=%2Fwp%2Fv2%2Ftags&post=174486"}],"curies":[{"name":"wp","href":"https:\/\/api.w.org\/{rel}","templated":true}]}}