{"id":174729,"date":"2024-10-27T16:03:53","date_gmt":"2024-10-27T20:03:53","guid":{"rendered":"https:\/\/sportseco.com\/?p=174729"},"modified":"2024-10-27T16:03:59","modified_gmt":"2024-10-27T20:03:59","slug":"no-reconocer-el-aporte-historico-de-las-comunidades-afrodescendientes-a-la-biodiversidad-es-obviar-su-riqueza-cultural-y-politica-ministra-muhamad","status":"publish","type":"post","link":"https:\/\/sportseco.com\/?p=174729","title":{"rendered":"No reconocer el aporte hist\u00f3rico de las comunidades afrodescendientes a la biodiversidad es obviar su riqueza cultural y pol\u00edtica: ministra Muhamad"},"content":{"rendered":"\n<p><strong>Cali, 26 de octubre de 2024<\/strong>\u00a0\u2013 Las comunidades afrodescendientes son protagonistas en la COP16 de biodiversidad, se celebr\u00f3 por primera vez el\u00a0<strong>Foro Internacional Afrodescendiente, un espacio hist\u00f3rico que ha reunido a l\u00edderes, representantes y activistas afrodescendientes de diferentes continentes del mundo<\/strong>\u00a0para discutir su inclusi\u00f3n y reconocimiento dentro del Convenio de Diversidad Biol\u00f3gica. Este foro, respaldado por la Secretar\u00eda del Convenio, representa un hito en la lucha por la justicia racial, \u00e9tnica y ambiental.<\/p>\n\n\n\n<p>La ministra de Ambiente de Colombia, Susana Muhamad, destac\u00f3 en su intervenci\u00f3n la importancia de este espacio y su relevancia dentro de la COP16. \u201c<em>Es ya un hecho ic\u00f3nico que este foro oficial, respaldado por la&nbsp;<a href=\"https:\/\/www.un.org\/es\/observances\/biodiversity-day\/convention\" target=\"_blank\" rel=\"noreferrer noopener\">Secretar\u00eda del Convenio de Diversidad Biol\u00f3gica,<\/a>&nbsp;se est\u00e9 llevando hoy aqu\u00ed en la Zona Azul. Esto implica que el tema no es perif\u00e9rico, sino que, gracias al compromiso del pueblo negro de Am\u00e9rica Latina, este tema ha logrado estar presente como un asunto de negociaci\u00f3n importante<\/em>\u201c, afirm\u00f3 Muhamad.<\/p>\n\n\n\n<blockquote class=\"wp-block-quote is-layout-flow wp-block-quote-is-layout-flow\">\n<p>Por primera vez, las comunidades afrodescendientes tienen un espacio oficial en la COP16 para discutir su rol en la conservaci\u00f3n de la biodiversidad.<\/p>\n<\/blockquote>\n\n\n\n<p><strong>La ministra tambi\u00e9n resalt\u00f3 el papel crucial que han tenido los pueblos afrodescendientes en la conservaci\u00f3n de la biodiversidad,<\/strong>&nbsp;recordando que las comunidades negras habitan ecosistemas estrat\u00e9gicos que aportan el 40% de la biodiversidad global. \u201c<em>No reconocer el aporte hist\u00f3rico de las comunidades negras a la biodiversidad es obviar una de las riquezas culturales y pol\u00edticas m\u00e1s importantes<\/em>\u201c, a\u00f1adi\u00f3 Muhamad.<\/p>\n\n\n\n<p>Por su parte, l<strong>a vicepresidenta de Colombia, Francia M\u00e1rquez, enfatiz\u00f3 en el trabajo arduo de los delegados afrodescendientes en las mesas de negociaci\u00f3n,<\/strong>&nbsp;se\u00f1alando el liderazgo de Jenny Bowen, jefa de la delegaci\u00f3n colombiana, y Tatiana Olmedo, una joven de 25 a\u00f1os que ha sido clave en la defensa de los derechos afrodescendientes dentro del convenio. \u201cEste esfuerzo afrodescendiente es hist\u00f3rico y su presencia en este foro es un acto de reparaci\u00f3n y justicia \u00e9tnico-racial\u201d, expres\u00f3 M\u00e1rquez.<\/p>\n\n\n\n<blockquote class=\"wp-block-quote is-layout-flow wp-block-quote-is-layout-flow\">\n<p>La ministra de Ambiente Susana Muhamad menciona que es necesario reconocer el aporte hist\u00f3rico de estas comunidades afrodescendientes en la protecci\u00f3n y conservaci\u00f3n de la naturaleza.<\/p>\n<\/blockquote>\n\n\n\n<h2 class=\"wp-block-heading\"><strong>Un papel hist\u00f3rico de las comunidades afrodescendientes<\/strong><\/h2>\n\n\n\n<p>Carolina Rocha, historiadora de Brasil, tambi\u00e9n intervino destacando que \u201cla organizaci\u00f3n del Foro es&nbsp;<a href=\"https:\/\/www.cop16colombia.com\/es\/presidenta-declaracion-amazonia-pueblos\/\">un momento hist\u00f3rico en la COP16,<\/a>&nbsp;con debates y narrativas muy importantes para la lucha de los pueblos negros en Am\u00e9rica Latina y en todo el mundo\u201d.<\/p>\n\n\n\n<p>Josefina Klinger Z\u00fa\u00f1iga, directora de la Corporaci\u00f3n Mano Cambiada, a\u00f1adi\u00f3: \u201cNosotros habitamos en los lugares m\u00e1s estrat\u00e9gicos donde la biodiversidad est\u00e1. Este foro no solo es un espacio de di\u00e1logo, es una reivindicaci\u00f3n para nuestras comunidades. Por fin, nuestras voces, nuestras luchas y nuestra relaci\u00f3n con la naturaleza est\u00e1n siendo reconocidas a nivel global.&nbsp;<strong>Aqu\u00ed estamos construyendo una nueva narrativa donde los pueblos afrodescendientes somos protagonistas de la conservaci\u00f3n\u201d.<\/strong><\/p>\n\n\n\n<p>El Foro Internacional Afrodescendiente en la COP16 marca un paso significativo hacia la<a href=\"https:\/\/www.cop16colombia.com\/es\/cop16-historico-acto-inaugural-colombia\/\">&nbsp;inclusi\u00f3n de los pueblos afrodescendientes dentro de los procesos de toma de decisiones globales,<\/a>&nbsp;reconociendo su papel fundamental en la protecci\u00f3n y conservaci\u00f3n de la biodiversidad mundial.<\/p>\n\n\n\n<blockquote class=\"wp-block-quote is-layout-flow wp-block-quote-is-layout-flow\">\n<p>La participaci\u00f3n afrodescendiente en la COP16 impulsa un paso hist\u00f3rico hacia el reconocimiento de sus derechos y aportes dentro del Convenio de Diversidad Biol\u00f3gica.<\/p>\n<\/blockquote>\n","protected":false},"excerpt":{"rendered":"<p>Cali, 26 de octubre de 2024\u00a0\u2013 Las comunidades afrodescendientes son protagonistas en la COP16 de biodiversidad, se celebr\u00f3 por primera vez el\u00a0Foro Internacional Afrodescendiente, un espacio hist\u00f3rico que ha reunido a l\u00edderes, representantes y activistas afrodescendientes de diferentes continentes del mundo\u00a0para discutir su inclusi\u00f3n y reconocimiento dentro del Convenio de Diversidad Biol\u00f3gica. Este foro, respaldado [&hellip;]<\/p>\n","protected":false},"author":1,"featured_media":174730,"comment_status":"closed","ping_status":"closed","sticky":false,"template":"","format":"standard","meta":{"_acf_changed":false,"_jetpack_memberships_contains_paid_content":false,"footnotes":"","jetpack_publicize_message":"","jetpack_publicize_feature_enabled":true,"jetpack_social_post_already_shared":true,"jetpack_social_options":{"image_generator_settings":{"template":"highway","default_image_id":0,"font":"","enabled":false},"version":2}},"categories":[1],"tags":[],"class_list":["post-174729","post","type-post","status-publish","format-standard","has-post-thumbnail","hentry","category-uncategorized"],"acf":[],"jetpack_publicize_connections":[],"jetpack_featured_media_url":"https:\/\/i0.wp.com\/sportseco.com\/wp-content\/uploads\/2024\/10\/COP16-Foro-Comunidades-Afrodescendientes-800x400-1.jpg?fit=800%2C400&ssl=1","jetpack_sharing_enabled":true,"_links":{"self":[{"href":"https:\/\/sportseco.com\/index.php?rest_route=\/wp\/v2\/posts\/174729","targetHints":{"allow":["GET"]}}],"collection":[{"href":"https:\/\/sportseco.com\/index.php?rest_route=\/wp\/v2\/posts"}],"about":[{"href":"https:\/\/sportseco.com\/index.php?rest_route=\/wp\/v2\/types\/post"}],"author":[{"embeddable":true,"href":"https:\/\/sportseco.com\/index.php?rest_route=\/wp\/v2\/users\/1"}],"replies":[{"embeddable":true,"href":"https:\/\/sportseco.com\/index.php?rest_route=%2Fwp%2Fv2%2Fcomments&post=174729"}],"version-history":[{"count":1,"href":"https:\/\/sportseco.com\/index.php?rest_route=\/wp\/v2\/posts\/174729\/revisions"}],"predecessor-version":[{"id":174731,"href":"https:\/\/sportseco.com\/index.php?rest_route=\/wp\/v2\/posts\/174729\/revisions\/174731"}],"wp:featuredmedia":[{"embeddable":true,"href":"https:\/\/sportseco.com\/index.php?rest_route=\/wp\/v2\/media\/174730"}],"wp:attachment":[{"href":"https:\/\/sportseco.com\/index.php?rest_route=%2Fwp%2Fv2%2Fmedia&parent=174729"}],"wp:term":[{"taxonomy":"category","embeddable":true,"href":"https:\/\/sportseco.com\/index.php?rest_route=%2Fwp%2Fv2%2Fcategories&post=174729"},{"taxonomy":"post_tag","embeddable":true,"href":"https:\/\/sportseco.com\/index.php?rest_route=%2Fwp%2Fv2%2Ftags&post=174729"}],"curies":[{"name":"wp","href":"https:\/\/api.w.org\/{rel}","templated":true}]}}