{"id":174751,"date":"2024-10-28T09:02:27","date_gmt":"2024-10-28T13:02:27","guid":{"rendered":"https:\/\/sportseco.com\/?p=174751"},"modified":"2024-10-28T09:02:57","modified_gmt":"2024-10-28T13:02:57","slug":"semana-mundial-de-la-alfabetizacion-mediatica-e-informacional-24-31-de-octubre-2","status":"publish","type":"post","link":"https:\/\/sportseco.com\/?p=174751","title":{"rendered":"Semana Mundial de la Alfabetizaci\u00f3n Medi\u00e1tica e Informacional, 24-31 de octubre"},"content":{"rendered":"\n<h2 class=\"wp-block-heading\">Nuevas fronteras digitales: Alfabetizaci\u00f3n informativa y medi\u00e1tica para el inter\u00e9s p\u00fablico<\/h2>\n\n\n\n<p>El tema de este a\u00f1o, \u00abLas nuevas fronteras digitales de la informaci\u00f3n: Alfabetizaci\u00f3n medi\u00e1tica e informacional para la informaci\u00f3n de inter\u00e9s p\u00fablico\u00bb destaca la importancia de dotar a las personas de habilidades de pensamiento cr\u00edtico en el ecosistema digital actual. Las plataformas digitales han revolucionado la forma de crear, consumir y compartir informaci\u00f3n, lo que plantea nuevos retos a la hora de discernir cu\u00e1les son los contenidos fiables.<\/p>\n\n\n\n<p>La aparici\u00f3n de la inteligencia artificial generativa difumina a\u00fan m\u00e1s las fronteras entre los contenidos creados por el ser humano y los generados por la inteligencia artificial, lo que requiere nuevas competencias y un esp\u00edritu m\u00e1s cr\u00edtico. Es un momento crucial para que las personas den forma a los espacios digitales que habitan y contribuyan a un ecosistema de informaci\u00f3n m\u00e1s inclusivo y resiliente.<\/p>\n\n\n\n<p><strong>Semana Mundial de la Alfabetizaci\u00f3n Medi\u00e1tica e Informacional<\/strong><br \/>Este a\u00f1o la&nbsp;<a href=\"https:\/\/www.unesco.org\/es\/articles\/celebracion-de-la-semana-mundial-de-la-alfabetizacion-mediatica-e-informacional-2024?hub=750\">Semana<\/a>&nbsp;se celebra en la ciudad de Amm\u00e1n (Jordania).<\/p>\n\n\n\n<p><strong><a href=\"https:\/\/www.unesco.org\/en\/articles\/global-media-and-information-literacy-week-feature-conference-2024\">Conferencia de la Semana Mundial de la Alfabetizaci\u00f3n Medi\u00e1tica e Informacional 2024<\/a><br \/>Las nuevas fronteras digitales de la informaci\u00f3n: Alfabetizaci\u00f3n medi\u00e1tica e informacional para la informaci\u00f3n de inter\u00e9s p\u00fablico<\/strong><\/p>\n\n\n\n<p><strong>30 de octubre de 2024,&nbsp; a las&nbsp;9:00 horas, y 31 de octubre de 2024, a las 18:00 horas (hora de Jordania, GMT+3)<\/strong><\/p>\n\n\n\n<h3 class=\"wp-block-heading\">Antecedentes<\/h3>\n\n\n\n<p>En 2021 la Asamblea General de las Naciones Unidas&nbsp;<a href=\"https:\/\/undocs.org\/en\/A\/RES\/75\/267\">decidi\u00f3<\/a><a href=\"https:\/\/undocs.org\/es\/A\/RES\/75\/267\">&nbsp;conmemorar oficialmente esta semana<\/a>, con el fin de visibilizar la necesidad de difundir informaci\u00f3n f\u00e1ctica, oportuna, espec\u00edfica, clara, accesible, multiling\u00fce y con base cient\u00edfica. La resoluci\u00f3n reconoce que la importante brecha digital y las desigualdades de datos que existen entre los diferentes pa\u00edses y dentro de ellos pueden abordarse, en parte, mejorando las competencias de las personas para buscar, recibir e impartir informaci\u00f3n en el \u00e1mbito digital.<\/p>\n\n\n\n<p>En el ecosistema actual de mensajes complejos, a veces, contradictorios, es dif\u00edcil concebir que se avance en el bienestar global, si el p\u00fablico est\u00e1 desempoderado frente a las oportunidades y amenazas. Cada individuo debe estar provisto de competencias en alfabetizaci\u00f3n medi\u00e1tica e informacional para comprender lo que est\u00e1 en juego, as\u00ed como para contribuir y beneficiarse de las oportunidades de informaci\u00f3n y comunicaci\u00f3n.<\/p>\n\n\n\n<h3 class=\"wp-block-heading\">\u00bfQu\u00e9 es la alfabetizaci\u00f3n medi\u00e1tica e informacional?<\/h3>\n\n\n\n<p>Nuestros cerebros dependen de la informaci\u00f3n para funcionar de manera \u00f3ptima. La calidad de la informaci\u00f3n con la que nos relacionamos determina en gran medida nuestras percepciones, creencias y actitudes; ya sea informaci\u00f3n de otras personas, de los medios de comunicaci\u00f3n, de las bibliotecas, archivos, museos, editoriales u otros proveedores de informaci\u00f3n, incluidos los que est\u00e1n en Internet.<\/p>\n\n\n\n<p>En todo el mundo, se ha dado un aumento dr\u00e1stico en el acceso a la informaci\u00f3n y la comunicaci\u00f3n. Mientras que algunas personas est\u00e1n hambrientas de informaci\u00f3n, otras est\u00e1n inundadas de contenido impreso, de transmisi\u00f3n y digital. La alfabetizaci\u00f3n medi\u00e1tica e informacional proporciona respuestas a las preguntas que todos nos hacemos en alg\u00fan momento. \u00bfC\u00f3mo podemos acceder, buscar, evaluar cr\u00edticamente, usar y aportar contenido de manera inteligente, tanto en l\u00ednea como fuera de ella? \u00bfCu\u00e1les son nuestros derechos en el mundo digital y fuera de \u00e9l? \u00bfCu\u00e1les son los problemas \u00e9ticos que rodean el acceso y uso de la informaci\u00f3n? \u00bfC\u00f3mo podemos relacionarnos con los medios y las tecnolog\u00edas de la informaci\u00f3n y la comunicaci\u00f3n (TIC) para promover la igualdad, el di\u00e1logo intercultural e interreligioso, la paz, la libertad de expresi\u00f3n y el acceso a la informaci\u00f3n?<\/p>\n\n\n\n<p>A trav\u00e9s de los recursos de creaci\u00f3n de capacidad, como el&nbsp;<a href=\"http:\/\/unesco.mil-for-teachers.unaoc.org\/prologo\/unificando-nociones-de-alfabetizacion-mediatica-e-informacional\/?lang=es\">desarrollo de planes de estudio<\/a>,&nbsp;<a href=\"https:\/\/www.unesco.org\/es\/media-information-literacy\/policy-strategy\">directrices y articulaci\u00f3n de pol\u00edticas<\/a>, y un marco de evaluaci\u00f3n, la UNESCO apoya el desarrollo de competencias de este tipo de alfabetizaci\u00f3n entre las personas.<\/p>\n\n\n\n<p><\/p>\n\n\n\n<p>un.org<\/p>\n","protected":false},"excerpt":{"rendered":"<p>Nuevas fronteras digitales: Alfabetizaci\u00f3n informativa y medi\u00e1tica para el inter\u00e9s p\u00fablico El tema de este a\u00f1o, \u00abLas nuevas fronteras digitales de la informaci\u00f3n: Alfabetizaci\u00f3n medi\u00e1tica e informacional para la informaci\u00f3n de inter\u00e9s p\u00fablico\u00bb destaca la importancia de dotar a las personas de habilidades de pensamiento cr\u00edtico en el ecosistema digital actual. Las plataformas digitales han [&hellip;]<\/p>\n","protected":false},"author":1,"featured_media":174752,"comment_status":"closed","ping_status":"closed","sticky":false,"template":"","format":"standard","meta":{"_acf_changed":false,"_jetpack_memberships_contains_paid_content":false,"footnotes":"","jetpack_publicize_message":"","jetpack_publicize_feature_enabled":true,"jetpack_social_post_already_shared":true,"jetpack_social_options":{"image_generator_settings":{"template":"highway","default_image_id":0,"font":"","enabled":false},"version":2}},"categories":[6],"tags":[],"class_list":["post-174751","post","type-post","status-publish","format-standard","has-post-thumbnail","hentry","category-ecologia"],"acf":[],"jetpack_publicize_connections":[],"jetpack_featured_media_url":"https:\/\/i0.wp.com\/sportseco.com\/wp-content\/uploads\/2024\/10\/media-literacy-week-2024.jpg?fit=1350%2C500&ssl=1","jetpack_sharing_enabled":true,"_links":{"self":[{"href":"https:\/\/sportseco.com\/index.php?rest_route=\/wp\/v2\/posts\/174751","targetHints":{"allow":["GET"]}}],"collection":[{"href":"https:\/\/sportseco.com\/index.php?rest_route=\/wp\/v2\/posts"}],"about":[{"href":"https:\/\/sportseco.com\/index.php?rest_route=\/wp\/v2\/types\/post"}],"author":[{"embeddable":true,"href":"https:\/\/sportseco.com\/index.php?rest_route=\/wp\/v2\/users\/1"}],"replies":[{"embeddable":true,"href":"https:\/\/sportseco.com\/index.php?rest_route=%2Fwp%2Fv2%2Fcomments&post=174751"}],"version-history":[{"count":2,"href":"https:\/\/sportseco.com\/index.php?rest_route=\/wp\/v2\/posts\/174751\/revisions"}],"predecessor-version":[{"id":174754,"href":"https:\/\/sportseco.com\/index.php?rest_route=\/wp\/v2\/posts\/174751\/revisions\/174754"}],"wp:featuredmedia":[{"embeddable":true,"href":"https:\/\/sportseco.com\/index.php?rest_route=\/wp\/v2\/media\/174752"}],"wp:attachment":[{"href":"https:\/\/sportseco.com\/index.php?rest_route=%2Fwp%2Fv2%2Fmedia&parent=174751"}],"wp:term":[{"taxonomy":"category","embeddable":true,"href":"https:\/\/sportseco.com\/index.php?rest_route=%2Fwp%2Fv2%2Fcategories&post=174751"},{"taxonomy":"post_tag","embeddable":true,"href":"https:\/\/sportseco.com\/index.php?rest_route=%2Fwp%2Fv2%2Ftags&post=174751"}],"curies":[{"name":"wp","href":"https:\/\/api.w.org\/{rel}","templated":true}]}}