{"id":174772,"date":"2024-10-28T10:27:58","date_gmt":"2024-10-28T14:27:58","guid":{"rendered":"https:\/\/sportseco.com\/?p=174772"},"modified":"2024-10-28T10:28:03","modified_gmt":"2024-10-28T14:28:03","slug":"colombia-y-costa-rica-anuncian-creacion-de-fondo-para-financiar-la-proteccion-del-choco","status":"publish","type":"post","link":"https:\/\/sportseco.com\/?p=174772","title":{"rendered":"Colombia y Costa Rica anuncian creaci\u00f3n de fondo para financiar la protecci\u00f3n del Choc\u00f3"},"content":{"rendered":"\n<p><strong>Cali (Colombia), (EFEverde).- Los cancilleres de Colombia y Costa Rica, Luis Gilberto Murillo y Arnoldo Andr\u00e9, respectivamente, anunciaron este domingo la creaci\u00f3n del fondo para financiar la protecci\u00f3n de la biodiversidad en el Choc\u00f3 Biogeogr\u00e1fico, que abarca la costa Pac\u00edfica desde Panam\u00e1 a Per\u00fa.<\/strong><\/p>\n\n\n\n<p>De acuerdo con Murillo, este anuncio da inicio al \u00absegmento de alto nivel\u00bb de la COP16 de Cali, que tendr\u00e1 lugar esta pr\u00f3xima semana donde se espera que se intensifiquen los di\u00e1logos y las negociaciones a favor de la biodiversidad.<\/p>\n\n\n\n<p>Seg\u00fan los diplom\u00e1ticos, ya trabajan de la mano con los gobiernos de Costa Rica, Panam\u00e1, Colombia y Ecuador, para velar por el cuidado de los ecosistemas mar\u00edtimos, de costa y los bosques.<\/p>\n\n\n\n<p>\u201cEste corredor es uno de los m\u00e1s biodiversos del mundo por su alto endemismo, lo que representa un alto inter\u00e9s para el mundo entero, de igual manera, trabajamos juntos en acciones con la protecci\u00f3n que se realiza a trav\u00e9s del CMAR (Corredor Marino del Pac\u00edfico Este Tropical)\u201d, precis\u00f3 Murillo, que proviene del departamento del Choc\u00f3 colombiano.<\/p>\n\n\n\n<p>El canciller indic\u00f3 que este fondo multinacional permitir\u00e1 movilizar recursos que beneficien a las comunidades negras, ind\u00edgenas y campesinas que \u201ctienen el cuidado de la biodiversidad entre sus apuestas culturales\u201d.<\/p>\n\n\n\n<p>De acuerdo con el canciller de Costa Rica, el fondo ser\u00e1 discutido con otros gobiernos en el marco de la COP16 y esperan \u201cque sean muchos\u201d los recursos que logren gestionar.<\/p>\n\n\n\n<p>\u201cInvitaremos al CAF (Banco de Desarrollo de Am\u00e9rica Latina y el Caribe) para que administre los eventuales recursos para el beneficio de la biodiversidad y las poblaciones locales\u201d, cont\u00f3 Andr\u00e9.<\/p>\n\n\n\n<h2 class=\"wp-block-heading\">Migraci\u00f3n tambi\u00e9n en la agenda<\/h2>\n\n\n\n<p>El vicecanciller de Colombia, Jorge Rojas, asegur\u00f3 que en el marco de las negociaciones se hablar\u00e1 de la migraci\u00f3n desbordada como un tema clave para las estrategias en el cuidado del medioambiente.<\/p>\n\n\n\n<p>\u201cAcordamos con Costa Rica que el ordenamiento y la regulaci\u00f3n de las migraciones es muy importante, donde revisaremos temas como el Tap\u00f3n del Dari\u00e9n en Panam\u00e1, adem\u00e1s de los dem\u00e1s pa\u00edses de Centro Am\u00e9rica y Estados Unidos\u201d, indic\u00f3 Rojas.<\/p>\n\n\n\n<p>La frontera entre Colombia y Panam\u00e1, integrada en el Choc\u00f3 Biogeogr\u00e1fico, se ha convertido en el paso migratorio de decenas de miles de personas que intentan llegar a Estados Unidos por la peligrosa selva del Dari\u00e9n.<\/p>\n\n\n\n<p>Finalmente, ambos gobiernos confirmaron que seguir\u00e1n en reuniones bilaterales en la Zona Azul de la COP16 donde tambi\u00e9n abordar\u00e1n temas como el turismo ecol\u00f3gico y comunitario. EFE<\/p>\n","protected":false},"excerpt":{"rendered":"<p>Cali (Colombia), (EFEverde).- Los cancilleres de Colombia y Costa Rica, Luis Gilberto Murillo y Arnoldo Andr\u00e9, respectivamente, anunciaron este domingo la creaci\u00f3n del fondo para financiar la protecci\u00f3n de la biodiversidad en el Choc\u00f3 Biogeogr\u00e1fico, que abarca la costa Pac\u00edfica desde Panam\u00e1 a Per\u00fa. De acuerdo con Murillo, este anuncio da inicio al \u00absegmento de [&hellip;]<\/p>\n","protected":false},"author":1,"featured_media":174773,"comment_status":"closed","ping_status":"closed","sticky":false,"template":"","format":"standard","meta":{"_acf_changed":false,"_jetpack_memberships_contains_paid_content":false,"footnotes":"","jetpack_publicize_message":"","jetpack_publicize_feature_enabled":true,"jetpack_social_post_already_shared":true,"jetpack_social_options":{"image_generator_settings":{"template":"highway","default_image_id":0,"font":"","enabled":false},"version":2}},"categories":[6],"tags":[],"class_list":["post-174772","post","type-post","status-publish","format-standard","has-post-thumbnail","hentry","category-ecologia"],"acf":[],"jetpack_publicize_connections":[],"jetpack_featured_media_url":"https:\/\/i0.wp.com\/sportseco.com\/wp-content\/uploads\/2024\/10\/AME1871-COLOMBIA-COP16-BIODIVERSIDAD.jpg?fit=1920%2C1340&ssl=1","jetpack_sharing_enabled":true,"_links":{"self":[{"href":"https:\/\/sportseco.com\/index.php?rest_route=\/wp\/v2\/posts\/174772","targetHints":{"allow":["GET"]}}],"collection":[{"href":"https:\/\/sportseco.com\/index.php?rest_route=\/wp\/v2\/posts"}],"about":[{"href":"https:\/\/sportseco.com\/index.php?rest_route=\/wp\/v2\/types\/post"}],"author":[{"embeddable":true,"href":"https:\/\/sportseco.com\/index.php?rest_route=\/wp\/v2\/users\/1"}],"replies":[{"embeddable":true,"href":"https:\/\/sportseco.com\/index.php?rest_route=%2Fwp%2Fv2%2Fcomments&post=174772"}],"version-history":[{"count":1,"href":"https:\/\/sportseco.com\/index.php?rest_route=\/wp\/v2\/posts\/174772\/revisions"}],"predecessor-version":[{"id":174774,"href":"https:\/\/sportseco.com\/index.php?rest_route=\/wp\/v2\/posts\/174772\/revisions\/174774"}],"wp:featuredmedia":[{"embeddable":true,"href":"https:\/\/sportseco.com\/index.php?rest_route=\/wp\/v2\/media\/174773"}],"wp:attachment":[{"href":"https:\/\/sportseco.com\/index.php?rest_route=%2Fwp%2Fv2%2Fmedia&parent=174772"}],"wp:term":[{"taxonomy":"category","embeddable":true,"href":"https:\/\/sportseco.com\/index.php?rest_route=%2Fwp%2Fv2%2Fcategories&post=174772"},{"taxonomy":"post_tag","embeddable":true,"href":"https:\/\/sportseco.com\/index.php?rest_route=%2Fwp%2Fv2%2Ftags&post=174772"}],"curies":[{"name":"wp","href":"https:\/\/api.w.org\/{rel}","templated":true}]}}