{"id":174801,"date":"2024-10-28T18:53:32","date_gmt":"2024-10-28T22:53:32","guid":{"rendered":"https:\/\/sportseco.com\/?p=174801"},"modified":"2024-10-28T18:53:38","modified_gmt":"2024-10-28T22:53:38","slug":"alcaldia-de-cali-se-suma-a-la-meta-de-construir-el-mural-de-tapas-plasticas-mas-grande-del-mundo","status":"publish","type":"post","link":"https:\/\/sportseco.com\/?p=174801","title":{"rendered":"Alcald\u00eda de Cali se suma a la meta de construir el mural de tapas pl\u00e1sticas m\u00e1s grande del mundo"},"content":{"rendered":"\n<figure class=\"wp-block-image\"><img data-recalc-dims=\"1\" decoding=\"async\" src=\"https:\/\/i0.wp.com\/www.cali.gov.co\/serviciospublicos\/publicaciones\/183463\/alcaldia-de-cali-se-suma-a-la-meta-de-construir-el-mural-de-tapas--plasticas-mas-grande-del-mundo\/info\/principal\/media\/pubInt\/thumbs\/thpub_700X400_183463.jpg?w=640&#038;ssl=1\" alt=\"Alcald\u00eda de Cali se suma a la meta de construir el mural de tapas  pl\u00e1sticas m\u00e1s grande del mundo\"\/><\/figure>\n\n\n\n<p>50 contenedores estar\u00e1n dispuestos en lo que resta de la COP16. 46 se ubicar\u00e1n en la \u2018Zona Verde\u2019, dos en la Unidad Deportiva Alberto Galindo y dos m\u00e1s en el Bulevar de Oriente.<\/p>\n\n\n\n<blockquote class=\"wp-block-quote is-layout-flow wp-block-quote-is-layout-flow\">\n<ul class=\"wp-block-list\">\n<li><em>La campa\u00f1a \u2018Cada tapa cuenta\u2019 se propone recolectar 4 millones de tapas pl\u00e1sticas para lograr un R\u00e9cord Guinness.<\/em><br \/>\u00a0<\/li>\n\n\n\n<li><em>La Unidad Administrativa Especial de Servicios P\u00fablicos (Uaesp), dispondr\u00e1 de 50 contenedores para que cale\u00f1os y visitantes depositen las tapas pl\u00e1sticas.<\/em><br \/>\u00a0<\/li>\n\n\n\n<li><em>El monumental mural tendr\u00e1 un \u00e1rea de 550 metros cuadrados, ser\u00e1 una obra de arte en 3D para Buenaventura, creada a partir de la uni\u00f3n de la ciudadan\u00eda y el compromiso con el medio ambiente.<\/em><\/li>\n<\/ul>\n<\/blockquote>\n\n\n\n<p><strong>Santiago de Cali, 28 de octubre de 2024<\/strong><br \/><br \/>La Alcald\u00eda de Cali se une a la campa\u00f1a&nbsp;<em>\u2018Cada tapa cuenta\u2019<\/em>, liderada por la&nbsp;<em>Fundaci\u00f3n Buenaventura Siembra Esperanza<\/em>, que busca construir el mural de tapas pl\u00e1sticas m\u00e1s grande del mundo en el principal puerto mar\u00edtimo del Pac\u00edfico colombiano. Para alcanzar este&nbsp;<em>R\u00e9cord Guinness<\/em>&nbsp;ser\u00e1 necesario recolectar&nbsp;<em>4 millones de tapas pl\u00e1sticas<\/em>, que representar\u00e1n la uni\u00f3n del arte, la conciencia ambiental, la cultura ciudadana y el fortalecimiento de lazos entre los dos distritos especiales.<br \/><br \/>La Administraci\u00f3n Distrital, que lidera el alcalde Alejandro Eder, a trav\u00e9s de la Unidad Administrativa Especial de Servicios P\u00fablicos (<em>Uaesp<\/em>), instalar\u00e1&nbsp;<em>50 contenedores<\/em>&nbsp;en Cali. La iniciativa se desplegar\u00e1 en la&nbsp;<em>\u2018Zona Verde\u2019<\/em>&nbsp;de la&nbsp;<em>COP16<\/em>, que abarca desde la Plaza de Cayzedo hasta el Bulevar del R\u00edo; al igual que en otros puntos estrat\u00e9gicos como el Bulevar de Oriente y la Unidad Deportiva Alberto Galindo.<br \/><br \/>Una vez finalice la&nbsp;<em>COP16<\/em>, estos contenedores estar\u00e1n disponibles en centros comerciales como&nbsp;<em>Pacific Center<\/em>&nbsp;y en otros espacios de f\u00e1cil acceso, ampliando las posibilidades de participaci\u00f3n de la ciudadan\u00eda.<br \/><br \/><em>\u201cLa COP16 es un nuevo punto de partida para Cali; es el inicio de una verdadera transformaci\u00f3n ambiental en la ciudad. Con \u2018Cada tapa cuenta\u2019, avanzamos hacia la construcci\u00f3n de una Cali verde, sostenible y ambientalmente responsable. Todos jugamos un papel importante en este objetivo\u201d<\/em>, indic\u00f3 Camilo Murcia, director t\u00e9cnico de la&nbsp;<em>Uaesp<\/em>, quien invit\u00f3 a la ciudadan\u00eda a identificar los&nbsp;<em>contenedores verdes<\/em>&nbsp;marcados con el lema de la campa\u00f1a.<br \/><br \/>Alexis Franco, barbero profesional, calific\u00f3 como&nbsp;<em>\u201cmaravillosa\u201d<\/em>&nbsp;la iniciativa.&nbsp;<em>\u201cDe esta manera nos estamos concientizando, principalmente a nuestros peque\u00f1os, sobre cuidar el medioambiente y a nuestro planeta\u201d,<\/em>&nbsp;opin\u00f3.<br \/><br \/>Este proyecto es un ejemplo de c\u00f3mo el arte y el reciclaje convergen para generar conciencia y hacer historia. La Unidad Administrativa Especial de Servicios P\u00fablicos invita a todos los cale\u00f1os a unirse a esta campa\u00f1a, demostrando que, efectivamente,&nbsp;<em>cada tapa cuenta<\/em>&nbsp;para construir un futuro m\u00e1s limpio y sostenible.<br \/><br \/><strong>Detalles del mural<\/strong><\/p>\n\n\n\n<ul class=\"wp-block-list\">\n<li>Ser\u00e1 dise\u00f1ado como una obra de arte en 3D.<br \/>\u00a0<\/li>\n\n\n\n<li>Tendr\u00e1 550 metros cuadrados de \u00e1rea.<br \/>\u00a0<\/li>\n\n\n\n<li>Se convertir\u00e1 en un s\u00edmbolo de colaboraci\u00f3n y conciencia ambiental que quedar\u00e1 como legado para Buenaventura.<br \/>\u00a0<\/li>\n\n\n\n<li>La C\u00e1mara de Comercio de Buenaventura, Sura, artistas y la comunidad, tambi\u00e9n se han unido a este esfuerzo, sumando sus talentos y compromiso con la biodiversidad y la sostenibilidad.<\/li>\n<\/ul>\n\n\n\n<figure class=\"wp-block-image size-full\"><img data-recalc-dims=\"1\" loading=\"lazy\" decoding=\"async\" width=\"533\" height=\"400\" src=\"https:\/\/i0.wp.com\/sportseco.com\/wp-content\/uploads\/2024\/10\/thgaleria_700X400_311843.jpg?resize=533%2C400&#038;ssl=1\" alt=\"\" class=\"wp-image-174803\" srcset=\"https:\/\/i0.wp.com\/sportseco.com\/wp-content\/uploads\/2024\/10\/thgaleria_700X400_311843.jpg?w=533&amp;ssl=1 533w, https:\/\/i0.wp.com\/sportseco.com\/wp-content\/uploads\/2024\/10\/thgaleria_700X400_311843.jpg?resize=300%2C225&amp;ssl=1 300w\" sizes=\"auto, (max-width: 533px) 100vw, 533px\" \/><\/figure>\n\n\n\n<p>cali.gov.co<\/p>\n","protected":false},"excerpt":{"rendered":"<p>50 contenedores estar\u00e1n dispuestos en lo que resta de la COP16. 46 se ubicar\u00e1n en la \u2018Zona Verde\u2019, dos en la Unidad Deportiva Alberto Galindo y dos m\u00e1s en el Bulevar de Oriente. Santiago de Cali, 28 de octubre de 2024 La Alcald\u00eda de Cali se une a la campa\u00f1a&nbsp;\u2018Cada tapa cuenta\u2019, liderada por la&nbsp;Fundaci\u00f3n [&hellip;]<\/p>\n","protected":false},"author":1,"featured_media":174802,"comment_status":"closed","ping_status":"closed","sticky":false,"template":"","format":"standard","meta":{"_acf_changed":false,"_jetpack_memberships_contains_paid_content":false,"footnotes":"","jetpack_publicize_message":"","jetpack_publicize_feature_enabled":true,"jetpack_social_post_already_shared":true,"jetpack_social_options":{"image_generator_settings":{"template":"highway","default_image_id":0,"font":"","enabled":false},"version":2}},"categories":[1],"tags":[],"class_list":["post-174801","post","type-post","status-publish","format-standard","has-post-thumbnail","hentry","category-uncategorized"],"acf":[],"jetpack_publicize_connections":[],"jetpack_featured_media_url":"https:\/\/i0.wp.com\/sportseco.com\/wp-content\/uploads\/2024\/10\/thgaleria_700X400_311844.jpg?fit=533%2C400&ssl=1","jetpack_sharing_enabled":true,"_links":{"self":[{"href":"https:\/\/sportseco.com\/index.php?rest_route=\/wp\/v2\/posts\/174801","targetHints":{"allow":["GET"]}}],"collection":[{"href":"https:\/\/sportseco.com\/index.php?rest_route=\/wp\/v2\/posts"}],"about":[{"href":"https:\/\/sportseco.com\/index.php?rest_route=\/wp\/v2\/types\/post"}],"author":[{"embeddable":true,"href":"https:\/\/sportseco.com\/index.php?rest_route=\/wp\/v2\/users\/1"}],"replies":[{"embeddable":true,"href":"https:\/\/sportseco.com\/index.php?rest_route=%2Fwp%2Fv2%2Fcomments&post=174801"}],"version-history":[{"count":1,"href":"https:\/\/sportseco.com\/index.php?rest_route=\/wp\/v2\/posts\/174801\/revisions"}],"predecessor-version":[{"id":174804,"href":"https:\/\/sportseco.com\/index.php?rest_route=\/wp\/v2\/posts\/174801\/revisions\/174804"}],"wp:featuredmedia":[{"embeddable":true,"href":"https:\/\/sportseco.com\/index.php?rest_route=\/wp\/v2\/media\/174802"}],"wp:attachment":[{"href":"https:\/\/sportseco.com\/index.php?rest_route=%2Fwp%2Fv2%2Fmedia&parent=174801"}],"wp:term":[{"taxonomy":"category","embeddable":true,"href":"https:\/\/sportseco.com\/index.php?rest_route=%2Fwp%2Fv2%2Fcategories&post=174801"},{"taxonomy":"post_tag","embeddable":true,"href":"https:\/\/sportseco.com\/index.php?rest_route=%2Fwp%2Fv2%2Ftags&post=174801"}],"curies":[{"name":"wp","href":"https:\/\/api.w.org\/{rel}","templated":true}]}}