{"id":174812,"date":"2024-10-29T08:16:21","date_gmt":"2024-10-29T12:16:21","guid":{"rendered":"https:\/\/sportseco.com\/?p=174812"},"modified":"2024-10-29T08:16:26","modified_gmt":"2024-10-29T12:16:26","slug":"dia-internacional-de-los-cuidados-y-el-apoyo-29-de-octubre-2","status":"publish","type":"post","link":"https:\/\/sportseco.com\/?p=174812","title":{"rendered":"D\u00eda Internacional de los Cuidados y el Apoyo, 29 de octubre"},"content":{"rendered":"\n<p>magina un mundo donde el apoyo y el cuidado sean tan valorados como el \u00e9xito o la independencia. Muchas personas en el mundo se dedican a dar asistencia, cari\u00f1o y tiempo a personas dependientes o vulnerables. Es un acto de humanidad esencial para una sociedad m\u00e1s emp\u00e1tica y justa-<\/p>\n\n\n\n<p><strong>El 29 de octubre<\/strong>&nbsp;ser\u00e1 un d\u00eda especial en el calendario a partir de ahora, ya que la Organizaci\u00f3n de las Naciones Unidas ha proclamado esta fecha como el&nbsp;<strong>D\u00eda Internacional de los Cuidados y el Apoyo<\/strong>. \u00bfPero qu\u00e9 significa esto realmente y por qu\u00e9 es tan importante?<\/p>\n\n\n\n<figure class=\"wp-block-image\"><img data-recalc-dims=\"1\" decoding=\"async\" src=\"https:\/\/i0.wp.com\/www.diainternacionalde.com\/imagenes\/dias\/octubre\/10-29_dia-internacional-cuidados-apoyo_m.jpg?w=640&#038;ssl=1\" alt=\"\" title=\"\"\/><\/figure>\n\n\n\n<h2 class=\"wp-block-heading\" id=\"resTit_1\">\u00bfPor qu\u00e9 se celebra el D\u00eda Mundial de los Cuidados y el Apoyo?<\/h2>\n\n\n\n<p>La resoluci\u00f3n oficial de la ONU nos ofrece una visi\u00f3n profunda y reflexiva sobre la necesidad de valorar y reconocer el trabajo del cuidado dom\u00e9stico no remunerado que realiza un gran n\u00famero de personas en todo el mundo, y en su mayor\u00eda, mujeres.<\/p>\n\n\n\n<p>Estos cuidados y apoyo son fundamentales para el bienestar de la sociedad, especialmente para los ni\u00f1os, personas de edad y personas con discapacidad, pero tambi\u00e9n para alcanzar la igualdad de g\u00e9nero y empoderar a todas las mujeres y ni\u00f1as.<\/p>\n\n\n\n<h2 class=\"wp-block-heading\" id=\"resTit_2\">Un trabajo invisible<\/h2>\n\n\n\n<p>Una de las cuestiones clave que plantea la ONU es la invisibilidad de este trabajo. A menudo, el cuidado no remunerado no se tiene en cuenta en las pol\u00edticas y estad\u00edsticas nacionales, lo que conduce a una falta de reconocimiento de su valor.<\/p>\n\n\n\n<p>Adem\u00e1s, las mujeres y las ni\u00f1as tienden a asumir una parte desproporcionada de esta labor generaci\u00f3n tras generaci\u00f3n, lo que puede restringir su capacidad de participar plenamente en la sociedad y limitar sus oportunidades econ\u00f3micas.<\/p>\n\n\n\n<figure class=\"wp-block-embed is-type-rich is-provider-gestor-del-servicio wp-block-embed-gestor-del-servicio wp-embed-aspect-16-9 wp-has-aspect-ratio\"><div class=\"wp-block-embed__wrapper\">\n<iframe loading=\"lazy\" title=\"Tutorial: Portal mundial de la OIT sobre las pol\u00edticas de cuidados y el Simulador de inversiones\" width=\"640\" height=\"360\" src=\"https:\/\/www.youtube.com\/embed\/i0TlHtVND4w?feature=oembed\" frameborder=\"0\" allow=\"accelerometer; autoplay; clipboard-write; encrypted-media; gyroscope; picture-in-picture; web-share\" referrerpolicy=\"strict-origin-when-cross-origin\" allowfullscreen><\/iframe>\n<\/div><\/figure>\n\n\n\n<p>Sobre las pol\u00edticas de cuidados<\/p>\n\n\n\n<p>La pandemia de la enfermedad por coronavirus (COVID-19) puso de relieve a\u00fan m\u00e1s la importancia del trabajo del cuidado y dom\u00e9stico no remunerado.<\/p>\n\n\n\n<p>Las mujeres se han visto especialmente afectadas por las consecuencias socioecon\u00f3micas de la pandemia, y la carga adicional de cuidados ha exacerbado las desigualdades de g\u00e9nero. Es fundamental tomar medidas para reducir esta desigualdad y permitir que las mujeres participen en los procesos de toma de decisiones y ocupen puestos de liderazgo.<\/p>\n\n\n\n<h2 class=\"wp-block-heading\" id=\"resTit_4\">Los cuidadores son trabajadores esenciales<\/h2>\n\n\n\n<figure class=\"wp-block-image\"><img data-recalc-dims=\"1\" decoding=\"async\" src=\"https:\/\/i0.wp.com\/www.diainternacionalde.com\/imagenes\/dias\/octubre\/10-29_dia-internacional-cuidados-apoyo-2_m.jpg?w=640&#038;ssl=1\" alt=\"\" title=\"\"\/><\/figure>\n\n\n\n<p>La ONU tambi\u00e9n destaca la necesidad de valorar y reconocer el trabajo remunerado del cuidado y a los cuidadores como trabajadores esenciales.<\/p>\n\n\n\n<p>Combatir los estereotipos de g\u00e9nero y otras formas de discriminaci\u00f3n relacionadas con el cuidado es crucial para garantizar que haya igualdad en el lugar de trabajo y que se ofrezcan empleos de calidad en la econom\u00eda del cuidado.<\/p>\n\n\n\n<p>Es evidente que se necesita invertir en la econom\u00eda del cuidado y crear sistemas s\u00f3lidos y resilientes que tengan en cuenta las cuestiones de g\u00e9nero, edad e inclusi\u00f3n de la discapacidad.<\/p>\n\n\n\n<p>Esto implica reconocer, reducir, valorar y redistribuir el trabajo del cuidado y dom\u00e9stico no remunerado, asegurando que todos los trabajadores reciban una compensaci\u00f3n justa y sean tratados con dignidad.<\/p>\n\n\n\n<h2 class=\"wp-block-heading\" id=\"resTit_5\">Pel\u00edculas sobre cuidadores<\/h2>\n\n\n\n<p>Hacemos una selecci\u00f3n de pel\u00edculas sobre el tema de los cuidados y el apoyo que esperamos que te gusten:<\/p>\n\n\n\n<p><\/p>\n\n\n\n<ul class=\"wp-block-list\">\n<li><em><strong>Amour (Francia, Austria, Alemania). A\u00f1o: 2012. Director: Michael Haneke.\u00a0<\/strong><\/em>Una conmovedora historia de amor y cuidados en la vejez. Georges y Anne son una pareja de octogenarios que enfrentan el desaf\u00edo de la enfermedad y el deterioro de la salud de Anne. La pel\u00edcula narra c\u00f3mo Georges se convierte en el principal cuidador de su esposa, mostrando el amor incondicional y la dedicaci\u00f3n que puede surgir en situaciones de fragilidad.<\/li>\n\n\n\n<li><strong>Intocable (Francia). A\u00f1o: 2011. Directores: Olivier Nakache, \u00c9ric Toledano.<\/strong>\u00a0Basada en una historia real, esta pel\u00edcula cuenta la improbable amistad entre Philippe, un arist\u00f3crata tetrapl\u00e9jico, y Driss, un joven inmigrante de los suburbios que se convierte en su cuidador. A trav\u00e9s del humor y la empat\u00eda, la pel\u00edcula aborda la importancia del apoyo emocional y el entendimiento mutuo.<\/li>\n\n\n\n<li><strong>Mar adentro (Espa\u00f1a). A\u00f1o: 2004. Director: Alejandro Amen\u00e1bar.<\/strong>\u00a0Inspirada en la vida del tetrapl\u00e9jico Ram\u00f3n Sampedro, la pel\u00edcula relata su lucha por conseguir el derecho a morir dignamente. A pesar de sus circunstancias, Ram\u00f3n encuentra cuidadores y amigos que lo acompa\u00f1an en su b\u00fasqueda de libertad y autodeterminaci\u00f3n.<\/li>\n\n\n\n<li><strong>Still Alice (Estados Unidos). A\u00f1o: 2014. Directores: Richard Glatzer, Wash Westmoreland.\u00a0<\/strong>Julianne Moore interpreta a Alice Howland, una profesora universitaria diagnosticada con alzheimer a una edad temprana. La pel\u00edcula muestra c\u00f3mo su familia se convierte en sus cuidadores y c\u00f3mo enfrentan juntos los desaf\u00edos emocionales y pr\u00e1cticos que conlleva la enfermedad.<\/li>\n\n\n\n<li><strong>The Fundamentals of Caring (Estados Unidos). A\u00f1o: 2016. Director: Rob Burnett.<\/strong>\u00a0Un joven cuidador se embarca en un viaje por carretera con un adolescente con distrofia muscular. A medida que se enfrentan a desaf\u00edos inesperados, la pel\u00edcula destaca la importancia del cuidado compasivo y c\u00f3mo las relaciones pueden transformar nuestras vidas.<\/li>\n<\/ul>\n\n\n\n<p>Estas pel\u00edculas ofrecen una mirada \u00edntima y poderosa a las experiencias de cuidadores y personas que necesitan cuidados. Cada una de ellas aborda temas profundos como el amor, la amistad, la empat\u00eda y la lucha por la dignidad humana en situaciones dif\u00edciles. Son historias que nos invitan a reflexionar sobre la importancia de cuidar y ser cuidados en nuestras vidas.<\/p>\n\n\n\n<h2 class=\"wp-block-heading\" id=\"resTit_6\">\u00bfC\u00f3mo celebrar el D\u00eda de los Cuidados y el Apoyo?<\/h2>\n\n\n\n<p>En este d\u00eda, recordemos que el cuidado no es solo una tarea, sino un acto de amor y solidaridad que enriquece nuestras vidas y hace posible el progreso y el bienestar de toda la humanidad.<\/p>\n\n\n\n<p>Celebremos el D\u00eda Internacional de los Cuidados y el Apoyo, \u00a1porque cuidar es una labor que nos concierne a todos!<\/p>\n\n\n\n<p><\/p>\n\n\n\n<p><\/p>\n\n\n\n<p>diainternacionalde.com<\/p>\n","protected":false},"excerpt":{"rendered":"<p>magina un mundo donde el apoyo y el cuidado sean tan valorados como el \u00e9xito o la independencia. Muchas personas en el mundo se dedican a dar asistencia, cari\u00f1o y tiempo a personas dependientes o vulnerables. Es un acto de humanidad esencial para una sociedad m\u00e1s emp\u00e1tica y justa- El 29 de octubre&nbsp;ser\u00e1 un d\u00eda [&hellip;]<\/p>\n","protected":false},"author":1,"featured_media":174814,"comment_status":"closed","ping_status":"closed","sticky":false,"template":"","format":"standard","meta":{"_acf_changed":false,"_jetpack_memberships_contains_paid_content":false,"footnotes":"","jetpack_publicize_message":"","jetpack_publicize_feature_enabled":true,"jetpack_social_post_already_shared":true,"jetpack_social_options":{"image_generator_settings":{"template":"highway","default_image_id":0,"font":"","enabled":false},"version":2}},"categories":[6],"tags":[],"class_list":["post-174812","post","type-post","status-publish","format-standard","has-post-thumbnail","hentry","category-ecologia"],"acf":[],"jetpack_publicize_connections":[],"jetpack_featured_media_url":"https:\/\/i0.wp.com\/sportseco.com\/wp-content\/uploads\/2024\/10\/10-29_dia-internacional-cuidados-apoyo.jpg?fit=305%2C203&ssl=1","jetpack_sharing_enabled":true,"_links":{"self":[{"href":"https:\/\/sportseco.com\/index.php?rest_route=\/wp\/v2\/posts\/174812","targetHints":{"allow":["GET"]}}],"collection":[{"href":"https:\/\/sportseco.com\/index.php?rest_route=\/wp\/v2\/posts"}],"about":[{"href":"https:\/\/sportseco.com\/index.php?rest_route=\/wp\/v2\/types\/post"}],"author":[{"embeddable":true,"href":"https:\/\/sportseco.com\/index.php?rest_route=\/wp\/v2\/users\/1"}],"replies":[{"embeddable":true,"href":"https:\/\/sportseco.com\/index.php?rest_route=%2Fwp%2Fv2%2Fcomments&post=174812"}],"version-history":[{"count":1,"href":"https:\/\/sportseco.com\/index.php?rest_route=\/wp\/v2\/posts\/174812\/revisions"}],"predecessor-version":[{"id":174815,"href":"https:\/\/sportseco.com\/index.php?rest_route=\/wp\/v2\/posts\/174812\/revisions\/174815"}],"wp:featuredmedia":[{"embeddable":true,"href":"https:\/\/sportseco.com\/index.php?rest_route=\/wp\/v2\/media\/174814"}],"wp:attachment":[{"href":"https:\/\/sportseco.com\/index.php?rest_route=%2Fwp%2Fv2%2Fmedia&parent=174812"}],"wp:term":[{"taxonomy":"category","embeddable":true,"href":"https:\/\/sportseco.com\/index.php?rest_route=%2Fwp%2Fv2%2Fcategories&post=174812"},{"taxonomy":"post_tag","embeddable":true,"href":"https:\/\/sportseco.com\/index.php?rest_route=%2Fwp%2Fv2%2Ftags&post=174812"}],"curies":[{"name":"wp","href":"https:\/\/api.w.org\/{rel}","templated":true}]}}