{"id":174816,"date":"2024-10-29T08:27:27","date_gmt":"2024-10-29T12:27:27","guid":{"rendered":"https:\/\/sportseco.com\/?p=174816"},"modified":"2024-10-29T08:27:32","modified_gmt":"2024-10-29T12:27:32","slug":"es-un-nuevo-partido-en-el-que-vamos-a-plantear-otras-ideas-manuela-pavi-juagdora-de-la-seleccion-colombia-femenina-video","status":"publish","type":"post","link":"https:\/\/sportseco.com\/?p=174816","title":{"rendered":"\u00abEs un nuevo partido, en el que vamos a plantear otras ideas\u00bb: Manuela Pavi, juagdora de la Selecci\u00f3n Colombia Femenina. Video"},"content":{"rendered":"\n<p>La<strong>&nbsp;Selecci\u00f3n Colombia Femenina de Mayores tuvo su \u00faltimo entrenamiento previo al segundo compromiso<\/strong>&nbsp;ante Brasil en el estadio Kleber Jos\u00e9 de Andrade.<\/p>\n\n\n\n<p>Las convocadas por Angelo Marsiglia&nbsp;<strong>desarrollaron una pr\u00e1ctica de una hora, en donde realizaron ajustes t\u00e1cticos<\/strong>&nbsp;del juego.<\/p>\n\n\n\n<p>Manuela Pavi<strong>&nbsp;habl\u00f3 con FCF Media de las expectativas del juego y de la nueva concentraci\u00f3n&nbsp;<\/strong>de la Selecci\u00f3n de cara a la preparaci\u00f3n de la CONMEBOL Copa Am\u00e9rica Femenina 2025:<\/p>\n\n\n\n<figure class=\"wp-block-embed is-type-video is-provider-youtube wp-block-embed-youtube wp-embed-aspect-16-9 wp-has-aspect-ratio\"><div class=\"wp-block-embed__wrapper\">\n<iframe loading=\"lazy\" title=\"Voces | Manuela Pavi, figura de nuestra Selecci\u00f3n Colombia Femenina de Mayores.\" width=\"640\" height=\"360\" src=\"https:\/\/www.youtube.com\/embed\/SZm_xrBMg2Y?feature=oembed\" frameborder=\"0\" allow=\"accelerometer; autoplay; clipboard-write; encrypted-media; gyroscope; picture-in-picture; web-share\" referrerpolicy=\"strict-origin-when-cross-origin\" allowfullscreen><\/iframe>\n<\/div><\/figure>\n\n\n\n<figure class=\"wp-block-embed is-type-rich is-provider-gestor-del-servicio wp-block-embed-gestor-del-servicio\"><div class=\"wp-block-embed__wrapper\">\nhttps:\/\/youtube.com\/watch?v=SZm_xrBMg2Y%3Ffeature%3Doembed\n<\/div><\/figure>\n\n\n\n<p>A continuaci\u00f3n el resumen de la jornada:<\/p>\n\n\n\n<figure class=\"wp-block-embed is-type-video is-provider-youtube wp-block-embed-youtube wp-embed-aspect-16-9 wp-has-aspect-ratio\"><div class=\"wp-block-embed__wrapper\">\n<iframe loading=\"lazy\" title=\"Entrenamiento | Selecci\u00f3n Colombia Femenina de Mayores | 28 Octubre\" width=\"640\" height=\"360\" src=\"https:\/\/www.youtube.com\/embed\/QD5tW2k_P5g?feature=oembed\" frameborder=\"0\" allow=\"accelerometer; autoplay; clipboard-write; encrypted-media; gyroscope; picture-in-picture; web-share\" referrerpolicy=\"strict-origin-when-cross-origin\" allowfullscreen><\/iframe>\n<\/div><\/figure>\n\n\n\n<p><\/p>\n\n\n\n<p>fcf.com.co<\/p>\n","protected":false},"excerpt":{"rendered":"<p>La&nbsp;Selecci\u00f3n Colombia Femenina de Mayores tuvo su \u00faltimo entrenamiento previo al segundo compromiso&nbsp;ante Brasil en el estadio Kleber Jos\u00e9 de Andrade. Las convocadas por Angelo Marsiglia&nbsp;desarrollaron una pr\u00e1ctica de una hora, en donde realizaron ajustes t\u00e1cticos&nbsp;del juego. Manuela Pavi&nbsp;habl\u00f3 con FCF Media de las expectativas del juego y de la nueva concentraci\u00f3n&nbsp;de la Selecci\u00f3n de [&hellip;]<\/p>\n","protected":false},"author":1,"featured_media":174818,"comment_status":"closed","ping_status":"closed","sticky":false,"template":"","format":"standard","meta":{"_acf_changed":false,"_jetpack_memberships_contains_paid_content":false,"footnotes":"","jetpack_publicize_message":"","jetpack_publicize_feature_enabled":true,"jetpack_social_post_already_shared":true,"jetpack_social_options":{"image_generator_settings":{"template":"highway","default_image_id":0,"font":"","enabled":false},"version":2}},"categories":[1],"tags":[],"class_list":["post-174816","post","type-post","status-publish","format-standard","has-post-thumbnail","hentry","category-uncategorized"],"acf":[],"jetpack_publicize_connections":[],"jetpack_featured_media_url":"https:\/\/i0.wp.com\/sportseco.com\/wp-content\/uploads\/2024\/10\/7.-Entrenamiento-28-de-octubre-de-2024.jpg?fit=2048%2C1365&ssl=1","jetpack_sharing_enabled":true,"_links":{"self":[{"href":"https:\/\/sportseco.com\/index.php?rest_route=\/wp\/v2\/posts\/174816","targetHints":{"allow":["GET"]}}],"collection":[{"href":"https:\/\/sportseco.com\/index.php?rest_route=\/wp\/v2\/posts"}],"about":[{"href":"https:\/\/sportseco.com\/index.php?rest_route=\/wp\/v2\/types\/post"}],"author":[{"embeddable":true,"href":"https:\/\/sportseco.com\/index.php?rest_route=\/wp\/v2\/users\/1"}],"replies":[{"embeddable":true,"href":"https:\/\/sportseco.com\/index.php?rest_route=%2Fwp%2Fv2%2Fcomments&post=174816"}],"version-history":[{"count":1,"href":"https:\/\/sportseco.com\/index.php?rest_route=\/wp\/v2\/posts\/174816\/revisions"}],"predecessor-version":[{"id":174819,"href":"https:\/\/sportseco.com\/index.php?rest_route=\/wp\/v2\/posts\/174816\/revisions\/174819"}],"wp:featuredmedia":[{"embeddable":true,"href":"https:\/\/sportseco.com\/index.php?rest_route=\/wp\/v2\/media\/174818"}],"wp:attachment":[{"href":"https:\/\/sportseco.com\/index.php?rest_route=%2Fwp%2Fv2%2Fmedia&parent=174816"}],"wp:term":[{"taxonomy":"category","embeddable":true,"href":"https:\/\/sportseco.com\/index.php?rest_route=%2Fwp%2Fv2%2Fcategories&post=174816"},{"taxonomy":"post_tag","embeddable":true,"href":"https:\/\/sportseco.com\/index.php?rest_route=%2Fwp%2Fv2%2Ftags&post=174816"}],"curies":[{"name":"wp","href":"https:\/\/api.w.org\/{rel}","templated":true}]}}