{"id":174823,"date":"2024-10-29T08:43:25","date_gmt":"2024-10-29T12:43:25","guid":{"rendered":"https:\/\/sportseco.com\/?p=174823"},"modified":"2024-10-29T08:44:04","modified_gmt":"2024-10-29T12:44:04","slug":"cinco-claves-para-entender-la-cumbre-mundial-de-biodiversidad-cop16-que-se-celebra-en-colombia","status":"publish","type":"post","link":"https:\/\/sportseco.com\/?p=174823","title":{"rendered":"Cinco claves para entender la cumbre mundial de biodiversidad COP16 que se celebra en Colombia"},"content":{"rendered":"\n<figure class=\"wp-block-image\"><img data-recalc-dims=\"1\" decoding=\"async\" src=\"https:\/\/i0.wp.com\/global.unitednations.entermediadb.net\/assets\/mediadb\/services\/module\/asset\/downloads\/preset\/Collections\/Embargoed\/21-10-2024-Unsplash-hummingbird-01.jpg\/image1170x530cropped.jpg?w=640&#038;ssl=1\" alt=\"Un colibr\u00ed revoloteando sobre una flor naranja en Estados Unidos.\" title=\"Un colibr\u00ed revoloteando sobre una flor naranja en Estados Unidos.\"\/><\/figure>\n\n\n\n<p><strong>Por&nbsp;<\/strong><strong>Por Greace Vanegas<\/strong><\/p>\n\n\n\n<p>El avance de las metas trazadas por m\u00e1s de 190 pa\u00edses para mantener el equilibrio con la naturaleza, las fuentes de financiaci\u00f3n, los mecanismos de monitoreo y el seguimiento de los planes para proteger la diversidad biol\u00f3gica a nivel mundial son algunos de los puntos que se est\u00e1n abordando en la COP16.<\/p>\n\n\n\n<p>El avance de las metas trazadas por m\u00e1s de 190 pa\u00edses para mantener el equilibrio con la naturaleza, las fuentes de financiaci\u00f3n, los mecanismos de monitoreo y el seguimiento de los planes para proteger la diversidad biol\u00f3gica a nivel mundial son algunos de los puntos que se est\u00e1n abordando en la COP16.<\/p>\n\n\n\n<p>El futuro del planeta, de sus r\u00edos, bosques, oc\u00e9anos y especies, y todo lo que la existencia de estos ecosistemas permite tener a la humanidad, desde el acceso al agua y a los alimentos, las condiciones del clima, el desarrollo de la medicina, entre otros, pasa justo ahora por el Centro de Eventos del Pac\u00edfico, el lugar donde avanzan las discusiones de la 16\u00aa&nbsp;<a href=\"https:\/\/www.cbd.int\/undb\/media\/factsheets\/undb-factsheets-es-web.pdf\" target=\"_blank\" rel=\"noreferrer noopener\">Conferencia de las Partes de la Convenci\u00f3n sobre la Diversidad Biol\u00f3gica de las Naciones Unidas<\/a>&nbsp;(COP16) en Cali, Colombia.<\/p>\n\n\n\n<figure class=\"wp-block-image\"><img data-recalc-dims=\"1\" decoding=\"async\" src=\"https:\/\/i0.wp.com\/global.unitednations.entermediadb.net\/assets\/mediadb\/services\/module\/asset\/downloads\/preset\/Libraries\/Production%20Library\/291024_COP16_UNEP_Juan_Bello.jpg\/image770x420cropped.jpg?w=640&#038;ssl=1\" alt=\"Juan Bello, director regional y representante del Programa de las Naciones Unidas para el Medio Ambiente en Am\u00e9rica Latina y el Caribe\" title=\"Juan Bello, director regional y representante del Programa de las Naciones Unidas para el Medio Ambiente en Am\u00e9rica Latina y el Caribe\"\/><\/figure>\n\n\n\n<p>Courtesy Juan Bello<\/p>\n\n\n\n<p>Mientras millones de personas trabajan, estudian, subsisten o se mueven de un lugar a otro, sumergidos en el rigor de la rutina, representantes de m\u00e1s de 190 pa\u00edses definen las acciones con las que buscan proteger lo que, en esencia, permite a los humanos seguir viviendo: el equilibrio con la naturaleza.<\/p>\n\n\n\n<p>La Conferencia de las Naciones Unidas sobre Diversidad Biol\u00f3gica, considerado el evento m\u00e1s importante en el mundo para conservar la biodiversidad, se realiza cada dos a\u00f1os para acordar compromisos que permitan salvaguardar el medio ambiente.<\/p>\n\n\n\n<p>La cumbre tiene como hoja de ruta el&nbsp;<a href=\"https:\/\/www.unep.org\/es\/resources\/marco-mundial-de-biodiversidad-de-kunming-montreal\" target=\"_blank\" rel=\"noreferrer noopener\">Marco Mundial Kunming-Montreal<\/a>&nbsp;para la Biodiversidad, un plan global, adoptado durante la COP15 en&nbsp;Canad\u00e1, para detener y revertir la p\u00e9rdida de biodiversidad para el a\u00f1o 2030.<\/p>\n\n\n\n<p><strong>Su principal objetivo es proteger el 30% del planeta<\/strong>, incluyendo \u00e1reas terrestres, marinas y de agua dulce, transform\u00e1ndolas en zonas protegidas para el final de esta d\u00e9cada. Adem\u00e1s, el marco pone de relieve la restauraci\u00f3n y protecci\u00f3n de ecosistemas cr\u00edticos, como selvas tropicales y humedales.<\/p>\n\n\n\n<p>De la mano de Juan Bello, director regional y representante del Programa de las Naciones Unidas para el Medio Ambiente en Am\u00e9rica Latina y el Caribe, Noticias ONU explica las 5 claves para entender la importancia de las discusiones que se llevan a cabo en la cumbre mundial de biodiversidad.<\/p>\n\n\n\n<ul class=\"wp-block-list\">\n<li>1- Avances y estrategias de los pa\u00edses<\/li>\n<\/ul>\n\n\n\n<p>Un primer punto clave es la revisi\u00f3n que se har\u00e1 de las metas propuestas por los pa\u00edses para cumplir con el marco global de biodiversidad, que se acord\u00f3 hace dos a\u00f1os, as\u00ed como de los planes y estrategias de los pa\u00edses.<\/p>\n\n\n\n<p>\u201cHasta el momento,&nbsp;<strong>menos de 35 pa\u00edses han presentado sus planes<\/strong>. Pero un eje central de esta cumbre es revisar las metas de implementaci\u00f3n del marco global para ver si, efectivamente, con esas metas que cada pa\u00eds propone se va a lograr el objetivo de detener la p\u00e9rdida de biodiversidad y de cumplir con lo que se propuso en cuanto a 23 objetivos en la COP15\u201d, explica Bello.<\/p>\n\n\n\n<ul class=\"wp-block-list\">\n<li>2- Financiamiento para actuar: 700.000 millones de d\u00f3lares<\/li>\n<\/ul>\n\n\n\n<p>El segundo elemento es un eje central de la negociaci\u00f3n: tener un modelo de financiamiento para la implementaci\u00f3n del marco global de biodiversidad, cu\u00e1les ser\u00e1n las fuentes de recursos, c\u00f3mo se va a ejecutar, qui\u00e9n o qui\u00e9nes los van a manejar y cu\u00e1les van a ser los mecanismos de acceso a ese financiamiento, entre otros.<\/p>\n\n\n\n<p>\u201cEn la actualidad, lo que se requiere en financiamiento son&nbsp;<strong>700.000 millones de d\u00f3lares<\/strong>, de los cuales se necesitar\u00edan 200.000 millones de d\u00f3lares al a\u00f1o, y unos 500.000 millones de d\u00f3lares que provengan de la transformaci\u00f3n de subsidios que actualmente son nocivos para la biodiversidad, en sectores econ\u00f3micos como alimentos o el sector energ\u00e9tico\u201d, agrega el representante del&nbsp;<a href=\"https:\/\/www.unenvironment.org\/es\" target=\"_blank\" rel=\"noreferrer noopener\">PNUMA<\/a>.<\/p>\n\n\n\n<ul class=\"wp-block-list\">\n<li>3- Monitoreo de los avances<\/li>\n<\/ul>\n\n\n\n<p>Otro tema que est\u00e1 en discusi\u00f3n es&nbsp;<strong>c\u00f3mo se van a medir los avances de los pa\u00edses en el cumplimiento del plan<\/strong>, cu\u00e1l va a ser el marco de monitoreo, evaluaci\u00f3n y seguimiento para verificar que, efectivamente, lo que los pa\u00edses proponen se cumpla.<\/p>\n\n\n\n<p>\u201cEso implica que los pa\u00edses acuerden los indicadores, las formas de medir, de verificar, y&nbsp;<strong>es algo bastante complejo<\/strong>\u201d, reconoce el experto de Naciones Unidas.<\/p>\n\n\n\n<ul class=\"wp-block-list\">\n<li>4- Beneficios de los recursos gen\u00e9ticos<\/li>\n<\/ul>\n\n\n\n<p>El acuerdo tambi\u00e9n incluye compromisos sobre el uso sostenible de los recursos naturales y la garant\u00eda de que los beneficios derivados de los recursos gen\u00e9ticos se distribuyan de manera justa y equitativa, en particular a las comunidades que los custodian.<\/p>\n\n\n\n<p><strong>Los recursos gen\u00e9ticos hacen referencia a todo material biol\u00f3gico perteneciente a los seres vivos<\/strong>, que contiene informaci\u00f3n gen\u00e9tica de valor real o potencial. En la actualidad, existen miles de bases de datos, p\u00fablicas y privadas, que recopilan y sistematizan esta informaci\u00f3n asociada a las especies. Dichos datos son conocidos como Informaci\u00f3n&nbsp;<a href=\"https:\/\/www.cbd.int\/cop\/cop-14\/media\/briefs\/es\/cop14-press-brief-digital-es.pdf\" target=\"_blank\" rel=\"noreferrer noopener\">Digital de Secuencias Gen\u00e9ticas<\/a>.<\/p>\n\n\n\n<p>El cuarto tema consiste en acordar un mecanismo global para el acceso a los beneficios del uso de informaci\u00f3n de secuencias digitales.<\/p>\n\n\n\n<p>\u201cEs la informaci\u00f3n que proviene de los an\u00e1lisis gen\u00e9ticos de las especies. Se espera que quienes usan esa informaci\u00f3n para fines industriales, por ejemplo, en la industria farmac\u00e9utica, en la industria cosmetol\u00f3gica de alimentos, puedan pagar porque es un uso industrial y comercial.&nbsp;<strong>La idea es que ese uso genere un pago que pueda beneficiar a los pa\u00edses y a las comunidades de donde proviene esa biodiversidad<\/strong>. Ese es un tema muy complejo, pero que es absolutamente central en esta COP\u201d, recalca Bello.<\/p>\n\n\n\n<figure class=\"wp-block-image\"><img data-recalc-dims=\"1\" decoding=\"async\" src=\"https:\/\/i0.wp.com\/global.unitednations.entermediadb.net\/assets\/mediadb\/services\/module\/asset\/downloads\/preset\/Libraries\/Production%20Library\/291024_COP16_UNEP_Indigenous_Dance.jpg\/image1170x530cropped.jpg?w=640&#038;ssl=1\" alt=\"Danza del Carrizo interpretada por el pueblo ind\u00edgena Cubeo en la COP16.\" title=\"Danza del Carrizo interpretada por el pueblo ind\u00edgena Cubeo en la COP16.\"\/><\/figure>\n\n\n\n<p>Cortes\u00eda Ministerio de Ambiente y Desarrollo Sostenible de Colombia.<\/p>\n\n\n\n<p>Danza del Carrizo interpretada por el pueblo ind\u00edgena Cubeo en la COP16.<\/p>\n\n\n\n<ul class=\"wp-block-list\">\n<li>5- Pueblos ind\u00edgenas<\/li>\n<\/ul>\n\n\n\n<p>Finalmente, otro punto importante es poder acordar un plan de trabajo para la implementaci\u00f3n del art\u00edculo J8 del Convenio sobre la Diversidad Biol\u00f3gica, un tratado internacional de las Naciones Unidas adoptado en 1992,&nbsp;que reconoce la importancia del conocimiento tradicional de los pueblos ind\u00edgenas.<\/p>\n\n\n\n<p>\u201cAll\u00ed hay una discusi\u00f3n muy amplia sobre exactamente c\u00f3mo generar ese plan de trabajo, los marcos de beneficios,&nbsp;<strong>c\u00f3mo asegurar que los pueblos ind\u00edgenas puedan tener todo el reconocimiento<\/strong>&nbsp;y las condiciones para que sus contribuciones a la conservaci\u00f3n de la biodiversidad sean debidamente reconocidas. Tambi\u00e9n se est\u00e1 discutiendo, en ese contexto, el reconocimiento a los pueblos afrodescendientes que contribuyen a la conservaci\u00f3n y a la restauraci\u00f3n y uso sostenible de la biodiversidad\u201d, se\u00f1ala el representante.<\/p>\n\n\n\n<h2 class=\"wp-block-heading\">Expectativas<\/h2>\n\n\n\n<p>El experto de la ONU explica que de cada uno de estos puntos se esperan avances concretos.<\/p>\n\n\n\n<p>\u201cEs lo que se llaman los resultados pol\u00edticos porque, en \u00faltimas, es una cumbre que busca negociaci\u00f3n. Si se logran avances en todos los temas ser\u00eda muy exitoso. Algo muy importante que posiblemente salga de esta cumbre es que se reconozca que las acciones para restaurar los ecosistemas son fundamentales para abordar la crisis clim\u00e1tica, es decir, poder&nbsp;<strong>hacer una conexi\u00f3n directa, clara e inequ\u00edvoca entre biodiversidad y cambio clim\u00e1tico<\/strong>\u201d, puntualiza Bello.<\/p>\n\n\n\n<p>De esa forma, la cumbre en Cali se consolidar\u00eda como un paso m\u00e1s hacia los desaf\u00edos que abordar\u00e1 la cumbre de cambio clim\u00e1tico del pr\u00f3ximo a\u00f1o que tendr\u00e1 como sede otro lugar de Am\u00e9rica Latina: Bel\u00e9m do Par\u00e1, en Brasil.<\/p>\n\n\n\n<p>La COP16 en Cali se cumple bajo el lema&nbsp;<em>\u201cPaz con la Naturaleza\u201d<\/em>,&nbsp;un llamado a que los avances de los modelos de desarrollo econ\u00f3mico no sean a expensas del medio ambiente.<\/p>\n\n\n\n<p>En otras palabras,&nbsp;<strong>que el bienestar material que logran los seres humanos no genere, por otro lado, la destrucci\u00f3n de la naturaleza<\/strong>. La cumbre ha contado con una amplia participaci\u00f3n la sociedad civil y representantes de comunidades ind\u00edgenas y afrodescendientes. Hasta la fecha, 23.000 personas han sido registradas en el evento.<\/p>\n\n\n\n<figure class=\"wp-block-image\"><img data-recalc-dims=\"1\" decoding=\"async\" src=\"https:\/\/i0.wp.com\/global.unitednations.entermediadb.net\/assets\/mediadb\/services\/module\/asset\/downloads\/preset\/Libraries\/Production%20Library\/21-10-2024-UN-Biodiversity-COP16-05.jpg\/image1170x530cropped.jpg?w=640&#038;ssl=1\" alt=\"Susana Muhamad, ministra de Medio Ambiente de Colombia y presidenta de la Conferencia de las Naciones Unidas sobre Biodiversidad (COP16).\" title=\"Susana Muhamad, ministra de Medio Ambiente de Colombia y presidenta de la Conferencia de las Naciones Unidas sobre Biodiversidad (COP16).\"\/><\/figure>\n\n\n\n<p>ONU Biodiversidad<\/p>\n\n\n\n<p>Susana Muhamad, ministra de Medio Ambiente de Colombia y presidenta de la Conferencia de las Naciones Unidas sobre Biodiversidad (COP16).<\/p>\n\n\n\n<h2 class=\"wp-block-heading\">Otras convenciones para afrontar crisis globales<\/h2>\n\n\n\n<p>La Conferencia de las Naciones Unidas sobre Diversidad Biol\u00f3gica se suma a otros dos acuerdos clave que se pactaron en 1992, durante la&nbsp;<a href=\"https:\/\/www.un.org\/es\/conferences\/environment\/rio1992\">Cumbre de la Tierra en R\u00edo de Janeiro<\/a>, para coordinar esfuerzos internacionales y abordar los problemas ambientales globales.<\/p>\n\n\n\n<p>Uno de ellos es la&nbsp;<a href=\"https:\/\/unfccc.int\/es\/process-and-meetings\/que-es-la-convencion-marco-de-las-naciones-unidas-sobre-el-cambio-climatico\" target=\"_blank\" rel=\"noreferrer noopener\">Convenci\u00f3n Marco de las Naciones Unidas sobre el Cambio Clim\u00e1tico<\/a>, la m\u00e1s conocida en temas ambientales, que convoca a 196 pa\u00edses y a la Uni\u00f3n Europea. Establece un marco global para abordar el cambio clim\u00e1tico con el objetivo de reducir las emisiones de gases de efecto invernadero y limitar el calentamiento global.<\/p>\n\n\n\n<p>El&nbsp;<a href=\"https:\/\/unfccc.int\/es\/acerca-de-las-ndc\/el-acuerdo-de-paris\" target=\"_blank\" rel=\"noreferrer noopener\">Acuerdo de Par\u00eds<\/a>, pactado en la COP21 de 2015, fij\u00f3 como compromiso limitar el calentamiento global a menos de 2 grados cent\u00edgrados, con esfuerzos para mantenerlo por debajo de 1,5 grados.<\/p>\n\n\n\n<p>El otro acuerdo es la<strong>&nbsp;<\/strong><a href=\"https:\/\/www.unccd.int\/sites\/default\/files\/2022-02\/UNCCD_Convention_text_SPA.pdf\" target=\"_blank\" rel=\"noreferrer noopener\">Convenci\u00f3n de las Naciones Unidas de Lucha contra la Desertificaci\u00f3n<\/a>, adoptada en 1994<strong>,&nbsp;<\/strong>que aborda la prevenci\u00f3n de la desertificaci\u00f3n y la degradaci\u00f3n de las tierras, con el objetivo de promover la gesti\u00f3n sostenible de los recursos terrestres y mejorar la resiliencia de las \u00e1reas afectadas por la sequ\u00eda.<\/p>\n\n\n\n<p>La COP29 sobre cambio clim\u00e1tico se realizar\u00e1 en Bak\u00fa (Azerbaiy\u00e1n), del 11 al 22 de noviembre de 2024 y la COP30 en 2025 en Brasil. La COP16 sobre desertificaci\u00f3n tendr\u00e1 lugar en Riad (Arabia Saudita), del 2 al 13 de diciembre de este a\u00f1o.<\/p>\n\n\n\n<p>Cada cumbre tiene diferentes procedimientos y agendas, pero&nbsp;<strong>comparten como objetivo com\u00fan la protecci\u00f3n del medio ambiente<\/strong>&nbsp;para hacer frente a la triple crisis planetaria: el cambio clim\u00e1tico, la p\u00e9rdida de la biodiversidad y la contaminaci\u00f3n.<\/p>\n\n\n\n<p><\/p>\n\n\n\n<p>news.un.org<\/p>\n","protected":false},"excerpt":{"rendered":"<p>Por&nbsp;Por Greace Vanegas El avance de las metas trazadas por m\u00e1s de 190 pa\u00edses para mantener el equilibrio con la naturaleza, las fuentes de financiaci\u00f3n, los mecanismos de monitoreo y el seguimiento de los planes para proteger la diversidad biol\u00f3gica a nivel mundial son algunos de los puntos que se est\u00e1n abordando en la COP16. [&hellip;]<\/p>\n","protected":false},"author":1,"featured_media":174824,"comment_status":"closed","ping_status":"closed","sticky":false,"template":"","format":"standard","meta":{"_acf_changed":false,"_jetpack_memberships_contains_paid_content":false,"footnotes":"","jetpack_publicize_message":"","jetpack_publicize_feature_enabled":true,"jetpack_social_post_already_shared":true,"jetpack_social_options":{"image_generator_settings":{"template":"highway","default_image_id":0,"font":"","enabled":false},"version":2}},"categories":[6],"tags":[],"class_list":["post-174823","post","type-post","status-publish","format-standard","has-post-thumbnail","hentry","category-ecologia"],"acf":[],"jetpack_publicize_connections":[],"jetpack_featured_media_url":"https:\/\/i0.wp.com\/sportseco.com\/wp-content\/uploads\/2024\/10\/image1170x530cropped-7.jpg?fit=1170%2C530&ssl=1","jetpack_sharing_enabled":true,"_links":{"self":[{"href":"https:\/\/sportseco.com\/index.php?rest_route=\/wp\/v2\/posts\/174823","targetHints":{"allow":["GET"]}}],"collection":[{"href":"https:\/\/sportseco.com\/index.php?rest_route=\/wp\/v2\/posts"}],"about":[{"href":"https:\/\/sportseco.com\/index.php?rest_route=\/wp\/v2\/types\/post"}],"author":[{"embeddable":true,"href":"https:\/\/sportseco.com\/index.php?rest_route=\/wp\/v2\/users\/1"}],"replies":[{"embeddable":true,"href":"https:\/\/sportseco.com\/index.php?rest_route=%2Fwp%2Fv2%2Fcomments&post=174823"}],"version-history":[{"count":1,"href":"https:\/\/sportseco.com\/index.php?rest_route=\/wp\/v2\/posts\/174823\/revisions"}],"predecessor-version":[{"id":174825,"href":"https:\/\/sportseco.com\/index.php?rest_route=\/wp\/v2\/posts\/174823\/revisions\/174825"}],"wp:featuredmedia":[{"embeddable":true,"href":"https:\/\/sportseco.com\/index.php?rest_route=\/wp\/v2\/media\/174824"}],"wp:attachment":[{"href":"https:\/\/sportseco.com\/index.php?rest_route=%2Fwp%2Fv2%2Fmedia&parent=174823"}],"wp:term":[{"taxonomy":"category","embeddable":true,"href":"https:\/\/sportseco.com\/index.php?rest_route=%2Fwp%2Fv2%2Fcategories&post=174823"},{"taxonomy":"post_tag","embeddable":true,"href":"https:\/\/sportseco.com\/index.php?rest_route=%2Fwp%2Fv2%2Ftags&post=174823"}],"curies":[{"name":"wp","href":"https:\/\/api.w.org\/{rel}","templated":true}]}}