{"id":174832,"date":"2024-10-29T09:15:18","date_gmt":"2024-10-29T13:15:18","guid":{"rendered":"https:\/\/sportseco.com\/?p=174832"},"modified":"2024-10-29T09:15:23","modified_gmt":"2024-10-29T13:15:23","slug":"desde-colombia-se-lanza-movimiento-global-para-hacer-la-paz-con-naturaleza","status":"publish","type":"post","link":"https:\/\/sportseco.com\/?p=174832","title":{"rendered":"Desde Colombia se lanza movimiento global para hacer la Paz con Naturaleza"},"content":{"rendered":"\n<p><strong>Cali, 28 de octubre de 2024 \u2013 \u2018Paz con la Naturaleza\u2019 \u2013&nbsp;<\/strong>Como pre\u00e1mbulo a la llegada de presidentes y ministros de m\u00e1s de 170 pa\u00edses del mundo a la COP16 de biodiversidad<strong>, la ministra de Ambiente de Colombia, Susana Muhamad y el canciller, Luis Gilberto Murillo lanzaron un movimiento global<\/strong>&nbsp;para que la ciudadan\u00eda pueda adherirse a la Coalici\u00f3n de Paz con la Naturaleza, a trav\u00e9s de la plataforma internacional Avaaz.<\/p>\n\n\n\n<p>Esta coalici\u00f3n se lanzar\u00e1 de manera oficial este martes en el&nbsp;<strong>segmento de alto nivel de la COP16<\/strong>, donde<a href=\"https:\/\/www.cop16colombia.com\/es\/alcaldes-firman-acuerdo-paz-naturaleza\/\">&nbsp;l\u00edderes de todo el planeta podr\u00e1n mostrar su apoy<\/a>o a esta importante iniciativa.<\/p>\n\n\n\n<p>Al respecto, la ministra Susana Muhamad invit\u00f3 a la ciudadan\u00eda del mundo a firmar esta iniciativa para asegurar que todas las voces sean escuchadas:&nbsp;<em>\u201cAqu\u00ed s\u00ed hay un movimiento, s\u00ed tenemos la fuerza social que ya est\u00e1 haciendo la Paz con la Naturaleza\u201d.<\/em><\/p>\n\n\n\n<p><em>\u201cHay muchas decisiones en la mesa de los tomadores de decisiones que est\u00e1n hoy moldeadas por una econom\u00eda extractivista que saca m\u00e1s de la tierra de lo que puede realmente regenerar. Por eso, desde Cali (Colombia), todos los pueblos presentaremos ante las naciones la Coalici\u00f3n Paz con la Naturaleza\u201d<\/em>, afirm\u00f3 Muhamad.<\/p>\n\n\n\n<p>As\u00ed mismo,&nbsp;<a href=\"https:\/\/www.cancilleria.gov.co\/\" target=\"_blank\" rel=\"noreferrer noopener\">el canciller de Colombia<\/a>, Luis Gilberto Murillo, dijo que esta&nbsp;<strong>es la base para la creaci\u00f3n de una gran coalici\u00f3n global de protecci\u00f3n de la vida, la paz, la naturaleza y la biodiversidad.<\/strong><\/p>\n\n\n\n<h3 class=\"wp-block-heading\">Ministra Susana Muhamad invita a hacer Paz con la Naturaleza<\/h3>\n\n\n\n<p>Muhamad tambi\u00e9n explic\u00f3 que al unirse a esta coalici\u00f3n todos deben pensar en c\u00f3mo crear una forma de vida en el planeta que no destruya sistem\u00e1ticamente la naturaleza, sino que la regenere, para esto se requiere una movilizaci\u00f3n mundial de la ciudadan\u00eda:&nbsp;<em>\u201cEs desde los pueblos, es desde la gente, es desde los entornos locales que aqu\u00ed vamos a hacer una diferencia\u201d.<\/em><\/p>\n\n\n\n<p>En un momento cr\u00edtico donde la huella ecol\u00f3gica de la humanidad supera la capacidad de la Tierra,&nbsp;<strong>la Coalici\u00f3n subraya la necesidad de una cooperaci\u00f3n global para abordar las crisis interconectadas de cambio clim\u00e1tico, p\u00e9rdida de biodiversidad y contaminaci\u00f3<\/strong>n. La declaraci\u00f3n hace \u00e9nfasis en que la Paz con la Naturaleza es inseparable de la paz entre los pueblos, y que solo a trav\u00e9s de acciones colectivas podremos garantizar un futuro sostenible para las generaciones presentes y futuras.<\/p>\n\n\n\n<p>El documento tambi\u00e9n destaca el papel clave de las comunidades ind\u00edgenas, afrodescendientes y locales en la conservaci\u00f3n de la biodiversidad, y exige una mayor inclusi\u00f3n de las mujeres, j\u00f3venes y grupos vulnerables en la toma de decisiones ambientales. Asimismo, la Coalici\u00f3n reafirma la importancia del respeto al derecho internacional como fundamento para proteger la vida y la naturaleza.<\/p>\n\n\n\n<p>Lea aqu\u00ed la&nbsp;<a href=\"https:\/\/www.cop16colombia.com\/es\/wp-content\/uploads\/2024\/10\/DECLARACION-MUNDIAL-PAZ-CON-LA-NATURALEZA.pdf\"><strong>Declaraci\u00f3n de la Coalici\u00f3n Paz con la Naturaleza: un llamado por la vida<\/strong><\/a><\/p>\n\n\n\n<p>DECLARACI\u00d3N DE LA COALICI\u00d3N MUNDIAL POR LA PAZ CON LA<br \/>NATURALEZA: UN LLAMAMIENTO A LA VIDA<br \/>La Coalici\u00f3n Mundial por la Paz con la Naturaleza, vivir bien en equilibrio<br \/>y en Armon\u00eda con la Madre Tierra es un llamamiento a la acci\u00f3n para<br \/>potenciar los esfuerzos y compromisos nacionales e internacionales<br \/>encaminados a lograr una relaci\u00f3n equilibrada y armoniosa con la<br \/>naturaleza que garantice una mayor sostenibilidad, mediante la<br \/>protecci\u00f3n de la naturaleza y la conservaci\u00f3n, restauraci\u00f3n y uso<br \/>sostenible de nuestra biodiversidad global.<br \/>Conscientes de que el planeta se enfrenta a una coyuntura cr\u00edtica en la<br \/>que la huella ecol\u00f3gica global de la humanidad supera la capacidad<br \/>biol\u00f3gica de la Tierra, y de que la degradaci\u00f3n medioambiental y la<br \/>p\u00e9rdida de biodiversidad amenazan a la humanidad y la salud de nuestros<br \/>ecosistemas y la estabilidad social, econ\u00f3mica y pol\u00edtica colectiva de la<br \/>sociedad:<\/p>\n\n\n\n<ol class=\"wp-block-list\">\n<li>Reconociendo que una relaci\u00f3n armoniosa y pac\u00edfica entre los seres<br \/>humanos y la naturaleza es fundamental para la sostenibilidad de nuestro<br \/>planeta y de sus recursos vivos y no vivos, para el bienestar y disfrute de<br \/>las generaciones presentes y futuras, y para conservar el valor intr\u00ednseco<br \/>de la naturaleza, por lo que es imperativo hacer la paz con la naturaleza<br \/>y trabajar activamente para conservar y restaurar la biodiversidad.<\/li>\n\n\n\n<li>Reconociendo la necesidad de promover una mayor conciencia e<br \/>intensificar los esfuerzos a nivel local, subnacional, nacional, regional y<br \/>mundial en materia de derechos humanos, paz entre los pueblos,<br \/>sostenibilidad, justicia social y ambiental, conocimientos tradicionales,<br \/>cuestiones bioculturales y cooperaci\u00f3n internacional.<\/li>\n\n\n\n<li>Destacando que detener e invertir la p\u00e9rdida de biodiversidad, restaurar<br \/>la salud y la integridad de los ecosistemas, as\u00ed como su conservaci\u00f3n,<br \/>restauraci\u00f3n y uso sostenible, requiere la acci\u00f3n colectiva y sostenida de<br \/>los Estados, las organizaciones internacionales, la sociedad civil, el sector<br \/>privado y todos los titulares de derechos y partes interesadas pertinentes.<br \/>Ministerio de Relaciones Exteriores<br \/>Rep\u00fablica de Colombia P\u00e1gina 2 de 5<\/li>\n\n\n\n<li>Reafirmamos que el derecho a un medio ambiente limpio, sano y<br \/>sostenible es un derecho humano y reconocemos que el respeto de este<br \/>derecho requiere la colaboraci\u00f3n y la responsabilidad compartida de todos<br \/>los sectores de la sociedad.<\/li>\n\n\n\n<li>Reafirmando la Declaraci\u00f3n de las Naciones Unidas sobre los<br \/>Derechos de los Pueblos Ind\u00edgenas que reconoce, entre otras cosas, que<br \/>el respeto de los conocimientos, culturas y pr\u00e1cticas tradicionales<br \/>ind\u00edgenas contribuye al desarrollo sostenible y equitativo y a la gesti\u00f3n<br \/>adecuada del medio ambiente.<\/li>\n\n\n\n<li>Reconociendo que las crisis actuales e interrelacionadas de p\u00e9rdida de<br \/>biodiversidad, cambio clim\u00e1tico, contaminaci\u00f3n y degradaci\u00f3n de tierras y<br \/>mares han afectado negativamente a m\u00faltiples derechos humanos y han<br \/>aumentado la desigualdad y la pobreza en aspectos como el derecho a la<br \/>vida, a la salud, al agua, al saneamiento, a la alimentaci\u00f3n, al vestido y a<br \/>la vivienda, al desarrollo, a la educaci\u00f3n, a la reuni\u00f3n pac\u00edfica, a los<br \/>derechos culturales, as\u00ed como el derecho a vivir en un medio ambiente<br \/>sano, limpio y sostenible.<\/li>\n\n\n\n<li>Reconociendo que el enfoque \u00abUna Salud\u00bb se basa en la comprensi\u00f3n<br \/>de la relaci\u00f3n inseparable entre los ecosistemas sanos y la salud de las<br \/>personas y, por lo tanto, crea soluciones sostenibles y hol\u00edsticas.<\/li>\n\n\n\n<li>Destacando que las interconexiones entre las tres Convenciones de<br \/>R\u00edo sobre biodiversidad, cambio clim\u00e1tico y desertificaci\u00f3n deben ser<br \/>siempre consideradas, para asegurar acciones y medidas m\u00e1s eficientes<br \/>y efectivas para cumplir sus principios y alcanzar sus objetivos, en l\u00ednea<br \/>con los respectivos mandatos.<\/li>\n\n\n\n<li>Reconociendo que los efectos adversos de la p\u00e9rdida de biodiversidad,<br \/>el cambio clim\u00e1tico, la desertificaci\u00f3n y la contaminaci\u00f3n afectan de<br \/>manera desproporcionada a los ni\u00f1os, mujeres, ni\u00f1as y adolescentes y<br \/>j\u00f3venes; a las personas que viven en la pobreza, a las minor\u00edas, a las<br \/>personas mayores; a los grupos marginados racial y \u00e9tnicamente; a los<br \/>pueblos ind\u00edgenas, afrodescendientes y comunidades locales; a las<br \/>Ministerio de Relaciones Exteriores<br \/>Rep\u00fablica de Colombia P\u00e1gina 3 de 5<br \/>personas con discapacidad, migrantes y desplazados internos, LGBTI y<br \/>otros grupos en situaci\u00f3n de vulnerabilidad.<\/li>\n\n\n\n<li>Reconociendo que todas las mujeres, ni\u00f1as y j\u00f3venes en diversas<br \/>situaciones y condiciones juegan un papel fundamental como agentes de<br \/>cambio a favor del desarrollo sostenible y de las prioridades de paz y<br \/>naturaleza.<\/li>\n\n\n\n<li>Reconociendo que la participaci\u00f3n plena, equitativa, efectiva y<br \/>significativa de las mujeres y la inclusi\u00f3n significativa de los j\u00f3venes en el<br \/>abordaje de los desaf\u00edos ambientales globales es esencial para lograr el<br \/>desarrollo sostenible y para sociedades pac\u00edficas, justas e inclusivas.<\/li>\n\n\n\n<li>Reconociendo que los conocimientos, innovaciones y pr\u00e1cticas de los<br \/>Pueblos Ind\u00edgenas, Afrodescendientes, campesinos, agricultores y<br \/>comunidades locales que encarnan estilos de vida tradicionales, son<br \/>esenciales para la conservaci\u00f3n y el uso sostenible de la diversidad<br \/>biol\u00f3gica, y reconociendo tambi\u00e9n la importancia de promover su amplia<br \/>aplicaci\u00f3n con la aprobaci\u00f3n y participaci\u00f3n de sus poseedores; as\u00ed como<br \/>la necesidad de compartir pronta, justa y equitativamente los beneficios<br \/>derivados de la utilizaci\u00f3n de dichos conocimientos, innovaciones y<br \/>pr\u00e1cticas tradicionales asociados a los recursos gen\u00e9ticos.<\/li>\n\n\n\n<li>Considerando que la educaci\u00f3n para el desarrollo sostenible debe<br \/>estar en el centro de las agendas gubernamentales y educativas de todo<br \/>el mundo para concienciar sobre la urgente necesidad de actuar y hacer<br \/>frente a la p\u00e9rdida de biodiversidad, el cambio clim\u00e1tico, la desertificaci\u00f3n<br \/>y la contaminaci\u00f3n, y promover modelos de producci\u00f3n y consumo<br \/>sostenibles. En este contexto, subrayamos el papel clave del mundo<br \/>acad\u00e9mico y de la investigaci\u00f3n cient\u00edfica para contribuir a hacer frente a<br \/>estas crisis.<br \/>Ministerio de Relaciones Exteriores<br \/>Rep\u00fablica de Colombia P\u00e1gina 4 de 5<\/li>\n\n\n\n<li>Recordando el impacto negativo de la deforestaci\u00f3n y la degradaci\u00f3n<br \/>de los bosques sobre la biodiversidad, y la necesidad de detenerlo y<br \/>revertirlo.<\/li>\n\n\n\n<li>Reconociendo que no puede haber desarrollo sostenible sin paz, ni<br \/>paz sin desarrollo sostenible.<\/li>\n\n\n\n<li>Reconocer el v\u00ednculo entre la protecci\u00f3n del medio ambiente y la<br \/>promoci\u00f3n y construcci\u00f3n de la paz. Alcanzar la paz con la naturaleza<br \/>requiere hacer la paz entre los pueblos, respetar el derecho internacional<br \/>y centrar los esfuerzos en la conservaci\u00f3n, el uso sostenible y la<br \/>restauraci\u00f3n de la vida en nuestro planeta.<\/li>\n\n\n\n<li>Reiterar la importancia del debido respeto y la observancia del<br \/>derecho internacional como barrera crucial contra las acciones que<br \/>amenazan la vida de los seres humanos y la propia naturaleza.<br \/>En consecuencia,<\/li>\n\n\n\n<li>Hacemos un llamado a cambiar la relaci\u00f3n entre los seres humanos y<br \/>la naturaleza para abordar los desaf\u00edos ambientales de manera integral,<br \/>y hacer la paz con la naturaleza.<\/li>\n\n\n\n<li>Reafirmamos la importancia de la Visi\u00f3n, Misi\u00f3n, Objetivos y Metas<br \/>del Marco Global de Biodiversidad de Kunming-Montreal y de su r\u00e1pida,<br \/>plena y efectiva implementaci\u00f3n, que debe seguir un enfoque basado en<br \/>los derechos humanos.<\/li>\n\n\n\n<li>Hacemos un llamamiento para que la sostenibilidad vaya siempre<br \/>acompa\u00f1ada de justicia social y medioambiental, erradicaci\u00f3n de la<br \/>pobreza, aumento de la equidad, gobernanza medioambiental inclusiva e<br \/>informada; garantizando la participaci\u00f3n plena, equitativa, inclusiva y<br \/>efectiva en los procesos de toma de decisiones de las comunidades<br \/>afectadas.<br \/>Ministerio de Relaciones Exteriores<br \/>Rep\u00fablica de Colombia P\u00e1gina 5 de 5<\/li>\n\n\n\n<li>Hacemos un llamado al desarrollo de pol\u00edticas p\u00fablicas para fortalecer<br \/>el capital institucional y humano, la gobernabilidad, el di\u00e1logo intercultural,<br \/>las capacidades t\u00e9cnicas y el financiamiento adecuado para lograr una<br \/>relaci\u00f3n equilibrada y arm\u00f3nica con la naturaleza.<\/li>\n\n\n\n<li>Nos comprometemos a promover la consolidaci\u00f3n, el fortalecimiento<br \/>y la creaci\u00f3n de alianzas entre pa\u00edses, regiones, sectores y pueblos, as\u00ed<br \/>como a mejorar la cooperaci\u00f3n y la solidaridad internacionales,<br \/>incrementando la asistencia a los pa\u00edses en desarrollo para la<br \/>biodiversidad,incluyendo la financiera, la transferencia de tecnolog\u00eda y el<br \/>desarrollo de capacidades.<\/li>\n\n\n\n<li>Nos comprometemos a realizar esfuerzos para movilizar a todo el<br \/>gobierno y a toda la sociedad, empoderando la acci\u00f3n local, ya que de<br \/>esta fuente proviene el poder de esta coalici\u00f3n, con el potencial de ser<br \/>alcanzada y movilizar a miles de millones para desencadenar la acci\u00f3n<br \/>colectiva para el cambio.<br \/>Estos esfuerzos son fundamentales para revertir el deterioro ambiental y<br \/>lograr la paz con la naturaleza, viviendo bien en equilibrio y armon\u00eda con<br \/>la Madre Tierra.<br \/>Santiago de Cali, Colombia, 29 de octubre de 2024<\/li>\n<\/ol>\n","protected":false},"excerpt":{"rendered":"<p>Cali, 28 de octubre de 2024 \u2013 \u2018Paz con la Naturaleza\u2019 \u2013&nbsp;Como pre\u00e1mbulo a la llegada de presidentes y ministros de m\u00e1s de 170 pa\u00edses del mundo a la COP16 de biodiversidad, la ministra de Ambiente de Colombia, Susana Muhamad y el canciller, Luis Gilberto Murillo lanzaron un movimiento global&nbsp;para que la ciudadan\u00eda pueda adherirse [&hellip;]<\/p>\n","protected":false},"author":1,"featured_media":174833,"comment_status":"closed","ping_status":"closed","sticky":false,"template":"","format":"standard","meta":{"_acf_changed":false,"_jetpack_memberships_contains_paid_content":false,"footnotes":"","jetpack_publicize_message":"","jetpack_publicize_feature_enabled":true,"jetpack_social_post_already_shared":true,"jetpack_social_options":{"image_generator_settings":{"template":"highway","default_image_id":0,"font":"","enabled":false},"version":2}},"categories":[6],"tags":[],"class_list":["post-174832","post","type-post","status-publish","format-standard","has-post-thumbnail","hentry","category-ecologia"],"acf":[],"jetpack_publicize_connections":[],"jetpack_featured_media_url":"https:\/\/i0.wp.com\/sportseco.com\/wp-content\/uploads\/2024\/10\/COP16-Movimiento-Global-Paz-con-la-Naturaleza-800x400-1.jpg?fit=800%2C400&ssl=1","jetpack_sharing_enabled":true,"_links":{"self":[{"href":"https:\/\/sportseco.com\/index.php?rest_route=\/wp\/v2\/posts\/174832","targetHints":{"allow":["GET"]}}],"collection":[{"href":"https:\/\/sportseco.com\/index.php?rest_route=\/wp\/v2\/posts"}],"about":[{"href":"https:\/\/sportseco.com\/index.php?rest_route=\/wp\/v2\/types\/post"}],"author":[{"embeddable":true,"href":"https:\/\/sportseco.com\/index.php?rest_route=\/wp\/v2\/users\/1"}],"replies":[{"embeddable":true,"href":"https:\/\/sportseco.com\/index.php?rest_route=%2Fwp%2Fv2%2Fcomments&post=174832"}],"version-history":[{"count":1,"href":"https:\/\/sportseco.com\/index.php?rest_route=\/wp\/v2\/posts\/174832\/revisions"}],"predecessor-version":[{"id":174834,"href":"https:\/\/sportseco.com\/index.php?rest_route=\/wp\/v2\/posts\/174832\/revisions\/174834"}],"wp:featuredmedia":[{"embeddable":true,"href":"https:\/\/sportseco.com\/index.php?rest_route=\/wp\/v2\/media\/174833"}],"wp:attachment":[{"href":"https:\/\/sportseco.com\/index.php?rest_route=%2Fwp%2Fv2%2Fmedia&parent=174832"}],"wp:term":[{"taxonomy":"category","embeddable":true,"href":"https:\/\/sportseco.com\/index.php?rest_route=%2Fwp%2Fv2%2Fcategories&post=174832"},{"taxonomy":"post_tag","embeddable":true,"href":"https:\/\/sportseco.com\/index.php?rest_route=%2Fwp%2Fv2%2Ftags&post=174832"}],"curies":[{"name":"wp","href":"https:\/\/api.w.org\/{rel}","templated":true}]}}